{"id":570387,"date":"2025-12-01T06:34:12","date_gmt":"2025-12-01T06:34:12","guid":{"rendered":"https:\/\/www.europesays.com\/fr\/570387\/"},"modified":"2025-12-01T06:34:12","modified_gmt":"2025-12-01T06:34:12","slug":"vous-pensiez-que-19-c-etait-la-bonne-temperature-a-la-maison-les-specialistes-disent-maintenant-le-contraire","status":"publish","type":"post","link":"https:\/\/www.europesays.com\/fr\/570387\/","title":{"rendered":"Vous pensiez que 19 \u00b0C \u00e9tait la bonne temp\u00e9rature \u00e0 la maison ? Les sp\u00e9cialistes disent maintenant le contraire"},"content":{"rendered":"<p>Pendant des d\u00e9cennies, on a r\u00e9p\u00e9t\u00e9 que <strong>19 \u00b0C<\/strong><br \/>\nrepr\u00e9sentait la temp\u00e9rature id\u00e9ale pour <a href=\"https:\/\/www.grazia.fr\/lifestyle\/plus-besoin-de-baisser-le-chauffage-les-petits-gestes-les-plus-malins-a-adopter-pour-reduire-considerablement-sa-facture-delectricite-1201202.html\" target=\"_blank\" rel=\"noopener\"><br \/>\nchauffer un int\u00e9rieur.<\/a> Une consigne devenue presque un dogme,<br \/>\nh\u00e9rit\u00e9e des ann\u00e9es 1970 et pens\u00e9e avant tout pour limiter les<br \/>\nd\u00e9penses \u00e9nerg\u00e9tiques. Sauf qu\u2019aujourd\u2019hui, les sp\u00e9cialistes de<br \/>\nl\u2019efficacit\u00e9 \u00e9nerg\u00e9tique sont unanimes : ce chiffre ne correspond<br \/>\nplus aux besoins r\u00e9els des logements modernes.<\/p>\n<p>Mais cette temp\u00e9rature \u00e9tait avant tout un compromis \u00e9conomique<br \/>\net n\u2019a jamais \u00e9t\u00e9 d\u00e9finie comme la meilleure option pour le confort<br \/>\nthermique. \u00c0 l\u2019\u00e9poque, les habitations perdaient \u00e9norm\u00e9ment de<br \/>\nchaleur et les performances d\u2019isolation n\u2019avaient rien \u00e0 voir avec<br \/>\ncelles d\u2019aujourd\u2019hui. Nos logements actuels, <strong>mieux<br \/>\nisol\u00e9s,<\/strong> mieux ventil\u00e9s et con\u00e7us pour limiter les<br \/>\nd\u00e9perditions, n\u00e9cessitent une approche beaucoup plus nuanc\u00e9e.<\/p>\n<p>Exit les 19 degr\u00e9s, voici la temp\u00e9rature id\u00e9ale pour votre<br \/>\nint\u00e9rieur<\/p>\n<p>Les experts estiment d\u00e9sormais qu\u2019une temp\u00e9rature l\u00e9g\u00e8rement<br \/>\nplus \u00e9lev\u00e9e dans les pi\u00e8ces o\u00f9 l\u2019on vit le plus, <strong>environ 20<br \/>\n\u00b0C<\/strong>, correspond davantage \u00e0 notre quotidien, notamment pour<br \/>\nceux qui travaillent \u00e0 domicile et restent assis pendant de longues<br \/>\nheures. <a href=\"https:\/\/www.grazia.fr\/lifestyle\/23-degres-en-plein-hiver-cette-astuce-permet-davoir-chaud-chez-soi-sans-allumer-le-chauffage-1196271.html\" target=\"_blank\" rel=\"noopener\"><br \/>\nUn simple degr\u00e9<\/a> de plus am\u00e9liore imm\u00e9diatement la sensation de<br \/>\nbien-\u00eatre, tout en limitant un ph\u00e9nom\u00e8ne encore trop fr\u00e9quent dans<br \/>\nles logements mal r\u00e9gl\u00e9s : la condensation sur les murs et les<br \/>\nfen\u00eatres.<\/p>\n<p>Or, cette condensation est souvent \u00e0 l\u2019origine de moisissures<br \/>\nquand l\u2019air est humide et que les pi\u00e8ces sont insuffisamment<br \/>\nchauff\u00e9es. Chauffer l\u2019ensemble du logement \u00e0 la m\u00eame temp\u00e9rature<br \/>\nn\u2019a plus vraiment de sens. Les sp\u00e9cialistes recommandent une<br \/>\n<strong>r\u00e9gulation plus intelligente<\/strong> et adapt\u00e9e \u00e0 l\u2019usage<br \/>\nde chaque pi\u00e8ce. Les espaces o\u00f9 l\u2019on reste longtemps demandent un<br \/>\npeu plus de chaleur, tandis que les chambres doivent rester plus<br \/>\nfra\u00eeches pour favoriser un sommeil profond.<\/p>\n<p>Comment bien chauffer son appartement<br \/>\n?<\/p>\n<p>La salle de bain m\u00e9rite davantage de degr\u00e9s pour \u00e9viter<br \/>\nl\u2019inconfort en sortant de la douche, alors que les couloirs peuvent<br \/>\nrester plus temp\u00e9r\u00e9s puisqu\u2019on n\u2019y passe que quelques secondes.<br \/>\nCette mani\u00e8re de <a href=\"https:\/\/www.grazia.fr\/lifestyle\/les-11-pires-erreurs-que-font-80-des-foyers-et-qui-font-exploser-la-facture-de-chauffage-en-hiver-1199772.html\" target=\"_blank\" rel=\"noopener\"><br \/>\ng\u00e9rer le chauffage<\/a> r\u00e9pond non seulement \u00e0 des crit\u00e8res de<br \/>\nconfort, mais permet aussi d\u2019\u00e9viter les d\u00e9penses superflues.<br \/>\nL\u2019\u00e9volution technologique joue \u00e9galement un r\u00f4le cl\u00e9. Avec les<br \/>\nthermostats connect\u00e9s, chacun peut d\u00e9sormais programmer les<br \/>\ntemp\u00e9ratures selon le rythme de la maison. Ces appareils analysent<br \/>\nles habitudes, ajustent automatiquement la chaleur et \u00e9vitent les<br \/>\nheures de surchauffe inutiles.<\/p>\n<p>Certains foyers constatent jusqu\u2019\u00e0 <strong>15 %<br \/>\nd\u2019\u00e9conomies<\/strong> rien qu\u2019en adoptant cette gestion plus fine,<br \/>\nsans jamais sacrifier leur confort. En r\u00e9alit\u00e9, l\u2019id\u00e9e d\u2019une<br \/>\ntemp\u00e9rature unique parfaite appartient au pass\u00e9. Les logements<br \/>\nmodernes r\u00e9clament une approche personnalis\u00e9e, qui tient compte de<br \/>\nl\u2019isolation, de l\u2019humidit\u00e9, du style de vie, du temps pass\u00e9 dans<br \/>\nchaque pi\u00e8ce et m\u00eame des v\u00eatements que l\u2019on porte. Le chauffage du<br \/>\nfutur n\u2019est plus une consigne fig\u00e9e, mais une gestion intelligente,<br \/>\nadapt\u00e9e et responsable, o\u00f9 l\u2019on concilie bien-\u00eatre, \u00e9conomies et<br \/>\nsobri\u00e9t\u00e9 \u00e9nerg\u00e9tique.<\/p>\n","protected":false},"excerpt":{"rendered":"Pendant des d\u00e9cennies, on a r\u00e9p\u00e9t\u00e9 que 19 \u00b0C repr\u00e9sentait la temp\u00e9rature id\u00e9ale pour chauffer un int\u00e9rieur. Une&hellip;\n","protected":false},"author":2,"featured_media":570388,"comment_status":"","ping_status":"","sticky":false,"template":"","format":"standard","meta":{"footnotes":""},"categories":[6],"tags":[11015,930,5185,13041,11690,35,68568,11352,33,34,8485,1011,27,4743,151,43926,2142,68567,746,5339,2648,4568],"class_list":{"0":"post-570387","1":"post","2":"type-post","3":"status-publish","4":"format-standard","5":"has-post-thumbnail","7":"category-economie","8":"tag-c","9":"tag-le","10":"tag-5185","11":"tag-a","12":"tag-bonne","13":"tag-business","14":"tag-contraire","15":"tag-disent","16":"tag-economie","17":"tag-economy","18":"tag-etait","19":"tag-fr","20":"tag-france","21":"tag-la","22":"tag-les","23":"tag-maintenant","24":"tag-maison","25":"tag-pensiez","26":"tag-que","27":"tag-specialistes","28":"tag-temperature","29":"tag-vous"},"share_on_mastodon":{"url":"https:\/\/pubeurope.com\/@fr\/115642922769576979","error":""},"_links":{"self":[{"href":"https:\/\/www.europesays.com\/fr\/wp-json\/wp\/v2\/posts\/570387","targetHints":{"allow":["GET"]}}],"collection":[{"href":"https:\/\/www.europesays.com\/fr\/wp-json\/wp\/v2\/posts"}],"about":[{"href":"https:\/\/www.europesays.com\/fr\/wp-json\/wp\/v2\/types\/post"}],"author":[{"embeddable":true,"href":"https:\/\/www.europesays.com\/fr\/wp-json\/wp\/v2\/users\/2"}],"replies":[{"embeddable":true,"href":"https:\/\/www.europesays.com\/fr\/wp-json\/wp\/v2\/comments?post=570387"}],"version-history":[{"count":0,"href":"https:\/\/www.europesays.com\/fr\/wp-json\/wp\/v2\/posts\/570387\/revisions"}],"wp:featuredmedia":[{"embeddable":true,"href":"https:\/\/www.europesays.com\/fr\/wp-json\/wp\/v2\/media\/570388"}],"wp:attachment":[{"href":"https:\/\/www.europesays.com\/fr\/wp-json\/wp\/v2\/media?parent=570387"}],"wp:term":[{"taxonomy":"category","embeddable":true,"href":"https:\/\/www.europesays.com\/fr\/wp-json\/wp\/v2\/categories?post=570387"},{"taxonomy":"post_tag","embeddable":true,"href":"https:\/\/www.europesays.com\/fr\/wp-json\/wp\/v2\/tags?post=570387"}],"curies":[{"name":"wp","href":"https:\/\/api.w.org\/{rel}","templated":true}]}}