{"id":570393,"date":"2025-12-01T06:38:14","date_gmt":"2025-12-01T06:38:14","guid":{"rendered":"https:\/\/www.europesays.com\/fr\/570393\/"},"modified":"2025-12-01T06:38:14","modified_gmt":"2025-12-01T06:38:14","slug":"les-condamnations-tombent-ce-lundi-suivez-cette-journee-decisive-pour-saint-etienne","status":"publish","type":"post","link":"https:\/\/www.europesays.com\/fr\/570393\/","title":{"rendered":"les condamnations tombent ce lundi, suivez cette journ\u00e9e d\u00e9cisive pour Saint-\u00c9tienne"},"content":{"rendered":"<p>Le 26 ao\u00fbt 2022, Mediapart r\u00e9v\u00e9lait l&rsquo;existence d&rsquo;une vid\u00e9o intime impliquant <a href=\"https:\/\/www.leprogres.fr\/p\/gilles-artigues\" target=\"_blank\" rel=\"noopener\">Gilles Artigues<\/a>, ex-premier adjoint \u00e0 la mairie de Saint-\u00c9tienne. Cette affaire empoisonne la vie politique st\u00e9phanoise depuis plus de trois ans.<\/p>\n<p>D&rsquo;apr\u00e8s l&rsquo;enqu\u00eate, Gilles Artigues aurait \u00e9t\u00e9 film\u00e9 \u00e0 son insu, le 5 janvier 2015, dans une chambre d&rsquo;h\u00f4tel \u00e0 Paris, en compagnie d&rsquo;un escort-boy. Le but aurait \u00e9t\u00e9 de le faire ensuite chanter pour neutraliser son influence. L&rsquo;op\u00e9ration pourrait avoir \u00e9t\u00e9 financ\u00e9e par de l&rsquo;argent public, d\u00e9tourn\u00e9 via des subventions accord\u00e9es \u00e0 des associations.<\/p>\n<p>Le maire, <a href=\"https:\/\/www.leprogres.fr\/p\/gael-perdriau\" target=\"_blank\" rel=\"noopener\">Ga\u00ebl Perdriau<\/a>, son directeur de cabinet de l&rsquo;\u00e9poque, <a href=\"https:\/\/www.leprogres.fr\/p\/pierre-gauttieri\" target=\"_blank\" rel=\"noopener\">Pierre Gauttieri<\/a>, et son ex-adjoint \u00e0 l&rsquo;\u00e9ducation, <a href=\"https:\/\/www.leprogres.fr\/p\/samy-kefi-jerome\" target=\"_blank\" rel=\"noopener\">Samy K\u00e9fi-J\u00e9r\u00f4me<\/a>, sont tous soup\u00e7onn\u00e9s d&rsquo;avoir \u00e9labor\u00e9 ou, tout du moins, particip\u00e9 \u00e0 cette machination, tout comme <a href=\"https:\/\/www.leprogres.fr\/p\/gilles-rossary-lenglet\" target=\"_blank\" rel=\"noopener\">Gilles Rossary-Lenglet<\/a>, celui par lequel l&rsquo;affaire a \u00e9t\u00e9 d\u00e9voil\u00e9e au grand jour.<\/p>\n<p>Apr\u00e8s trois ans de rebondissements, ces quatre hommes ont comparu du 22 au 30 septembre, au nouveau palais de justice de Lyon, pour chantage, complicit\u00e9 de chantage, association de malfaiteurs et d\u00e9tournement de fonds publics.<\/p>\n<p>Quatre responsables d&rsquo;association (<a href=\"https:\/\/www.leprogres.fr\/p\/agap\" target=\"_blank\" rel=\"noopener\">Agap<\/a> et France-Lettonie) ont \u00e9galement d\u00fb s&rsquo;expliquer \u00e0 la barre.<\/p>\n<p>L&rsquo;essentiel de l&rsquo;affaire en deux clics<\/p>\n<p>\u231aChronologie : <a href=\"https:\/\/www.leprogres.fr\/politique\/2025\/09\/18\/video-intime-chantage-revelations-proces-10-dates-pour-comprendre-l-affaire-perdriau\" target=\"_blank\" rel=\"noopener\">Dix dates pour comprendre l&rsquo;affaire de la sextape<\/a><\/p>\n<p>\ud83d\udc65 Protagonistes : <a href=\"https:\/\/www.leprogres.fr\/faits-divers-justice\/2025\/09\/19\/qui-sont-les-personnages-clefs-de-l-affaire-du-chantage-a-la-video-intime\" target=\"_blank\" rel=\"noopener\">Les personnages clefs de l&rsquo;affaire<\/a><\/p>\n","protected":false},"excerpt":{"rendered":"Le 26 ao\u00fbt 2022, Mediapart r\u00e9v\u00e9lait l&rsquo;existence d&rsquo;une vid\u00e9o intime impliquant Gilles Artigues, ex-premier adjoint \u00e0 la mairie&hellip;\n","protected":false},"author":2,"featured_media":570394,"comment_status":"","ping_status":"","sticky":false,"template":"","format":"standard","meta":{"footnotes":""},"categories":[9653],"tags":[1111,11,42797,2430,271,272,7539,1777,674,274,107,1011,27,3367,12,316,25,4001],"class_list":{"0":"post-570393","1":"post","2":"type-post","3":"status-publish","4":"format-standard","5":"has-post-thumbnail","7":"category-saint-etienne","8":"tag-actu","9":"tag-actualites","10":"tag-affaire-perdriau","11":"tag-auvergne-rhone-alpes","12":"tag-crime","13":"tag-delit-et-contravention","14":"tag-edition-loire-sud","15":"tag-eu","16":"tag-europe","17":"tag-faits-divers-justice","18":"tag-fil-info","19":"tag-fr","20":"tag-france","21":"tag-loire","22":"tag-news","23":"tag-politique","24":"tag-republique-francaise","25":"tag-saint-etienne"},"share_on_mastodon":{"url":"https:\/\/pubeurope.com\/@fr\/115642938437887143","error":""},"_links":{"self":[{"href":"https:\/\/www.europesays.com\/fr\/wp-json\/wp\/v2\/posts\/570393","targetHints":{"allow":["GET"]}}],"collection":[{"href":"https:\/\/www.europesays.com\/fr\/wp-json\/wp\/v2\/posts"}],"about":[{"href":"https:\/\/www.europesays.com\/fr\/wp-json\/wp\/v2\/types\/post"}],"author":[{"embeddable":true,"href":"https:\/\/www.europesays.com\/fr\/wp-json\/wp\/v2\/users\/2"}],"replies":[{"embeddable":true,"href":"https:\/\/www.europesays.com\/fr\/wp-json\/wp\/v2\/comments?post=570393"}],"version-history":[{"count":0,"href":"https:\/\/www.europesays.com\/fr\/wp-json\/wp\/v2\/posts\/570393\/revisions"}],"wp:featuredmedia":[{"embeddable":true,"href":"https:\/\/www.europesays.com\/fr\/wp-json\/wp\/v2\/media\/570394"}],"wp:attachment":[{"href":"https:\/\/www.europesays.com\/fr\/wp-json\/wp\/v2\/media?parent=570393"}],"wp:term":[{"taxonomy":"category","embeddable":true,"href":"https:\/\/www.europesays.com\/fr\/wp-json\/wp\/v2\/categories?post=570393"},{"taxonomy":"post_tag","embeddable":true,"href":"https:\/\/www.europesays.com\/fr\/wp-json\/wp\/v2\/tags?post=570393"}],"curies":[{"name":"wp","href":"https:\/\/api.w.org\/{rel}","templated":true}]}}