{"id":570399,"date":"2025-12-01T06:46:22","date_gmt":"2025-12-01T06:46:22","guid":{"rendered":"https:\/\/www.europesays.com\/fr\/570399\/"},"modified":"2025-12-01T06:46:22","modified_gmt":"2025-12-01T06:46:22","slug":"edinburgh-toulon-decouvrez-les-arbitres-de-la-rencontre","status":"publish","type":"post","link":"https:\/\/www.europesays.com\/fr\/570399\/","title":{"rendered":"Edinburgh \u2013 Toulon : D\u00e9couvrez les arbitres de la rencontre !"},"content":{"rendered":"<p>Dimanche en fin d\u2019apr\u00e8s-midi, le Rugby Club Toulonnaisse d\u00e9placera en Ecosse pour d\u00e9fier Edinburgh Rugby dans le cadre de la premi\u00e8re journ\u00e9e de Champions Cup.<\/p>\n<p>Les arbitres qui dirigeront cette rencontre sont d\u00e9j\u00e0 connus.<\/p>\n<p>Ainsi, c\u2019est l\u2019arbitre international Monsieur Matthew Carley (Angleterre) qui sera au sifflet.<\/p>\n<p>Il sera assist\u00e9 par Madame Sara Cox (Angleterre) et par Monsieur Greg MacDonald (Angleterre).<\/p>\n<p>Enfin, l\u2019arbitre vid\u00e9o sera Monsieur Daniel Jones (Angleterre).<\/p>\n<p>Le match sera diffus\u00e9 en direct sur BeIn Sports 1 \u00e0 partir de 18h30 ce dimanche 7 d\u00e9cembre.<\/p>\n","protected":false},"excerpt":{"rendered":"Dimanche en fin d\u2019apr\u00e8s-midi, le Rugby Club Toulonnaisse d\u00e9placera en Ecosse pour d\u00e9fier Edinburgh Rugby dans le cadre&hellip;\n","protected":false},"author":2,"featured_media":570400,"comment_status":"","ping_status":"","sticky":false,"template":"","format":"standard","meta":{"footnotes":""},"categories":[9619],"tags":[1111,11,1777,674,1011,27,12,882,25,2310],"class_list":{"0":"post-570399","1":"post","2":"type-post","3":"status-publish","4":"format-standard","5":"has-post-thumbnail","7":"category-toulon","8":"tag-actu","9":"tag-actualites","10":"tag-eu","11":"tag-europe","12":"tag-fr","13":"tag-france","14":"tag-news","15":"tag-provence-alpes-cote-dazur","16":"tag-republique-francaise","17":"tag-toulon"},"share_on_mastodon":{"url":"https:\/\/pubeurope.com\/@fr\/115642969800574439","error":""},"_links":{"self":[{"href":"https:\/\/www.europesays.com\/fr\/wp-json\/wp\/v2\/posts\/570399","targetHints":{"allow":["GET"]}}],"collection":[{"href":"https:\/\/www.europesays.com\/fr\/wp-json\/wp\/v2\/posts"}],"about":[{"href":"https:\/\/www.europesays.com\/fr\/wp-json\/wp\/v2\/types\/post"}],"author":[{"embeddable":true,"href":"https:\/\/www.europesays.com\/fr\/wp-json\/wp\/v2\/users\/2"}],"replies":[{"embeddable":true,"href":"https:\/\/www.europesays.com\/fr\/wp-json\/wp\/v2\/comments?post=570399"}],"version-history":[{"count":0,"href":"https:\/\/www.europesays.com\/fr\/wp-json\/wp\/v2\/posts\/570399\/revisions"}],"wp:featuredmedia":[{"embeddable":true,"href":"https:\/\/www.europesays.com\/fr\/wp-json\/wp\/v2\/media\/570400"}],"wp:attachment":[{"href":"https:\/\/www.europesays.com\/fr\/wp-json\/wp\/v2\/media?parent=570399"}],"wp:term":[{"taxonomy":"category","embeddable":true,"href":"https:\/\/www.europesays.com\/fr\/wp-json\/wp\/v2\/categories?post=570399"},{"taxonomy":"post_tag","embeddable":true,"href":"https:\/\/www.europesays.com\/fr\/wp-json\/wp\/v2\/tags?post=570399"}],"curies":[{"name":"wp","href":"https:\/\/api.w.org\/{rel}","templated":true}]}}