{"id":570405,"date":"2025-12-01T06:53:38","date_gmt":"2025-12-01T06:53:38","guid":{"rendered":"https:\/\/www.europesays.com\/fr\/570405\/"},"modified":"2025-12-01T06:53:38","modified_gmt":"2025-12-01T06:53:38","slug":"dans-cette-ecole-pres-de-rouen-un-arbre-a-calins-a-ete-plante-et-les-eleves-laiment-deja","status":"publish","type":"post","link":"https:\/\/www.europesays.com\/fr\/570405\/","title":{"rendered":"Dans cette \u00e9cole pr\u00e8s de Rouen, un arbre \u00e0 c\u00e2lins a \u00e9t\u00e9 plant\u00e9 et les \u00e9l\u00e8ves l&rsquo;aiment d\u00e9j\u00e0"},"content":{"rendered":"<p>                    Par<br \/>\n        <strong><br \/>\n            <a href=\"https:\/\/actu.fr\/auteur\/isabellevilly\" title=\"Consulter tous les articles de Isabelle Villy\" target=\"_blank\" rel=\"noopener\">Isabelle Villy<\/a><br \/>\n                    <\/strong><\/p>\n<p>        Publi\u00e9 le<\/p>\n<p>            1 d\u00e9c. 2025 \u00e0 7h00        <\/p>\n<p>Juste avant la rentr\u00e9e scolaire, en septembre dernier, la Ville de Darn\u00e9tal, pr\u00e8s de Rouen, avait pr\u00e9sent\u00e9 le gros chantier de v\u00e9g\u00e9talisation r\u00e9alis\u00e9 dans la cour de l\u2019\u00e9cole Marcel-Pagnol. Les \u00e9lus avaient alors annonc\u00e9 <strong>qu\u2019un arbre \u00e0 c\u00e2lins serait plant\u00e9<\/strong> un peu plus tard dans la saison : c\u2019est d\u00e9sormais chose faite ! Il y a quelques jours, le maire Christopher Langlois et Samuel Leroux, responsable du cadre de vie de la ville, ont enracin\u00e9 cet arbre dans la cour : <strong>quelques \u00e9coliers<\/strong> qui ont particip\u00e9 au projet de r\u00e9am\u00e9nagement de la cour d\u2019\u00e9cole \u00e9taient pr\u00e9sents pour l\u2019occasion.<\/p>\n<p>C\u2019est quoi un arbre \u00e0 c\u00e2lins ?<\/p>\n<p class=\" wall-content\">Le maire et Samuel Leroux ont ensuite fourni quelques explications tr\u00e8s p\u00e9dagogiques aux enfants sur l\u2019arbre \u00e0 c\u00e2lins. \u00ab C\u2019est un sp\u00e9cimen de Phellodendron amurense, qu\u2019on appelle aussi arbre au li\u00e8ge de l\u2019Amour \u00bb, a indiqu\u00e9 le sp\u00e9cialiste en esp\u00e8ces v\u00e9g\u00e9tales de la ville.<\/p>\n<p class=\" wall-content\">Originaire du Nord Est de l\u2019Asie, dans le bassin du fleuve Amour en Mandchourie, l\u2019arbre \u00e0 c\u00e2lins est une esp\u00e8ce rustique, qui peut supporter des temp\u00e9ratures avoisinant les moins 25\u00a0\u00b0C. Il peut atteindre quinze m\u00e8tres de hauteur \u00e0 sa taille adulte. Ses feuilles d\u00e9gagent une odeur de t\u00e9r\u00e9benthine quand elles sont froiss\u00e9es et prennent une teinte jaune dor\u00e9 quand arrive l\u2019automne.<\/p>\n<p class=\" wall-content\">\u00ab Cet arbre a un usage paysager et bien-\u00eatre : son \u00e9corce peut devenir li\u00e9geuse. Cette esp\u00e8ce est mise en valeur pour sa silhouette et ses vertus de connexion \u00e0 la nature \u00bb, a assur\u00e9 Samuel Leroux.<\/p>\n<p>    <img   decoding=\"async\" loading=\"lazy\" class=\"size-large\" src=\"https:\/\/www.europesays.com\/fr\/wp-content\/uploads\/2025\/12\/5cb51042fa196a0c51042fa1984c51v-768x640.jpg\" alt=\"Darn\u00e9tal arbre \u00e0 c\u00e2lins\" width=\"768\" height=\"640\"\/><br \/>\n    L\u2019arbre \u00e0 c\u00e2lins a re\u00e7u ses premiers enlacements par les enfants.\u00a0 \u00a9Ville de Darn\u00e9tal<\/p>\n<p class=\" wall-content\">Apr\u00e8s ces explications et la plantation de l\u2019arbre, celui-ci a re\u00e7u ses premiers c\u00e2lins, premiers d\u2019une longue s\u00e9rie, de la part des enfants. Gageons que ces derniers transmettront aux autres \u00e9coliers, tous les bienfaits procur\u00e9s par le fait d\u2019enlacer un arbre et nul doute que les enfants regarderont grandir avec attention, au fil des mois et des ann\u00e9es, l\u2019arbre \u00e0 c\u00e2lins de leur cour d\u2019\u00e9cole.<\/p>\n<p>Suivez l\u2019actualit\u00e9 de Rouen <a href=\"https:\/\/www.whatsapp.com\/channel\/0029VaKfnf99hXF2ddApFB1D\" target=\"_blank\" rel=\"noopener\">sur notre cha\u00eene WhatsApp<\/a> et <a href=\"https:\/\/www.tiktok.com\/@76actu.fr?lang=fr\" target=\"_blank\" rel=\"noopener\">sur notre compte TikTok<\/a><\/p>\n<p class=\" wall-content\">Personnalisez votre actualit\u00e9 en ajoutant vos villes et m\u00e9dias en favori avec <a href=\"https:\/\/moncompte.actu.fr\" title=\"D\u00e9couvez Mon Actu\" rel=\"nofollow noopener\" data-trk=\"{&quot;cta&quot;:{&quot;action&quot;:&quot;https:\\\/\\\/moncompte.actu.fr&quot;,&quot;category&quot;:&quot;mon compte&quot;,&quot;from&quot;:&quot;article footer&quot;,&quot;name&quot;:&quot;Mon actu&quot;,&quot;type&quot;:&quot;cta&quot;}}\" target=\"_blank\">Mon Actu<\/a>.<\/p>\n<p>                    <script async src=\"\/\/www.tiktok.com\/embed.js\"><\/script><\/p>\n","protected":false},"excerpt":{"rendered":"Par Isabelle Villy Publi\u00e9 le 1 d\u00e9c. 2025 \u00e0 7h00 Juste avant la rentr\u00e9e scolaire, en septembre dernier,&hellip;\n","protected":false},"author":2,"featured_media":570406,"comment_status":"","ping_status":"","sticky":false,"template":"","format":"standard","meta":{"footnotes":""},"categories":[9587],"tags":[1111,11,436,1777,674,1011,27,1757,12,5161,25,9590],"class_list":{"0":"post-570405","1":"post","2":"type-post","3":"status-publish","4":"format-standard","5":"has-post-thumbnail","7":"category-rouen","8":"tag-actu","9":"tag-actualites","10":"tag-environnement","11":"tag-eu","12":"tag-europe","13":"tag-fr","14":"tag-france","15":"tag-insolite","16":"tag-news","17":"tag-normandie","18":"tag-republique-francaise","19":"tag-rouen"},"share_on_mastodon":{"url":"https:\/\/pubeurope.com\/@fr\/115642999400133086","error":""},"_links":{"self":[{"href":"https:\/\/www.europesays.com\/fr\/wp-json\/wp\/v2\/posts\/570405","targetHints":{"allow":["GET"]}}],"collection":[{"href":"https:\/\/www.europesays.com\/fr\/wp-json\/wp\/v2\/posts"}],"about":[{"href":"https:\/\/www.europesays.com\/fr\/wp-json\/wp\/v2\/types\/post"}],"author":[{"embeddable":true,"href":"https:\/\/www.europesays.com\/fr\/wp-json\/wp\/v2\/users\/2"}],"replies":[{"embeddable":true,"href":"https:\/\/www.europesays.com\/fr\/wp-json\/wp\/v2\/comments?post=570405"}],"version-history":[{"count":0,"href":"https:\/\/www.europesays.com\/fr\/wp-json\/wp\/v2\/posts\/570405\/revisions"}],"wp:featuredmedia":[{"embeddable":true,"href":"https:\/\/www.europesays.com\/fr\/wp-json\/wp\/v2\/media\/570406"}],"wp:attachment":[{"href":"https:\/\/www.europesays.com\/fr\/wp-json\/wp\/v2\/media?parent=570405"}],"wp:term":[{"taxonomy":"category","embeddable":true,"href":"https:\/\/www.europesays.com\/fr\/wp-json\/wp\/v2\/categories?post=570405"},{"taxonomy":"post_tag","embeddable":true,"href":"https:\/\/www.europesays.com\/fr\/wp-json\/wp\/v2\/tags?post=570405"}],"curies":[{"name":"wp","href":"https:\/\/api.w.org\/{rel}","templated":true}]}}