{"id":570412,"date":"2025-12-01T07:01:22","date_gmt":"2025-12-01T07:01:22","guid":{"rendered":"https:\/\/www.europesays.com\/fr\/570412\/"},"modified":"2025-12-01T07:01:22","modified_gmt":"2025-12-01T07:01:22","slug":"cest-quoi-super-tout-nu-ce-supermarche-unique-qui-simplante-pour-la-premiere-fois-en-bretagne","status":"publish","type":"post","link":"https:\/\/www.europesays.com\/fr\/570412\/","title":{"rendered":"C&rsquo;est quoi Super tout nu, ce supermarch\u00e9 unique qui s&rsquo;implante pour la premi\u00e8re fois en Bretagne\u00a0?"},"content":{"rendered":"<p>                    Par<br \/>\n        <strong><br \/>\n            <a href=\"https:\/\/actu.fr\/auteur\/laurene-fertin\" title=\"Consulter tous les articles de Laur\u00e8ne Fertin\" target=\"_blank\" rel=\"noopener\">Laur\u00e8ne Fertin<\/a><br \/>\n                    <\/strong><\/p>\n<p>        Publi\u00e9 le<\/p>\n<p>            1 d\u00e9c. 2025 \u00e0 6h32        <\/p>\n<p>Apr\u00e8s l\u2019installation du magasin <a href=\"https:\/\/actu.fr\/bretagne\/rennes_35238\/video-decathlon-city-ouvre-a-rennes-velo-natation-couse-a-pied-on-a-pousse-les-portes-du-magasin_63489652.html\" target=\"_blank\" rel=\"noopener\">D\u00e9cathlon, rue Le Bastard \u00e0 Rennes<\/a>, <strong>une autre enseigne<\/strong> pose ses bagages dans le centre-ville de la capitale bretonne\u2009: <strong>Super tout nu<\/strong>. <a href=\"https:\/\/actu.fr\/occitanie\/toulouse_31555\/le-drive-tout-nu-la-pepite-de-toulouse-specialiste-du-zero-dechet-ouvre-un-nouveau-supermarche-voici-ou_63364536.html\" target=\"_blank\" rel=\"noopener\">D\u2019origine toulousaine<\/a>, le <strong>supermarch\u00e9<\/strong> est le troisi\u00e8me magasin qui s\u2019implante en France, apr\u00e8s la ville de <a href=\"https:\/\/actu.fr\/hauts-de-france\/marquette-lez-lille_59386\/cest-quoi-ce-supermarche-super-tout-nu-qui-vient-douvrir-pres-de-lille-on-vous-fait-la-visite_63460649.html\" target=\"_blank\" rel=\"noopener\">Lille<\/a>. \u00c0 Rennes, c\u2019est le premier \u00e0 ouvrir dans la r\u00e9gion.<\/p>\n<p>Bocaux ou sacs consign\u00e9s<\/p>\n<p class=\" wall-content\">Dans le magasin, qui remplacera l\u2019actuel Day by day au<strong> 5, rue de la Chauss\u00e9e<\/strong> dans le nord-ouest de Rennes, 320 m\u00b2 et pr\u00e8s de <strong>3\u2009000 r\u00e9f\u00e9rences<\/strong> seront propos\u00e9es \u00e0 la client\u00e8le. <strong>L\u2019ouverture <\/strong>est pr\u00e9vue le <strong>11\u00a0d\u00e9cembre<\/strong> <strong>2025<\/strong>.<\/p>\n<p class=\" wall-content\">On y trouvera majoritairement de \u00ab\u2009la consommation responsable\u2009\u00bb et du <strong>z\u00e9ro d\u00e9chet.<\/strong><\/p>\n<blockquote class=\"ac-article-quote wall-content\">\n<p>Fruits et l\u00e9gumes, cr\u00e9merie, viande, \u00e9picerie, snacking, produits m\u00e9nagers et d\u2019hygi\u00e8ne\u2026 tous les produits du quotidien sont disponibles en version z\u00e9ro d\u00e9chet, conditionn\u00e9s  dans des bocaux en verre ou des sacs en toile consign\u00e9s.<\/p>\n<p>    <strong>Super tout nu<\/strong>\n            <\/p><\/blockquote>\n<p class=\" wall-content\">Sur place, il y aura \u00e9galement <strong>une boucherie<\/strong> et un stand de <strong>cr\u00e9merie<\/strong> \u00e0 la d\u00e9coupe.<\/p>\n<p>Fond\u00e9 en 2018<\/p>\n<p>Les supermarch\u00e9s Super tout nu ont \u00e9t\u00e9 fond\u00e9s en 2018 par Pierre et Salom\u00e9 G\u00e9raud. La premi\u00e8re enseigne a \u00e9t\u00e9 ouverte \u00e0 Toulouse, en 2024, en pr\u00e9sence d&rsquo;Olivia Gr\u00e9goire, ministre charg\u00e9e des Entreprises, du Tourisme et de la Consommation. <\/p>\n<p>Le duo ambitionne d&rsquo;ouvrir 25 nouveaux points de vente d&rsquo;ici 2027.<\/p>\n<p class=\" wall-content\"><a href=\"https:\/\/www.instagram.com\/p\/DGOFfb2qOgm\/embed\" title=\"Ouvrir le lien sur Instagram\" target=\"_blank\" rel=\"noopener\">Visualiser le contenu sur Instagram<\/a><\/p>\n<p>\u00abDes produits extra-frais\u2009\u00bb<\/p>\n<p class=\" wall-content\">Selon le supermarch\u00e9, l\u2019approvisionnement se fait aupr\u00e8s d\u2019un r\u00e9seau \u00ab\u2009de plus de <strong>300 fournisseurs\u2009\u00bb,<\/strong> avec des produits issus d\u2019un p\u00e9rim\u00e8tre \u00ab\u2009de moins de 100\u00a0km autour de la m\u00e9tropole\u2009\u00bb de Rennes.<\/p>\n<p>Votre r\u00e9gion, votre actu !<\/p>\n<p>Recevez chaque jour les infos qui comptent pour vous.<\/p>\n<p>\t<a href=\"https:\/\/actu.fr\/newsletter\" class=\"ac-btn ac-btn--corner ac-btn--medium ac-btn--blue800\" target=\"_blank\" rel=\"noopener\">S&rsquo;incrire<\/a><\/p>\n<p class=\" wall-content\">\u00ab\u2009L\u2019enseigne propose ainsi des produits extra-frais <strong>en r\u00e9duisant les interm\u00e9diaires<\/strong> et en limitant les impacts li\u00e9s au transport\u2009\u00bb, indique Super tout nu.<\/p>\n<p class=\" wall-content\">\u00ab\u00a0La mission du Drive tout nu et du Super tout nu est de <strong>d\u00e9mocratiser<\/strong> un nouveau mode de consommation plus responsable\u00a0\u00bb, d\u00e9taille Salom\u00e9 G\u00e9raud.<\/p>\n<p class=\" wall-content\">Pour montrer aux Rennais et Rennaises que le z\u00e9ro d\u00e9chet et, a fortiori, la consigne, peuvent \u00eatre <strong>\u00ab\u2009pratiques\u2009\u00bb,<\/strong> les clients pourront retirer leurs courses en format drive.<\/p>\n<p class=\" wall-content\">Personnalisez votre actualit\u00e9 en ajoutant vos villes et m\u00e9dias en favori avec <a href=\"https:\/\/moncompte.actu.fr\" title=\"D\u00e9couvez Mon Actu\" rel=\"nofollow noopener\" data-trk=\"{&quot;cta&quot;:{&quot;action&quot;:&quot;https:\\\/\\\/moncompte.actu.fr&quot;,&quot;category&quot;:&quot;mon compte&quot;,&quot;from&quot;:&quot;article footer&quot;,&quot;name&quot;:&quot;Mon actu&quot;,&quot;type&quot;:&quot;cta&quot;}}\" target=\"_blank\">Mon Actu<\/a>.<\/p>\n<p>                    <script async src=\"\/\/www.instagram.com\/embed.js\"><\/script><\/p>\n","protected":false},"excerpt":{"rendered":"Par Laur\u00e8ne Fertin Publi\u00e9 le 1 d\u00e9c. 2025 \u00e0 6h32 Apr\u00e8s l\u2019installation du magasin D\u00e9cathlon, rue Le Bastard&hellip;\n","protected":false},"author":2,"featured_media":570413,"comment_status":"","ping_status":"","sticky":false,"template":"","format":"standard","meta":{"footnotes":""},"categories":[2821],"tags":[1111,11,829,130,33,436,1777,674,1011,27,12,3147,584,25],"class_list":{"0":"post-570412","1":"post","2":"type-post","3":"status-publish","4":"format-standard","5":"has-post-thumbnail","7":"category-rennes","8":"tag-actu","9":"tag-actualites","10":"tag-bretagne","11":"tag-consommation","12":"tag-economie","13":"tag-environnement","14":"tag-eu","15":"tag-europe","16":"tag-fr","17":"tag-france","18":"tag-news","19":"tag-nouveaux-commerces","20":"tag-rennes","21":"tag-republique-francaise"},"share_on_mastodon":{"url":"https:\/\/pubeurope.com\/@fr\/115643028893211081","error":""},"_links":{"self":[{"href":"https:\/\/www.europesays.com\/fr\/wp-json\/wp\/v2\/posts\/570412","targetHints":{"allow":["GET"]}}],"collection":[{"href":"https:\/\/www.europesays.com\/fr\/wp-json\/wp\/v2\/posts"}],"about":[{"href":"https:\/\/www.europesays.com\/fr\/wp-json\/wp\/v2\/types\/post"}],"author":[{"embeddable":true,"href":"https:\/\/www.europesays.com\/fr\/wp-json\/wp\/v2\/users\/2"}],"replies":[{"embeddable":true,"href":"https:\/\/www.europesays.com\/fr\/wp-json\/wp\/v2\/comments?post=570412"}],"version-history":[{"count":0,"href":"https:\/\/www.europesays.com\/fr\/wp-json\/wp\/v2\/posts\/570412\/revisions"}],"wp:featuredmedia":[{"embeddable":true,"href":"https:\/\/www.europesays.com\/fr\/wp-json\/wp\/v2\/media\/570413"}],"wp:attachment":[{"href":"https:\/\/www.europesays.com\/fr\/wp-json\/wp\/v2\/media?parent=570412"}],"wp:term":[{"taxonomy":"category","embeddable":true,"href":"https:\/\/www.europesays.com\/fr\/wp-json\/wp\/v2\/categories?post=570412"},{"taxonomy":"post_tag","embeddable":true,"href":"https:\/\/www.europesays.com\/fr\/wp-json\/wp\/v2\/tags?post=570412"}],"curies":[{"name":"wp","href":"https:\/\/api.w.org\/{rel}","templated":true}]}}