{"id":570416,"date":"2025-12-01T07:03:12","date_gmt":"2025-12-01T07:03:12","guid":{"rendered":"https:\/\/www.europesays.com\/fr\/570416\/"},"modified":"2025-12-01T07:03:12","modified_gmt":"2025-12-01T07:03:12","slug":"rosenior-fatigue-par-linexperience-de-strasbourg-apres-le-match-contre-brest","status":"publish","type":"post","link":"https:\/\/www.europesays.com\/fr\/570416\/","title":{"rendered":"Rosenior \u00ab\u00a0fatigu\u00e9\u00a0\u00bb par l&rsquo;inexp\u00e9rience de Strasbourg apr\u00e8s le match contre Brest"},"content":{"rendered":"<p>Apr\u00e8s le revers de son \u00e9quipe contre Brest ce dimanche en Ligue 1 (2-1), l&rsquo;entra\u00eeneur de Strasbourg Liam Rosenior a pouss\u00e9 un coup de gueule contre ses joueurs. Il a d\u00e9plor\u00e9 leur manque criant d&rsquo;exp\u00e9rience dans les moments d\u00e9cisifs.<\/p>\n<p>L&rsquo;entra\u00eeneur strasbourgeois Liam Rosenior s&rsquo;est dit \u00ab\u00a0fatigu\u00e9\u00a0\u00bb de rab\u00e2cher sans cesse \u00e0 son \u00e9quipe qu&rsquo;elle \u00ab\u00a0doit apprendre\u00a0\u00bb, qualifiant de \u00ab\u00a0ridicule\u00a0\u00bb le p\u00e9nalty conc\u00e9d\u00e9 en seconde mi-temps qui a permis <a href=\"https:\/\/rmcsport.bfmtv.com\/football\/ligue-1\/direct-strasbourg-brest-suivez-en-live-la-suite-de-la-14e-journee-de-ligue-1_LS-202511300258.html\" title=\"Strasbourg-Brest : deuxi\u00e8me victoire de suite pour les Bretons qui s&#039;\u00e9loignent de la zone rouge\" class=\"internal_link\" target=\"_blank\" rel=\"noopener\">aux Brestois de revenir avant de s&rsquo;imposer (1-2)<\/a>, ce dimanche lors de la 14e journ\u00e9e de Ligue 1.<\/p>\n<p>\u00ab\u00a0Il est temps de passer aux actes\u00a0\u00bb, a demand\u00e9 l&rsquo;entra\u00eeneur britannique, passablement \u00ab\u00a0frustr\u00e9\u00a0\u00bb par le sc\u00e9nario de la rencontre. \u00ab\u00a0Nous \u00e9tions totalement ma\u00eetres du jeu, nous avons tr\u00e8s bien jou\u00e9 en premi\u00e8re mi-temps. Je suis fatigu\u00e9 de dire que mon \u00e9quipe doit apprendre\u00a0\u00bb, a-t-il estim\u00e9.<\/p>\n<p>Coup d&rsquo;arr\u00eat dans la course \u00e0 l&rsquo;Europe<\/p>\n<p>La semaine est mitig\u00e9e pour les Alsaciens: apr\u00e8s <a href=\"https:\/\/rmcsport.bfmtv.com\/football\/europa-conference-league\/direct-strasbourg-crystal-palace-suivez-le-match-de-la-4e-journee-de-conference-league-en-live_LS-202511270604.html\" title=\"Strasbourg-Crystal Palace: les Strasbourgeois s&#039;offrent une victoire de prestige, retrouvez le r\u00e9sum\u00e9 du match\" class=\"internal_link\" target=\"_blank\" rel=\"noopener\">leur succ\u00e8s de prestige jeudi contre Crystal Palace (2-1) en Ligue Conf\u00e9rence<\/a>, ils ont confirm\u00e9 leurs difficult\u00e9s dans l&rsquo;encha\u00eenement des matches avec cette deuxi\u00e8me d\u00e9faite de rang en championnat qui les fait reculer \u00e0 la 7e place au classement (22 pts).<\/p>\n<p>Plus fringuant en seconde p\u00e9riode, Brest a occup\u00e9 le camp alsacien jusqu&rsquo;\u00e0 obtenir une r\u00e9compense: un penalty cons\u00e9cutif \u00e0 une faute d&rsquo;Amo-Ameyaw, petite mais \u00e9vitable, sur l&rsquo;Ivoirien Junior Diaz, transform\u00e9 sans trembler par Romain Del Castillo, son sixi\u00e8me but de la saison (1-1, 55e).<\/p>\n<p>Strasbourg a tent\u00e9 de reprendre l&rsquo;avantage acquis par le duo anglais Ben Chilwell-Samuel Amo-Ameyaw, mais rien n&rsquo;a d\u00e9bloqu\u00e9 la machine qui s&rsquo;est enray\u00e9e apr\u00e8s la pause. Pire, le Racing a encaiss\u00e9 un second but, <a href=\"https:\/\/rmcsport.bfmtv.com\/football\/ligue-1\/strasbourg-brest-j-ai-hesite-a-le-titulariser-les-confidences-d-eric-roy-apres-le-but-sensationnel-d-hugo-magnetti_AV-202511300373.html\" title=\"Strasbourg-Brest: &quot;J&#039;ai h\u00e9sit\u00e9 \u00e0 le titulariser&quot;, les confidences d&#039;Eric Roy apr\u00e8s le but sensationnel d&#039;Hugo Magnetti\" class=\"internal_link\" target=\"_blank\" rel=\"noopener\">une frappe magnifique de 25 m\u00e8tres de Hugo Magnetti dans la lucarne<\/a> qui laisse Penders clou\u00e9 sur sa ligne.<\/p>\n<p>\u00ab\u00a0En seconde p\u00e9riode, Brest a eu un peu de possession dans notre moiti\u00e9 de terrain, ils n&rsquo;ont pas tir\u00e9 au but et nous conc\u00e9dons un penalty ridicule, alors qu&rsquo;il n&rsquo;y avait aucun danger\u00a0\u00bb, a regrett\u00e9 l&rsquo;entra\u00eeneur strasbourgeois. \u00ab\u00a0\u00c7a suffit d&rsquo;apprendre, il est temps de mettre en pratique, je ne veux plus parler de na\u00efvet\u00e9 ou de jeunesse\u00a0\u00bb, a-t-il dit.<\/p>\n<p>Apr\u00e8s la d\u00e9faite face \u00e0 Lens (1-0), Strasbourg a chut\u00e9 pour la deuxi\u00e8me fois de la saison \u00e0 domicile face \u00e0 Brest et se retrouve 7e de L1 avec 22 points, juste derri\u00e8re les premiers accessits europ\u00e9ens, \u00e0 un point de Monaco et Lille.<\/p>\n<p>\u00ab\u00a0Je ne d\u00e9nigre pas les bonnes choses que nous avons faites, je ne veux pas bl\u00e2mer les joueurs mais il est temps d&rsquo;avancer\u00a0\u00bb, a soulign\u00e9 Liam Rosenior.<\/p>\n","protected":false},"excerpt":{"rendered":"Apr\u00e8s le revers de son \u00e9quipe contre Brest ce dimanche en Ligue 1 (2-1), l&rsquo;entra\u00eeneur de Strasbourg Liam&hellip;\n","protected":false},"author":2,"featured_media":570417,"comment_status":"","ping_status":"","sticky":false,"template":"","format":"standard","meta":{"footnotes":""},"categories":[2820],"tags":[1111,11,1777,674,1011,27,775,12,25,640],"class_list":{"0":"post-570416","1":"post","2":"type-post","3":"status-publish","4":"format-standard","5":"has-post-thumbnail","7":"category-strasbourg","8":"tag-actu","9":"tag-actualites","10":"tag-eu","11":"tag-europe","12":"tag-fr","13":"tag-france","14":"tag-grand-est","15":"tag-news","16":"tag-republique-francaise","17":"tag-strasbourg"},"share_on_mastodon":{"url":"https:\/\/pubeurope.com\/@fr\/115643036776851588","error":""},"_links":{"self":[{"href":"https:\/\/www.europesays.com\/fr\/wp-json\/wp\/v2\/posts\/570416","targetHints":{"allow":["GET"]}}],"collection":[{"href":"https:\/\/www.europesays.com\/fr\/wp-json\/wp\/v2\/posts"}],"about":[{"href":"https:\/\/www.europesays.com\/fr\/wp-json\/wp\/v2\/types\/post"}],"author":[{"embeddable":true,"href":"https:\/\/www.europesays.com\/fr\/wp-json\/wp\/v2\/users\/2"}],"replies":[{"embeddable":true,"href":"https:\/\/www.europesays.com\/fr\/wp-json\/wp\/v2\/comments?post=570416"}],"version-history":[{"count":0,"href":"https:\/\/www.europesays.com\/fr\/wp-json\/wp\/v2\/posts\/570416\/revisions"}],"wp:featuredmedia":[{"embeddable":true,"href":"https:\/\/www.europesays.com\/fr\/wp-json\/wp\/v2\/media\/570417"}],"wp:attachment":[{"href":"https:\/\/www.europesays.com\/fr\/wp-json\/wp\/v2\/media?parent=570416"}],"wp:term":[{"taxonomy":"category","embeddable":true,"href":"https:\/\/www.europesays.com\/fr\/wp-json\/wp\/v2\/categories?post=570416"},{"taxonomy":"post_tag","embeddable":true,"href":"https:\/\/www.europesays.com\/fr\/wp-json\/wp\/v2\/tags?post=570416"}],"curies":[{"name":"wp","href":"https:\/\/api.w.org\/{rel}","templated":true}]}}