{"id":570418,"date":"2025-12-01T07:04:12","date_gmt":"2025-12-01T07:04:12","guid":{"rendered":"https:\/\/www.europesays.com\/fr\/570418\/"},"modified":"2025-12-01T07:04:12","modified_gmt":"2025-12-01T07:04:12","slug":"pres-de-nice-une-fillette-violentee-par-sa-famille-daccueil-la-justice-intervient","status":"publish","type":"post","link":"https:\/\/www.europesays.com\/fr\/570418\/","title":{"rendered":"Pr\u00e8s de Nice. Une fillette violent\u00e9e par sa \u00ab\u00a0famille d&rsquo;accueil\u00a0\u00bb, la justice intervient"},"content":{"rendered":"<p>                    Par<br \/>\n        <strong><br \/>\n            <a href=\"https:\/\/actu.fr\/auteur\/redaction-nice\" title=\"Consulter tous les articles de R\u00e9daction Nice\" target=\"_blank\" rel=\"noopener\">R\u00e9daction Nice<\/a><br \/>\n                    <\/strong><\/p>\n<p>        Publi\u00e9 le<\/p>\n<p>            1 d\u00e9c. 2025 \u00e0 7h12        <\/p>\n<p>La cour administrative d\u2019appel de Marseille a d\u00e9savou\u00e9 une \u00ab\u2009assistante familiale\u2009\u00bb de Menton (<a href=\"https:\/\/actu.fr\/provence-alpes-cote-d-azur\/alpes-maritimes_06\" target=\"_blank\" rel=\"noopener\">Alpes-Maritimes<\/a>) qui s\u2019\u00e9tait fait <strong>retirer son agr\u00e9ment<\/strong> en octobre\u00a02022 apr\u00e8s l\u2019ouverture d\u2019une <strong>enqu\u00eate p\u00e9nale<\/strong> \u00e0 son encontre pour \u00ab\u2009suspicion de maltraitances physiques et morales\u2009\u00bb et \u00ab\u2009d\u00e9faut de collaboration avec le service\u2009\u00bb.<\/p>\n<p class=\" wall-content\">La requ\u00e9rante \u2013 qui avait fait l\u2019objet de cet agr\u00e9ment en novembre\u00a02018 pour accueillir des enfants confi\u00e9s par les services sociaux \u2013 avait d\u00e9j\u00e0 \u00e9t\u00e9 d\u00e9bout\u00e9e en octobre\u00a02022 par le juge des r\u00e9f\u00e9r\u00e9s du tribunal administratif de <a href=\"https:\/\/actu.fr\/nice\/\" target=\"_blank\" rel=\"noopener\">Nice<\/a>, puis par une formation coll\u00e9giale de trois juges de la m\u00eame juridiction en octobre\u00a02024.<\/p>\n<p>Une fillette de cinq ans s\u2019\u00e9croule en pleurs<\/p>\n<p class=\" wall-content\">Elle avait en fait accueilli en 2019 une fillette alors <strong>\u00e2g\u00e9e de 5\u00a0ans<\/strong> \u00ab\u2009n\u00e9e en Italie de p\u00e8re inconnu\u2009\u00bb et \u00ab\u2009abandonn\u00e9e par sa m\u00e8re\u2009\u00bb, relate la cour administrative d\u2019appel de Marseille dans un arr\u00eat en date du 26\u00a0septembre 2025 qui vient d\u2019\u00eatre rendu public.<\/p>\n<p class=\" wall-content\">L\u2019enqu\u00eate \u00e9tait partie le 8\u00a0janvier 2022 d\u2019un signalement fait aux autorit\u00e9s judiciaires par la directrice de l\u2019\u00e9cole primaire o\u00f9 \u00e9tait scolaris\u00e9e la fillette\u2009: sur la cour de r\u00e9cr\u00e9ation l\u2019enfant s\u2019\u00e9tait \u00ab\u2009\u00e9croul\u00e9e en pleurs\u2009\u00bb et avait expliqu\u00e9 \u00e0 une agente \u00ab\u2009venu la r\u00e9conforter\u2009\u00bb qu\u2019elle avait en fait d\u00e9j\u00e0 \u00ab\u2009re\u00e7u des baffes\u2009\u00bb dans sa famille d\u2019accueil et que la requ\u00e9rante lui avait \u00ab\u2009arrach\u00e9 les cheveux\u2009\u00bb.<\/p>\n<p class=\" wall-content\">La fillette pr\u00e9f\u00e9rait donc \u00ab\u2009retourner au sein du foyer\u2009\u00bb o\u00f9 elle avait \u00e9t\u00e9 auparavant plac\u00e9e par les services sociaux du D\u00e9partement des Alpes-Maritimes.<\/p>\n<p>L\u2019enfant \u00ab\u2009tap\u00e9e au visage\u2009\u00bb<\/p>\n<p class=\" wall-content\">\u00ab\u2009L\u2019enfant a confirm\u00e9 ses propos le jour-m\u00eame aupr\u00e8s de son enseignante, puis quelques jours plus tard aupr\u00e8s de la psychologue clinicienne de la Protection maternelle et infantile\u2009\u00bb notent ainsi les juges marseillais. Cette derni\u00e8re avait conclu son rapport en relevant que la fillette n\u2019\u00e9tait \u00ab\u2009\u00e0 aucun moment revenue sur ses propos pour les annuler ou les modifier\u2009\u00bb.<\/p>\n<p class=\" wall-content\">La psychologue clinicienne de la PMI avait m\u00eame relev\u00e9 que l\u2019enfant avait <strong>\u00ab\u2009d\u00e9clar\u00e9 avoir peur\u2009\u00bb des \u00ab\u2009\u00e9nervements<\/strong>\u2009\u00bb de la requ\u00e9rante\u2009: cette derni\u00e8re l\u2019avait d\u00e9j\u00e0 \u00ab\u2009jet\u00e9e \u00e0 terre\u2009\u00bb, \u00ab\u2009tap\u00e9e au visage\u2009\u00bb et insult\u00e9e de \u00ab\u2009T\u2019es conne, t\u2019es conne\u2009\u00bb.<\/p>\n<p>Votre r\u00e9gion, votre actu !<\/p>\n<p>Recevez chaque jour les infos qui comptent pour vous.<\/p>\n<p>\t<a href=\"https:\/\/actu.fr\/newsletter\" class=\"ac-btn ac-btn--corner ac-btn--medium ac-btn--blue800\" target=\"_blank\" rel=\"noopener\">S&rsquo;incrire<\/a><br \/>\nL\u2019assistante familiale pointe le retard mental<\/p>\n<p class=\" wall-content\">L\u2019assistante familiale, pour sa d\u00e9fense, avait soulign\u00e9 que cette enfant pr\u00e9sentait des \u00ab\u2009signes de retard des facult\u00e9s mentales et psychomotrices\u2009\u00bb. Elle estimait aussi \u00ab\u2009avoir fait en sorte\u2009\u00bb que cette enfant qui \u00ab\u2009disait entendre des voix\u2009\u00bb soit \u00ab\u2009accompagn\u00e9e par un psychologue\u2009\u00bb.<\/p>\n<p class=\" wall-content\">Mais \u00ab\u2009elle ne fournit aucun \u00e9l\u00e9ment de nature \u00e0 remettre en cause les assertions r\u00e9p\u00e9t\u00e9es, pr\u00e9cises et concordantes de l\u2019enfant\u2009\u00bb, retient pour sa part la cour administrative d\u2019appel de Marseille.<\/p>\n<p class=\" wall-content\">\u00ab\u2009De m\u00eame, elle ne conteste pas s\u00e9rieusement que [\u2026] elle a refus\u00e9 de coop\u00e9rer avec l\u2019enqu\u00eate administrative d\u00e9clench\u00e9e par le D\u00e9partement des Alpes-Maritimes et s\u2019est born\u00e9e \u00e0 pr\u00e9texter qu\u2019elle \u00e9tait en cong\u00e9 maladie pour refuser de se rendre \u00e0 un entretien de suivi.\u2009\u00bb<\/p>\n<p class=\" wall-content\"><strong>GF \/ PressPepper<\/strong><\/p>\n<p class=\" wall-content\">Personnalisez votre actualit\u00e9 en ajoutant vos villes et m\u00e9dias en favori avec <a href=\"https:\/\/moncompte.actu.fr\" title=\"D\u00e9couvez Mon Actu\" rel=\"nofollow noopener\" data-trk=\"{&quot;cta&quot;:{&quot;action&quot;:&quot;https:\\\/\\\/moncompte.actu.fr&quot;,&quot;category&quot;:&quot;mon compte&quot;,&quot;from&quot;:&quot;article footer&quot;,&quot;name&quot;:&quot;Mon actu&quot;,&quot;type&quot;:&quot;cta&quot;}}\" target=\"_blank\">Mon Actu<\/a>.<\/p>\n","protected":false},"excerpt":{"rendered":"Par R\u00e9daction Nice Publi\u00e9 le 1 d\u00e9c. 2025 \u00e0 7h12 La cour administrative d\u2019appel de Marseille a d\u00e9savou\u00e9&hellip;\n","protected":false},"author":2,"featured_media":570419,"comment_status":"","ping_status":"","sticky":false,"template":"","format":"standard","meta":{"footnotes":""},"categories":[2819],"tags":[1111,11,1777,674,118,1011,27,303,12,2401,882,25],"class_list":{"0":"post-570418","1":"post","2":"type-post","3":"status-publish","4":"format-standard","5":"has-post-thumbnail","7":"category-nice","8":"tag-actu","9":"tag-actualites","10":"tag-eu","11":"tag-europe","12":"tag-faits-divers","13":"tag-fr","14":"tag-france","15":"tag-justice","16":"tag-news","17":"tag-nice","18":"tag-provence-alpes-cote-dazur","19":"tag-republique-francaise"},"share_on_mastodon":{"url":"https:\/\/pubeurope.com\/@fr\/115643040693872569","error":""},"_links":{"self":[{"href":"https:\/\/www.europesays.com\/fr\/wp-json\/wp\/v2\/posts\/570418","targetHints":{"allow":["GET"]}}],"collection":[{"href":"https:\/\/www.europesays.com\/fr\/wp-json\/wp\/v2\/posts"}],"about":[{"href":"https:\/\/www.europesays.com\/fr\/wp-json\/wp\/v2\/types\/post"}],"author":[{"embeddable":true,"href":"https:\/\/www.europesays.com\/fr\/wp-json\/wp\/v2\/users\/2"}],"replies":[{"embeddable":true,"href":"https:\/\/www.europesays.com\/fr\/wp-json\/wp\/v2\/comments?post=570418"}],"version-history":[{"count":0,"href":"https:\/\/www.europesays.com\/fr\/wp-json\/wp\/v2\/posts\/570418\/revisions"}],"wp:featuredmedia":[{"embeddable":true,"href":"https:\/\/www.europesays.com\/fr\/wp-json\/wp\/v2\/media\/570419"}],"wp:attachment":[{"href":"https:\/\/www.europesays.com\/fr\/wp-json\/wp\/v2\/media?parent=570418"}],"wp:term":[{"taxonomy":"category","embeddable":true,"href":"https:\/\/www.europesays.com\/fr\/wp-json\/wp\/v2\/categories?post=570418"},{"taxonomy":"post_tag","embeddable":true,"href":"https:\/\/www.europesays.com\/fr\/wp-json\/wp\/v2\/tags?post=570418"}],"curies":[{"name":"wp","href":"https:\/\/api.w.org\/{rel}","templated":true}]}}