{"id":570420,"date":"2025-12-01T07:05:20","date_gmt":"2025-12-01T07:05:20","guid":{"rendered":"https:\/\/www.europesays.com\/fr\/570420\/"},"modified":"2025-12-01T07:05:20","modified_gmt":"2025-12-01T07:05:20","slug":"le-doute-va-encore-durer-un-moment-autour-des-jo-dhiver-2030-a-nice-et-dans-les-alpes","status":"publish","type":"post","link":"https:\/\/www.europesays.com\/fr\/570420\/","title":{"rendered":"le doute va encore durer un moment autour des JO d&rsquo;hiver 2030 \u00e0 Nice et dans les Alpes"},"content":{"rendered":"<p><strong>Une commission du Comit\u00e9 international olympique (CIO) charg\u00e9e de suivre les Jeux olympiques d\u2019hiver 2030 dans les Alpes fran\u00e7aises entame d\u00e8s lundi une premi\u00e8re mission sur le terrain dans plusieurs stations pressenties pour accueillir des comp\u00e9titions, alors que la carte d\u00e9finitive des sites n\u2019a pas encore \u00e9t\u00e9 arr\u00eat\u00e9e.<\/strong><\/p>\n<p>Attribu\u00e9s \u00e0\u00a0la France en juillet 2024, ces Jeux doivent s\u2019articuler autour de quatre grands p\u00f4les\u00a0: Nice pour les \u00e9preuves sur glace, tandis que les disciplines disput\u00e9es sur neige se tiendront en Savoie, en Haute-Savoie et dans le Brian\u00e7onnais.<\/p>\n<p>De lundi \u00e0\u00a0mercredi, la commission de coordination des Jeux d\u2019hiver des Alpes fran\u00e7aises 2030, dont la composition a\u00a0\u00e9t\u00e9 rendue publique en septembre, va dresser un premier \u00e9tat des lieux en Savoie et en Haute-Savoie. Elle doit visiter des sites pour la plupart d\u00e9j\u00e0 int\u00e9gr\u00e9s au \u00ab\u00a0sch\u00e9ma pr\u00e9f\u00e9rentiel\u00a0\u00bb des JO, encore provisoire, \u00e9labor\u00e9 par le Comit\u00e9 d\u2019organisation des jeux olympiques et paralympiques fran\u00e7ais (Cojop).<\/p>\n<p>La d\u00e9l\u00e9gation du CIO se rendra aussi \u00e0\u00a0Val d\u2019Is\u00e8re, qui ne figure pas encore dans ce sch\u00e9ma. Cette station \u00e9troitement associ\u00e9e \u00e0\u00a0Jean-Claude Killy, champion olympique \u00e0\u00a0Grenoble en 1968 et copr\u00e9sident des JO de 1992 \u00e0\u00a0Albertville, apparaissait dans le dossier de candidature avant d\u2019en \u00eatre retir\u00e9e, puis d\u2019\u00eatre finalement remise dans la course.<\/p>\n<p>JO 2030 dans les Alpes fran\u00e7aises\u00a0: Val d\u2019Is\u00e8re en jeu et une bataille ouverte pour l\u2019anneau de vitesse<\/p>\n<p>\u00ab\u00a0Le Cojop et toutes les parties prenantes souhaitent int\u00e9grer cette station embl\u00e9matique pour sublimer les \u00e9preuves de ski alpin. Les discussions sont en cours avec la collectivit\u00e9 pour rendre cette int\u00e9gration possible tout en maintenant l\u2019\u00e9quilibre budg\u00e9taire du projet, par des engagements clairs\u00a0\u00bb, avait expliqu\u00e9 en juillet le comit\u00e9 d\u2019organisation.<\/p>\n<p>Deux questions demeurent n\u00e9anmoins en suspens pour achever la carte des sites\u00a0: la r\u00e9partition des Jeux paralympiques, organis\u00e9s dans le prolongement des JO, et le choix de l\u2019anneau de vitesse destin\u00e9 aux \u00e9preuves de patinage.<\/p>\n<p>La France ne disposant pas d\u2019une telle infrastructure et ayant \u00e9cart\u00e9 l\u2019id\u00e9e d\u2019en construire une, il a\u00a0\u00e9t\u00e9 d\u00e9cid\u00e9 de transf\u00e9rer \u00e0\u00a0l\u2019\u00e9tranger les comp\u00e9titions de patinage de vitesse. Le Cojop doit d\u00e9sormais choisir entre l\u2019Oval de Turin, en Italie, et le Thialf d\u2019Heerenveen, aux Pays-Bas.<\/p>\n<p>\u00ab\u00a0L\u2019Italie, \u00e7a me para\u00eet \u00e0\u00a0c\u00f4t\u00e9 de chez moi. Les Alpes fran\u00e7aises, les Alpes Italiennes, ce sont les Alpes\u00a0\u00bb, soulignait en octobre Renaud Muselier, pr\u00e9sident de la r\u00e9gion Provence-Alpes-C\u00f4te-d\u2019Azur, l\u2019une des deux r\u00e9gions-h\u00f4tes, avant d\u2019ajouter\u00a0: \u00ab\u00a0maintenant, si c\u2019est pour perdre de l\u2019argent en Italie, autant qu\u2019on aille en gagner en Hollande\u00a0\u00bb, o\u00f9 le patinage est le sport-roi.<\/p>\n<p>Un conseil d\u2019administration du Cojop pr\u00e9vu le 15 d\u00e9cembre doit examiner ces deux dossiers, mais il ne devrait pas encore aboutir \u00e0\u00a0une d\u00e9cision.<\/p>\n<p><a href=\"https:\/\/www.nice.fr\/noel-a-nice\/\" data-wpel-link=\"external\" target=\"_blank\" rel=\"external noopener noreferrer\"><img loading=\"lazy\" decoding=\"async\" width=\"300\" height=\"300\" src=\"https:\/\/www.europesays.com\/fr\/wp-content\/uploads\/2025\/11\/NoelNice_Coeur-Article-NicePresse-300x300-2.png\" alt=\"\" class=\"wp-image-260426\"\/><\/a><\/p>\n<p>Pendant les trois jours de visites de chantier et de r\u00e9unions pl\u00e9ni\u00e8res programm\u00e9es \u00e0\u00a0Val d\u2019Is\u00e8re, Courchevel, La Plagne, La Clusaz et au Grand-Bornand, la d\u00e9l\u00e9gation du CIO sera entour\u00e9e de l\u2019ensemble des repr\u00e9sentants du sport fran\u00e7ais, de la ministre Marina Ferrari aux pr\u00e9sidents des r\u00e9gions Provence-Alpes-C\u00f4te-d\u2019Azur et Auvergne-Rh\u00f4ne-Alpes, ainsi que d\u2019\u00e9lus locaux et de responsables de f\u00e9d\u00e9rations.<\/p>\n<p>La commission de coordination est pr\u00e9sid\u00e9e par Pierre-Olivier Beckers-Vieujant, qui occupait d\u00e9j\u00e0 ce r\u00f4le pour les Jeux de Paris 2024. Elle r\u00e9unit des repr\u00e9sentants du CIO, des f\u00e9d\u00e9rations internationales, des athl\u00e8tes et des experts, tandis que Christophe Dubi, directeur ex\u00e9cutif des JO au sein du CIO, participera \u00e9galement \u00e0\u00a0cette mission.<\/p>\n<ul class=\"wp-block-list\">\n<li><strong>Ce qu\u2019il faut retenir\u00a0:<\/strong> La commission de coordination du CIO commence une premi\u00e8re tourn\u00e9e en Savoie et en Haute-Savoie, avec Val d\u2019Is\u00e8re de nouveau en lice pour accueillir le ski alpin. La carte des sites n\u2019est pas arr\u00eat\u00e9e, notamment pour les Jeux paralympiques et l\u2019anneau de vitesse de patinage de vitesse qui doit \u00eatre install\u00e9 \u00e0\u00a0l\u2019\u00e9tranger. Le choix entre Turin et Heerenveen, ainsi que l\u2019int\u00e9gration de tous les sites, sera tranch\u00e9 plus tard par le Cojop apr\u00e8s ces visites et consultations.<\/li>\n<\/ul>\n<p class=\"has-small-font-size\">Avec AFP<\/p>\n","protected":false},"excerpt":{"rendered":"Une commission du Comit\u00e9 international olympique (CIO) charg\u00e9e de suivre les Jeux olympiques d\u2019hiver 2030 dans les Alpes&hellip;\n","protected":false},"author":2,"featured_media":570421,"comment_status":"","ping_status":"","sticky":false,"template":"","format":"standard","meta":{"footnotes":""},"categories":[2819],"tags":[1111,11,1777,674,1011,27,12,2401,882,25],"class_list":{"0":"post-570420","1":"post","2":"type-post","3":"status-publish","4":"format-standard","5":"has-post-thumbnail","7":"category-nice","8":"tag-actu","9":"tag-actualites","10":"tag-eu","11":"tag-europe","12":"tag-fr","13":"tag-france","14":"tag-news","15":"tag-nice","16":"tag-provence-alpes-cote-dazur","17":"tag-republique-francaise"},"share_on_mastodon":{"url":"https:\/\/pubeurope.com\/@fr\/115643045392791633","error":""},"_links":{"self":[{"href":"https:\/\/www.europesays.com\/fr\/wp-json\/wp\/v2\/posts\/570420","targetHints":{"allow":["GET"]}}],"collection":[{"href":"https:\/\/www.europesays.com\/fr\/wp-json\/wp\/v2\/posts"}],"about":[{"href":"https:\/\/www.europesays.com\/fr\/wp-json\/wp\/v2\/types\/post"}],"author":[{"embeddable":true,"href":"https:\/\/www.europesays.com\/fr\/wp-json\/wp\/v2\/users\/2"}],"replies":[{"embeddable":true,"href":"https:\/\/www.europesays.com\/fr\/wp-json\/wp\/v2\/comments?post=570420"}],"version-history":[{"count":0,"href":"https:\/\/www.europesays.com\/fr\/wp-json\/wp\/v2\/posts\/570420\/revisions"}],"wp:featuredmedia":[{"embeddable":true,"href":"https:\/\/www.europesays.com\/fr\/wp-json\/wp\/v2\/media\/570421"}],"wp:attachment":[{"href":"https:\/\/www.europesays.com\/fr\/wp-json\/wp\/v2\/media?parent=570420"}],"wp:term":[{"taxonomy":"category","embeddable":true,"href":"https:\/\/www.europesays.com\/fr\/wp-json\/wp\/v2\/categories?post=570420"},{"taxonomy":"post_tag","embeddable":true,"href":"https:\/\/www.europesays.com\/fr\/wp-json\/wp\/v2\/tags?post=570420"}],"curies":[{"name":"wp","href":"https:\/\/api.w.org\/{rel}","templated":true}]}}