{"id":570424,"date":"2025-12-01T07:07:19","date_gmt":"2025-12-01T07:07:19","guid":{"rendered":"https:\/\/www.europesays.com\/fr\/570424\/"},"modified":"2025-12-01T07:07:19","modified_gmt":"2025-12-01T07:07:19","slug":"lol-simpose-face-a-nantes-et-se-relance-en-ligue-1","status":"publish","type":"post","link":"https:\/\/www.europesays.com\/fr\/570424\/","title":{"rendered":"L&rsquo;OL s&rsquo;impose face \u00e0 Nantes et se relance en Ligue 1"},"content":{"rendered":"<p>                            <img loading=\"lazy\" width=\"1200\" height=\"750\" class=\"attachment-article size-article wp-post-image lazyload\" alt=\"\" decoding=\"async\" src=\"https:\/\/www.europesays.com\/fr\/wp-content\/uploads\/2025\/09\/AFP__20250831__72Z39AH__v1__HighRes__FblFraLigue1LyonMarseille-e1756704783256.jpg\" data-eio-rwidth=\"1200\" data-eio-rheight=\"750\"\/><\/p>\n<p>La joie des joueurs de l\u2019Olympique Lyonnais apr\u00e8s leur victoire 1-0 face \u00e0 Marseille au Groupama Stadium le 1er septembre 2025 en Ligue 1. (Photo by OLIVIER CHASSIGNOLE \/ AFP)<\/p>\n<p class=\"content\" style=\"font-size:1.2em;font-weight:700\">Apr\u00e8s quatre matches sans victoire en championnat, Lyon a renou\u00e9 avec la victoire en s&rsquo;imposant 3 \u00e0 0 dimanche en cl\u00f4ture de la 14e journ\u00e9e face \u00e0 une \u00e9quipe de Nantes r\u00e9duite \u00e0 dix juste avant la mi-temps, avec notamment un doubl\u00e9 de l&rsquo;Uruguayen Martin Satriano.<\/p>\n<p>Avec ce succ\u00e8s, l&rsquo;Olympique lyonnais remonte au 6e rang \u00e0 \u00e9galit\u00e9 de points avec Rennes, alors que Nantes stagne dans le bas de classement (16e et barragiste), une situation qui menace toujours l&rsquo;entra\u00eeneur des Canaris, le Portugais Luis Castro.<\/p>\n<p>R\u00e9guli\u00e8rement critiqu\u00e9 pour son manque d&rsquo;efficacit\u00e9 et m\u00eame ses difficult\u00e9s \u00e0 seulement se cr\u00e9er des occasions, Satriano (24 ans), dont c&rsquo;\u00e9tait la 17e apparition avec l&rsquo;OL, s&rsquo;est une nouvelle fois montr\u00e9 tr\u00e8s actif et collectif pour ses partenaires, et a finalement \u00e9t\u00e9 r\u00e9compens\u00e9 de ses efforts avec un doubl\u00e9. Dos au but, le Sud-am\u00e9ricain pr\u00eat\u00e9 par Lens et bless\u00e9 quasiment toute la saison derni\u00e8re a trouv\u00e9 l&rsquo;ouverture d&rsquo;un retourn\u00e9 apr\u00e8s une passe de la t\u00eate de Pavel Sulc pour porter le score \u00e0 2-0.<\/p>\n<p>Peu apr\u00e8s, \u00e0 la suite d&rsquo;un d\u00e9bordement du Portugais Afonso Moreira, Satriano a repris victorieusement le ballon pour permettre \u00e0 l&rsquo;Olympique lyonnais de mener 3-0 (77e). Avant la rencontre samedi, son entra\u00eeneur Paulo Fonseca s&rsquo;\u00e9tait montr\u00e9 confiant sur la capacit\u00e9 de l&rsquo;Uruguayen \u00e0 trouver bient\u00f4t le chemin du but et plaidait la patience. Jusqu&rsquo;alors, Martin Satriano, d\u00e9sign\u00e9 joueur du match, n&rsquo;avait marqu\u00e9 que face \u00e0 Salzbourg en Ligue Europa, le 2 octobre dernier.<\/p>\n<p>Un anniversaire r\u00e9ussi<\/p>\n<p>Apr\u00e8s une premi\u00e8re p\u00e9riode de faible niveau, seulement marqu\u00e9e par l&rsquo;exclusion de l&rsquo;attaquant Junior Mwanga pour un jeu dangereux sur le d\u00e9fenseur Hans Hateboer (41e), Nantes s&rsquo;est retrouv\u00e9 en inf\u00e9riorit\u00e9 num\u00e9rique, ce qui a facilit\u00e9 la t\u00e2che des Lyonnais. Le jeu de l&rsquo;<a href=\"https:\/\/www.lyoncapitale.fr\/tag\/olympique-lyonnais\" target=\"_blank\" rel=\"noreferrer noopener\">OL<\/a> \u00e9tait jusqu&rsquo;alors sans fluidit\u00e9 et sans pression sur la d\u00e9fense adverse malgr\u00e9 une nette domination avec au final un seul tir cadr\u00e9, avant que la situation ne se d\u00e9bloque apr\u00e8s la mi-temps.<\/p>\n<p>A onze contre dix, c&rsquo;est le Br\u00e9silien Vinicius Abner qui a donn\u00e9 l&rsquo;avantage \u00e0 l&rsquo;OL en d\u00e9but de seconde p\u00e9riode en reprenant un tir de l&rsquo;Anglais Tyler Morton qui avait heurt\u00e9 le poteau (1-0, 51e). Abner, qui a purg\u00e9 une suspension de deux matches apr\u00e8s son exclusion contre le Paris FC (3-3) le 29 octobre dernier, avait d\u00e9j\u00e0 marqu\u00e9 en Ligue Europa jeudi contre le Maccabi Tel Aviv (6-0), match au cours duquel il aussi d\u00e9livr\u00e9 une passe d\u00e9cisive \u00e0 Corentin Tolisso.<\/p>\n<p>Le Br\u00e9silien, ancien du Betis S\u00e9ville, \u00e9tait positionn\u00e9 en piston gauche dans un 5-3-2, loin de donner satisfaction en premi\u00e8re p\u00e9riode. En fin de partie, l&rsquo;international belge Orel Mangala a fait son retour \u00e0 la comp\u00e9tition apr\u00e8s une rupture du ligament crois\u00e9 d&rsquo;un genou dont il avait \u00e9t\u00e9 victime en janvier dernier alors qu&rsquo;il \u00e9tait pr\u00eat\u00e9 \u00e0 Everton.<\/p>\n<p>Une belle victoire dans une soir\u00e9e festive pour les supporters lyonnais qui f\u00eataient les 75 ans de leur club. Et trois points qui font du bien au moral de l&rsquo;OL apr\u00e8s quatre matchs sans victoire en championnat.<\/p>\n","protected":false},"excerpt":{"rendered":"La joie des joueurs de l\u2019Olympique Lyonnais apr\u00e8s leur victoire 1-0 face \u00e0 Marseille au Groupama Stadium le&hellip;\n","protected":false},"author":2,"featured_media":427569,"comment_status":"","ping_status":"","sticky":false,"template":"","format":"standard","meta":{"footnotes":""},"categories":[2818],"tags":[1111,11,1777,674,1011,27,766,12,2636,25],"class_list":{"0":"post-570424","1":"post","2":"type-post","3":"status-publish","4":"format-standard","5":"has-post-thumbnail","7":"category-nantes","8":"tag-actu","9":"tag-actualites","10":"tag-eu","11":"tag-europe","12":"tag-fr","13":"tag-france","14":"tag-nantes","15":"tag-news","16":"tag-pays-de-la-loire","17":"tag-republique-francaise"},"share_on_mastodon":{"url":"https:\/\/pubeurope.com\/@fr\/115643053053802328","error":""},"_links":{"self":[{"href":"https:\/\/www.europesays.com\/fr\/wp-json\/wp\/v2\/posts\/570424","targetHints":{"allow":["GET"]}}],"collection":[{"href":"https:\/\/www.europesays.com\/fr\/wp-json\/wp\/v2\/posts"}],"about":[{"href":"https:\/\/www.europesays.com\/fr\/wp-json\/wp\/v2\/types\/post"}],"author":[{"embeddable":true,"href":"https:\/\/www.europesays.com\/fr\/wp-json\/wp\/v2\/users\/2"}],"replies":[{"embeddable":true,"href":"https:\/\/www.europesays.com\/fr\/wp-json\/wp\/v2\/comments?post=570424"}],"version-history":[{"count":0,"href":"https:\/\/www.europesays.com\/fr\/wp-json\/wp\/v2\/posts\/570424\/revisions"}],"wp:featuredmedia":[{"embeddable":true,"href":"https:\/\/www.europesays.com\/fr\/wp-json\/wp\/v2\/media\/427569"}],"wp:attachment":[{"href":"https:\/\/www.europesays.com\/fr\/wp-json\/wp\/v2\/media?parent=570424"}],"wp:term":[{"taxonomy":"category","embeddable":true,"href":"https:\/\/www.europesays.com\/fr\/wp-json\/wp\/v2\/categories?post=570424"},{"taxonomy":"post_tag","embeddable":true,"href":"https:\/\/www.europesays.com\/fr\/wp-json\/wp\/v2\/tags?post=570424"}],"curies":[{"name":"wp","href":"https:\/\/api.w.org\/{rel}","templated":true}]}}