{"id":570425,"date":"2025-12-01T07:08:14","date_gmt":"2025-12-01T07:08:14","guid":{"rendered":"https:\/\/www.europesays.com\/fr\/570425\/"},"modified":"2025-12-01T07:08:14","modified_gmt":"2025-12-01T07:08:14","slug":"latelier-damaya-une-ambition-ciselee","status":"publish","type":"post","link":"https:\/\/www.europesays.com\/fr\/570425\/","title":{"rendered":"L\u2019Atelier d\u2019Amaya , une ambition cisel\u00e9e"},"content":{"rendered":"<p>Il s\u2019en est pass\u00e9 du temps depuis qu\u2019Amaya, adolescente, bricolait des petits bijoux dans le garage familial. Un quart de si\u00e8cle plus tard, la marque L\u2019Atelier d\u2019Amaya est devenue une r\u00e9f\u00e9rence dans les bijoux fantaisie. L\u2019entreprise familiale est maintenant dirig\u00e9e par Amaya de Gorostarzu, qui est pr\u00e9sidente, et sa m\u00e8re, Laure de Gorostarzu, directrice g\u00e9n\u00e9rale de l\u2019entreprise. \u00ab\u00a0D\u00e9j\u00e0 enfant, Amaya \u00e9tait tr\u00e8s manuelle et cr\u00e9ative. Elle avait aussi le sens du commerce\u00a0\u00bb, remarque Laure de Gorostarzu.<\/p>\n<p>Une success story \u00e0 la bordelaise qui a su s\u2019ancrer dans le march\u00e9 hexagonal. \u00ab\u00a0On a tout fait avec du bon sens, sourit Amaya de Gorostarzu.\u00a0On a d\u00e9velopp\u00e9 une marque authentique avec une histoire\u00a0\u00e0 laquelle les clients ont adh\u00e9r\u00e9.\u00a0\u00bb<\/p>\n<p>Sur les march\u00e9s<\/p>\n<p>Les bijoux, c\u2019est sa passion. D\u00e8s son adolescence, Amaya a commenc\u00e9 \u00e0 cr\u00e9er \u00e0 partir d\u2019anciennes pi\u00e8ces qu\u2019elle d\u00e9faisait, r\u00e9cup\u00e9rant pierres et pendentifs pour les r\u00e9inventer. \u00ab\u00a0J\u2019adorais les marques Gas et R\u00e9miniscence\u00a0\u00bb, se souvient-elle. Apr\u00e8s une licence de droit, elle suit l\u2019EM Lyon Business School, tout en poursuivant ses cr\u00e9ations en parall\u00e8le. Avant m\u00eame l\u2019obtention de son dipl\u00f4me, alors qu\u2019elle a constat\u00e9 l\u2019engouement pour ses bijoux sur les march\u00e9s du Cap-Ferret et de Hossegor, elle ouvre une premi\u00e8re boutique-atelier en 2009. Amaya a alors tout juste 21 ans. Sa m\u00e8re, Laure, qui travaillait chez EDF, quitte l\u2019entreprise et participe de plus en plus \u00e0 l\u2019activit\u00e9 d\u00e9velopp\u00e9e par sa fille.<\/p>\n<p>\u00c0 la fin des \u00e9tudes d\u2019Amaya, m\u00e8re et fille d\u00e9cident de s\u2019associer pour lancer la marque \u00ab\u00a0de mani\u00e8re plus professionnelle\u00a0\u00bb, comme t\u00e9moigne Laure. Elles commencent \u00e0 cr\u00e9er des collections, trouvent leurs mati\u00e8res premi\u00e8res dans les vide-greniers, les brocantes, \u00e0 la Droguerie ou lors de leurs voyages. \u00ab\u00a0Aujourd\u2019hui encore, j\u2019adore chiner des bijoux vintage, dans un style rock, r\u00e9tro ou boh\u00e8me, note Amaya de Gorostarzu. C\u2019est une v\u00e9ritable source d\u2019inspiration.\u00a0\u00bb Gr\u00e2ce \u00e0 une fourchette de prix abordables et un large choix, L\u2019Atelier d\u2019Amaya rassemble une client\u00e8le diversifi\u00e9e, dont 20\u00a0% d\u2019hommes.<\/p>\n<p><img decoding=\"async\" aria-describedby=\"caption-attachment-218170\" class=\"wp-image-218170\" src=\"https:\/\/www.europesays.com\/fr\/wp-content\/uploads\/2025\/12\/IMG_0152-scaled.jpg\" alt=\"Laure de Gorostarzu, Amaya de Gorostarzu, L'Atelier d'Amaya\" width=\"2560\"  \/><\/p>\n<p id=\"caption-attachment-218170\" class=\"wp-caption-text\">La marque a fait des personnalisations de bijoux sa marque de fabrique. \u00a9 D. R.<\/p>\n<p>74 bout\u2026<\/p>\n","protected":false},"excerpt":{"rendered":"Il s\u2019en est pass\u00e9 du temps depuis qu\u2019Amaya, adolescente, bricolait des petits bijoux dans le garage familial. Un&hellip;\n","protected":false},"author":2,"featured_media":570426,"comment_status":"","ping_status":"","sticky":false,"template":"","format":"standard","meta":{"footnotes":""},"categories":[2817],"tags":[1111,11,1997,1777,674,1011,27,12,2219,25],"class_list":{"0":"post-570425","1":"post","2":"type-post","3":"status-publish","4":"format-standard","5":"has-post-thumbnail","7":"category-bordeaux","8":"tag-actu","9":"tag-actualites","10":"tag-bordeaux","11":"tag-eu","12":"tag-europe","13":"tag-fr","14":"tag-france","15":"tag-news","16":"tag-nouvelle-aquitaine","17":"tag-republique-francaise"},"share_on_mastodon":{"url":"https:\/\/pubeurope.com\/@fr\/115643057316892007","error":""},"_links":{"self":[{"href":"https:\/\/www.europesays.com\/fr\/wp-json\/wp\/v2\/posts\/570425","targetHints":{"allow":["GET"]}}],"collection":[{"href":"https:\/\/www.europesays.com\/fr\/wp-json\/wp\/v2\/posts"}],"about":[{"href":"https:\/\/www.europesays.com\/fr\/wp-json\/wp\/v2\/types\/post"}],"author":[{"embeddable":true,"href":"https:\/\/www.europesays.com\/fr\/wp-json\/wp\/v2\/users\/2"}],"replies":[{"embeddable":true,"href":"https:\/\/www.europesays.com\/fr\/wp-json\/wp\/v2\/comments?post=570425"}],"version-history":[{"count":0,"href":"https:\/\/www.europesays.com\/fr\/wp-json\/wp\/v2\/posts\/570425\/revisions"}],"wp:featuredmedia":[{"embeddable":true,"href":"https:\/\/www.europesays.com\/fr\/wp-json\/wp\/v2\/media\/570426"}],"wp:attachment":[{"href":"https:\/\/www.europesays.com\/fr\/wp-json\/wp\/v2\/media?parent=570425"}],"wp:term":[{"taxonomy":"category","embeddable":true,"href":"https:\/\/www.europesays.com\/fr\/wp-json\/wp\/v2\/categories?post=570425"},{"taxonomy":"post_tag","embeddable":true,"href":"https:\/\/www.europesays.com\/fr\/wp-json\/wp\/v2\/tags?post=570425"}],"curies":[{"name":"wp","href":"https:\/\/api.w.org\/{rel}","templated":true}]}}