{"id":570427,"date":"2025-12-01T07:09:16","date_gmt":"2025-12-01T07:09:16","guid":{"rendered":"https:\/\/www.europesays.com\/fr\/570427\/"},"modified":"2025-12-01T07:09:16","modified_gmt":"2025-12-01T07:09:16","slug":"la-meteo-a-bordeaux-du-lundi-1er-decembre-2025","status":"publish","type":"post","link":"https:\/\/www.europesays.com\/fr\/570427\/","title":{"rendered":"La m\u00e9t\u00e9o \u00e0 Bordeaux du lundi 1er d\u00e9cembre 2025"},"content":{"rendered":"<p><strong>Pr\u00e9visions M\u00e9t\u00e9o \u00e0 Bordeaux demain<\/strong><\/p>\n<p>Demain, des pluies \u00e9parses sont attendues. Les temp\u00e9ratures s&rsquo;\u00e9tireront entre une minimale de 7\u00b0C et une maximale de 10\u00b0C. Une l\u00e9g\u00e8re brise de 7 km\/h soufflera. La temp\u00e9rature ext\u00e9rieure \u00e9galera les 8\u00b0C le matin. 9\u00b0C, ce sera la temp\u00e9rature moyenne demain apr\u00e8s-midi, une valeur au-dessus des normales saisonni\u00e8res.<\/p>\n<p><strong>M\u00e9t\u00e9o \u00e0 Bordeaux pour les prochains jours<\/strong><\/p>\n","protected":false},"excerpt":{"rendered":"Pr\u00e9visions M\u00e9t\u00e9o \u00e0 Bordeaux demain Demain, des pluies \u00e9parses sont attendues. Les temp\u00e9ratures s&rsquo;\u00e9tireront entre une minimale de&hellip;\n","protected":false},"author":2,"featured_media":570428,"comment_status":"","ping_status":"","sticky":false,"template":"","format":"standard","meta":{"footnotes":""},"categories":[2817],"tags":[1111,11,1997,1777,674,1011,27,12,2219,25],"class_list":{"0":"post-570427","1":"post","2":"type-post","3":"status-publish","4":"format-standard","5":"has-post-thumbnail","7":"category-bordeaux","8":"tag-actu","9":"tag-actualites","10":"tag-bordeaux","11":"tag-eu","12":"tag-europe","13":"tag-fr","14":"tag-france","15":"tag-news","16":"tag-nouvelle-aquitaine","17":"tag-republique-francaise"},"share_on_mastodon":{"url":"https:\/\/pubeurope.com\/@fr\/115643060373037137","error":""},"_links":{"self":[{"href":"https:\/\/www.europesays.com\/fr\/wp-json\/wp\/v2\/posts\/570427","targetHints":{"allow":["GET"]}}],"collection":[{"href":"https:\/\/www.europesays.com\/fr\/wp-json\/wp\/v2\/posts"}],"about":[{"href":"https:\/\/www.europesays.com\/fr\/wp-json\/wp\/v2\/types\/post"}],"author":[{"embeddable":true,"href":"https:\/\/www.europesays.com\/fr\/wp-json\/wp\/v2\/users\/2"}],"replies":[{"embeddable":true,"href":"https:\/\/www.europesays.com\/fr\/wp-json\/wp\/v2\/comments?post=570427"}],"version-history":[{"count":0,"href":"https:\/\/www.europesays.com\/fr\/wp-json\/wp\/v2\/posts\/570427\/revisions"}],"wp:featuredmedia":[{"embeddable":true,"href":"https:\/\/www.europesays.com\/fr\/wp-json\/wp\/v2\/media\/570428"}],"wp:attachment":[{"href":"https:\/\/www.europesays.com\/fr\/wp-json\/wp\/v2\/media?parent=570427"}],"wp:term":[{"taxonomy":"category","embeddable":true,"href":"https:\/\/www.europesays.com\/fr\/wp-json\/wp\/v2\/categories?post=570427"},{"taxonomy":"post_tag","embeddable":true,"href":"https:\/\/www.europesays.com\/fr\/wp-json\/wp\/v2\/tags?post=570427"}],"curies":[{"name":"wp","href":"https:\/\/api.w.org\/{rel}","templated":true}]}}