{"id":570433,"date":"2025-12-01T07:12:15","date_gmt":"2025-12-01T07:12:15","guid":{"rendered":"https:\/\/www.europesays.com\/fr\/570433\/"},"modified":"2025-12-01T07:12:15","modified_gmt":"2025-12-01T07:12:15","slug":"17-membres-presumes-dun-reseau-de-taxi-boats-juges-a-lille-jusquau-12-decembre","status":"publish","type":"post","link":"https:\/\/www.europesays.com\/fr\/570433\/","title":{"rendered":"17 membres pr\u00e9sum\u00e9s d&rsquo;un r\u00e9seau de \u00ab\u00a0taxi-boats\u00a0\u00bb jug\u00e9s \u00e0 Lille jusqu&rsquo;au 12 d\u00e9cembre"},"content":{"rendered":"<p>Les investigations ont r\u00e9v\u00e9l\u00e9 \u00ab\u00a0un vaste r\u00e9seau international de passeurs\u00a0\u00bb, majoritairement syriens, ayant organis\u00e9 plus d&rsquo;une cinquantaine de travers\u00e9es ill\u00e9gales d&rsquo;avril 2023 \u00e0 ao\u00fbt 2024 \u00ab\u00a0de la fronti\u00e8re belge jusqu&rsquo;\u00e0 Berck.<\/p>\n<p>Un vaste r\u00e9seau international de passeurs utilisant des \u00ab\u00a0taxi-boats\u00a0\u00bb pour acheminer des migrants clandestinement de la France vers l&rsquo;Angleterre, dont quatre membres sont poursuivis pour homicide involontaire apr\u00e8s la <a href=\"https:\/\/www.bfmtv.com\/grand-littoral\/pas-de-calais-une-migrante-retrouvee-morte-sur-une-plage-a-sangatte_AD-202309260388.html\" title=\"Pas-de-Calais: une migrante retrouv\u00e9e morte sur une plage \u00e0 Sangatte, une enqu\u00eate en cours\" class=\"internal_link\" target=\"_blank\" rel=\"noopener\">mort d&rsquo;une \u00c9rythr\u00e9enne en 2023<\/a>, est jug\u00e9 \u00e0 partir de ce lundi 1er d\u00e9cembre \u00e0 Lille.<\/p>\n<p>Jusqu&rsquo;au 12 d\u00e9cembre, dix-sept pr\u00e9venus compara\u00eetront devant la chambre correctionnelle de la juridiction interr\u00e9gionale sp\u00e9cialis\u00e9e (Jirs) du tribunal judiciaire de Lille pour \u00ab\u00a0aide \u00e0 l&rsquo;entr\u00e9e, \u00e0 la circulation ou au s\u00e9jour irr\u00e9guliers d&rsquo;un \u00e9tranger en bande organis\u00e9e\u00a0\u00bb, \u00ab\u00a0participation \u00e0 une association de malfaiteurs\u00a0\u00bb et \u00ab\u00a0mise en danger d&rsquo;autrui\u00a0\u00bb, a indiqu\u00e9 le parquet de Lille dans un communiqu\u00e9.<\/p>\n<p>Quatre d&rsquo;entre eux sont \u00e9galement poursuivis pour \u00ab\u00a0homicide involontaire\u00a0\u00bb commis le 26 septembre 2023.<\/p>\n<p>Les \u00ab\u00a0taxi-boats\u00a0\u00bb comme mode op\u00e9ratoire<\/p>\n<p>Ce jour-l\u00e0, une ressortissante \u00e9rythr\u00e9enne n\u00e9e en 1999 avait \u00e9t\u00e9 retrouv\u00e9e morte sur une <a href=\"https:\/\/www.bfmtv.com\/grand-littoral\/migrante-retrouvee-morte-a-sangatte-15-personnes-mises-en-examen-dont-11-placees-en-detention-provisoire_AD-202310101016.html\" title=\"Migrante retrouv\u00e9e morte \u00e0 Sangatte: 15 personnes mises en examen dont 11 plac\u00e9es en d\u00e9tention provisoire\" class=\"internal_link\" target=\"_blank\" rel=\"noopener\">plage de Sangatte (Pas-de-Calais)<\/a> apr\u00e8s une nuit marqu\u00e9e par une s\u00e9rie de tentatives de travers\u00e9e de la Manche.<\/p>\n<p>Douze pr\u00e9venus sont en d\u00e9tention provisoire et cinq autres sont appel\u00e9s \u00e0 compara\u00eetre libres, sous contr\u00f4le judiciaire.<\/p>\n<p>Ce proc\u00e8s fait suite \u00e0 des investigations de la police aux fronti\u00e8res sur un r\u00e9seau de passeurs, soup\u00e7onn\u00e9 d&rsquo;\u00eatre impliqu\u00e9 dans la mort de sept candidats \u00e0 l&rsquo;exil au total, a pr\u00e9cis\u00e9 le parquet.<\/p>\n<p>Ils utilisaient des \u00ab\u00a0taxi-boats\u00a0\u00bb, un mode op\u00e9ratoire qui consiste \u00e0 mettre \u00e0 l&rsquo;eau des embarcations \u00e0 l&rsquo;abri des regards -notamment depuis des cours d&rsquo;eau \u00e0 l&rsquo;int\u00e9rieur des terres- afin d&rsquo;\u00e9chapper \u00e0 la surveillance des forces de l&rsquo;ordre pr\u00e8s des principales plages de d\u00e9part.<\/p>\n<p>Les bateaux pneumatiques s&rsquo;approchent ensuite par la mer de ces plages, pour r\u00e9cup\u00e9rer des passagers directement dans l&rsquo;eau, avant de poursuivre leur route vers l&rsquo;Angleterre.<\/p>\n<p>Changement de doctrine en France<\/p>\n<p>Les investigations ont r\u00e9v\u00e9l\u00e9 \u00ab\u00a0un vaste r\u00e9seau international de passeurs\u00a0\u00bb, majoritairement syriens mais aussi afghans ou soudanais, ayant organis\u00e9 plus d&rsquo;une cinquantaine de travers\u00e9es ill\u00e9gales d&rsquo;avril 2023 \u00e0 ao\u00fbt 2024 \u00ab\u00a0de la fronti\u00e8re belge jusqu&rsquo;\u00e0 Berck\u00a0\u00bb (Pas-de-Calais), a pr\u00e9cis\u00e9 le parquet.<\/p>\n<p>Il est \u00ab\u00a0responsable de la mort de sept personnes dont deux mineurs, survenues les 26 septembre 2023, 14 janvier 2024 et 2 mars 2024\u00a0\u00bb. Au total, vingt-quatre membres du r\u00e9seau ont \u00e9t\u00e9 interpell\u00e9s lors de plusieurs op\u00e9rations.<\/p>\n<p>Durant le proc\u00e8s qui s&rsquo;ouvre lundi, \u00ab\u00a0seuls les faits commis entre avril 2023 et le 2 octobre 2023, date de la premi\u00e8re op\u00e9ration d&rsquo;interpellation, seront jug\u00e9s\u00a0\u00bb. Des \u00ab\u00a0investigations se poursuivent pour le reste des membres\u00a0\u00bb, a ajout\u00e9 le parquet.<\/p>\n<p>Apr\u00e8s des mois de discussions, la France a annonc\u00e9 vendredi 28 novembre qu&rsquo;elle d\u00e9buterait \u00ab\u00a0prochainement\u00a0\u00bb des op\u00e9rations visant \u00e0 intercepter en mer les \u00ab\u00a0taxi-boats\u00a0\u00bb avant l&#8217;embarquement des migrants, un changement de doctrine r\u00e9clam\u00e9 de longue date par Londres.<\/p>\n<p>Partager <\/p>\n","protected":false},"excerpt":{"rendered":"Les investigations ont r\u00e9v\u00e9l\u00e9 \u00ab\u00a0un vaste r\u00e9seau international de passeurs\u00a0\u00bb, majoritairement syriens, ayant organis\u00e9 plus d&rsquo;une cinquantaine de&hellip;\n","protected":false},"author":2,"featured_media":226384,"comment_status":"","ping_status":"","sticky":false,"template":"","format":"standard","meta":{"footnotes":""},"categories":[2815],"tags":[1111,11,1777,674,1011,27,811,1307,12,25],"class_list":{"0":"post-570433","1":"post","2":"type-post","3":"status-publish","4":"format-standard","5":"has-post-thumbnail","7":"category-lille","8":"tag-actu","9":"tag-actualites","10":"tag-eu","11":"tag-europe","12":"tag-fr","13":"tag-france","14":"tag-hauts-de-france","15":"tag-lille","16":"tag-news","17":"tag-republique-francaise"},"share_on_mastodon":{"url":"https:\/\/pubeurope.com\/@fr\/115643072142361999","error":""},"_links":{"self":[{"href":"https:\/\/www.europesays.com\/fr\/wp-json\/wp\/v2\/posts\/570433","targetHints":{"allow":["GET"]}}],"collection":[{"href":"https:\/\/www.europesays.com\/fr\/wp-json\/wp\/v2\/posts"}],"about":[{"href":"https:\/\/www.europesays.com\/fr\/wp-json\/wp\/v2\/types\/post"}],"author":[{"embeddable":true,"href":"https:\/\/www.europesays.com\/fr\/wp-json\/wp\/v2\/users\/2"}],"replies":[{"embeddable":true,"href":"https:\/\/www.europesays.com\/fr\/wp-json\/wp\/v2\/comments?post=570433"}],"version-history":[{"count":0,"href":"https:\/\/www.europesays.com\/fr\/wp-json\/wp\/v2\/posts\/570433\/revisions"}],"wp:featuredmedia":[{"embeddable":true,"href":"https:\/\/www.europesays.com\/fr\/wp-json\/wp\/v2\/media\/226384"}],"wp:attachment":[{"href":"https:\/\/www.europesays.com\/fr\/wp-json\/wp\/v2\/media?parent=570433"}],"wp:term":[{"taxonomy":"category","embeddable":true,"href":"https:\/\/www.europesays.com\/fr\/wp-json\/wp\/v2\/categories?post=570433"},{"taxonomy":"post_tag","embeddable":true,"href":"https:\/\/www.europesays.com\/fr\/wp-json\/wp\/v2\/tags?post=570433"}],"curies":[{"name":"wp","href":"https:\/\/api.w.org\/{rel}","templated":true}]}}