{"id":570436,"date":"2025-12-01T07:14:13","date_gmt":"2025-12-01T07:14:13","guid":{"rendered":"https:\/\/www.europesays.com\/fr\/570436\/"},"modified":"2025-12-01T07:14:13","modified_gmt":"2025-12-01T07:14:13","slug":"voici-ce-quil-se-passe-6","status":"publish","type":"post","link":"https:\/\/www.europesays.com\/fr\/570436\/","title":{"rendered":"voici ce qu&rsquo;il se passe"},"content":{"rendered":"<p>                    Par<br \/>\n        <strong><br \/>\n            <a href=\"https:\/\/actu.fr\/auteur\/fabien-binacchi\" title=\"Consulter tous les articles de Fabien Binacchi\" target=\"_blank\" rel=\"noopener\">Fabien Binacchi<\/a><br \/>\n                    <\/strong><\/p>\n<p>        Publi\u00e9 le<\/p>\n<p>            1 d\u00e9c. 2025 \u00e0 7h58        <\/p>\n<p>Le service a \u00e9t\u00e9 interrompu en urgence. Depuis environ 7h30 ce lundi 1er\u00a0d\u00e9cembre 2025, cinq stations du <a href=\"https:\/\/actu.fr\/tag\/metro-de-marseille\" target=\"_blank\" rel=\"noopener\">m\u00e9tro<\/a> de <a href=\"https:\/\/actu.fr\/marseille\/\" target=\"_blank\" rel=\"noopener\">Marseille<\/a> ne sont plus desservies sur la ligne M1, indique la <a href=\"https:\/\/actu.fr\/tag\/rtm\" target=\"_blank\" rel=\"noopener\">RTM.<\/a><\/p>\n<p class=\" wall-content\">Voici ce qu\u2019il se passe.<\/p>\n<p>La station Castellane en d\u00e9rangement\u00a0<\/p>\n<p class=\" wall-content\">Un <strong>\u00ab\u2009incident technique\u2009\u00bb<\/strong> est en cours au niveau de la station Castellane, dans le 6e arrondissement de Marseille, fait savoir la r\u00e9gie, sans plus de pr\u00e9cision \u00e0 ce stade.<\/p>\n<p class=\" wall-content\">En cons\u00e9quence, le service est \u00ab\u2009interrompu entre Saint-Charles et La Timone\u2009\u00bb. Cinq stations ne sont pas desservies\u2009: <strong>Colbert, Vieux-Port, Estrangin, Castellane et Baille.<\/strong><\/p>\n<p class=\" wall-content\">\n<p>Un Bus Relais en action<\/p>\n<p class=\" wall-content\">La RTM ne donne pour le moment pas d\u2019heure de reprise du trafic. Mais cela pourrait durer. Un service de Bus Relais est entr\u00e9 en action <strong>entre Saint-Charles et la Timone.<\/strong><\/p>\n<p class=\" wall-content\">Plus d\u2019infos sur son fonctionnement directement <a href=\"https:\/\/www.rtm.fr\/infos-trafic\/6334399245895287289\" target=\"_blank\" rel=\"noopener\">\u00e0 cette adresse.<\/a><\/p>\n<p class=\" wall-content\">Personnalisez votre actualit\u00e9 en ajoutant vos villes et m\u00e9dias en favori avec <a href=\"https:\/\/moncompte.actu.fr\" title=\"D\u00e9couvez Mon Actu\" rel=\"nofollow noopener\" data-trk=\"{&quot;cta&quot;:{&quot;action&quot;:&quot;https:\\\/\\\/moncompte.actu.fr&quot;,&quot;category&quot;:&quot;mon compte&quot;,&quot;from&quot;:&quot;article footer&quot;,&quot;name&quot;:&quot;Mon actu&quot;,&quot;type&quot;:&quot;cta&quot;}}\" target=\"_blank\">Mon Actu<\/a>.<\/p>\n","protected":false},"excerpt":{"rendered":"Par Fabien Binacchi Publi\u00e9 le 1 d\u00e9c. 2025 \u00e0 7h58 Le service a \u00e9t\u00e9 interrompu en urgence. Depuis&hellip;\n","protected":false},"author":2,"featured_media":279083,"comment_status":"","ping_status":"","sticky":false,"template":"","format":"standard","meta":{"footnotes":""},"categories":[2814],"tags":[1111,11,1777,674,118,1011,27,884,39669,12,882,25,10783,2803],"class_list":{"0":"post-570436","1":"post","2":"type-post","3":"status-publish","4":"format-standard","5":"has-post-thumbnail","7":"category-marseille","8":"tag-actu","9":"tag-actualites","10":"tag-eu","11":"tag-europe","12":"tag-faits-divers","13":"tag-fr","14":"tag-france","15":"tag-marseille","16":"tag-metro-de-marseille","17":"tag-news","18":"tag-provence-alpes-cote-dazur","19":"tag-republique-francaise","20":"tag-rtm","21":"tag-transport"},"share_on_mastodon":{"url":"https:\/\/pubeurope.com\/@fr\/115643080006259604","error":""},"_links":{"self":[{"href":"https:\/\/www.europesays.com\/fr\/wp-json\/wp\/v2\/posts\/570436","targetHints":{"allow":["GET"]}}],"collection":[{"href":"https:\/\/www.europesays.com\/fr\/wp-json\/wp\/v2\/posts"}],"about":[{"href":"https:\/\/www.europesays.com\/fr\/wp-json\/wp\/v2\/types\/post"}],"author":[{"embeddable":true,"href":"https:\/\/www.europesays.com\/fr\/wp-json\/wp\/v2\/users\/2"}],"replies":[{"embeddable":true,"href":"https:\/\/www.europesays.com\/fr\/wp-json\/wp\/v2\/comments?post=570436"}],"version-history":[{"count":0,"href":"https:\/\/www.europesays.com\/fr\/wp-json\/wp\/v2\/posts\/570436\/revisions"}],"wp:featuredmedia":[{"embeddable":true,"href":"https:\/\/www.europesays.com\/fr\/wp-json\/wp\/v2\/media\/279083"}],"wp:attachment":[{"href":"https:\/\/www.europesays.com\/fr\/wp-json\/wp\/v2\/media?parent=570436"}],"wp:term":[{"taxonomy":"category","embeddable":true,"href":"https:\/\/www.europesays.com\/fr\/wp-json\/wp\/v2\/categories?post=570436"},{"taxonomy":"post_tag","embeddable":true,"href":"https:\/\/www.europesays.com\/fr\/wp-json\/wp\/v2\/tags?post=570436"}],"curies":[{"name":"wp","href":"https:\/\/api.w.org\/{rel}","templated":true}]}}