{"id":570437,"date":"2025-12-01T07:15:29","date_gmt":"2025-12-01T07:15:29","guid":{"rendered":"https:\/\/www.europesays.com\/fr\/570437\/"},"modified":"2025-12-01T07:15:29","modified_gmt":"2025-12-01T07:15:29","slug":"il-etait-temps-mais-il-faut-aller-plus-loin-dans-le-vallon-de-vaufreges-un-radar-urbain-pour-limiter-la-vitesse","status":"publish","type":"post","link":"https:\/\/www.europesays.com\/fr\/570437\/","title":{"rendered":"\u00ab\u00a0Il \u00e9tait temps mais il faut aller plus loin\u00a0\u00bb dans le vallon de Vaufr\u00e8ges un radar urbain pour limiter la vitesse"},"content":{"rendered":"<p>Voil\u00e0 un radar qui ne va pas ch\u00f4mer. Install\u00e9 depuis mi-novembre sur la route L\u00e9on Larchamp (9e arrondissement de Marseille) qui m\u00e8ne \u00e0 la Gineste, ce nouvel appareil flashe au-dessus de 50 km\/h. Indispensable et pourtant insuffisant pour les riverains, qui veulent des am\u00e9nagements de la voirie.<\/p>\n<p>\u00ab\u00a0Enfin\u00a0! depuis le temps qu&rsquo;on l&rsquo;attendait.\u00a0\u00bb V\u00e9ronique vient de se garer devant le magasin discount \u00e0 hauteur du nouveau radar urbain de la route L\u00e9on Larchamp \u00e0 Marseille (9e arrondissement), et elle soupire\u00a0: \u00ab\u00a0Ici les gens font n&rsquo;importe quoi au volant alors qu&rsquo;on est en ville.\u00a0\u00bb \u00c0 ses c\u00f4t\u00e9s, Pierre, motard qui connait bien le secteur, acquiesce\u00a0: <strong>\u00ab\u00a0Les gens roulent beaucoup trop vite ici, j&rsquo;en ai vu d\u00e9passer les 100 km\/h.\u00a0\u00bb<\/strong><\/p>\n<p>\u00ab\u00a0On fait tr\u00e8s attention quand on veut traverser\u00a0\u00bb<\/p>\n<p>Cette route, large et plut\u00f4t rectiligne, conduit \u00e0 la Gineste. Et depuis longtemps les riverains comme Pierrick d\u00e9non\u00e7aient les exc\u00e8s de vitesse\u00a0: \u00ab\u00a0J*&rsquo;habite en bordure de route, on fait tr\u00e8s tr\u00e8s attention avec ma femme quand on veut traverser. \u00c0 toute heure de la journ\u00e9e*\u00a0\u00bb. Cet ancien marin-pompier de la caserne de Luminy estime qu&rsquo;il y a,\u00a0<strong>chaque week-end, au moins deux accidents corporels s\u00e9rieux sur la route de la Gineste<\/strong>.<\/p>\n<p>\u00ab\u00a0Ils font des runs comme au circuit du Castellet\u00a0\u00bb<\/p>\n<p>Pour certains habitants, un \u00ab\u00a0simple\u00a0\u00bb radar n&rsquo;est pas suffisant pour calmer, sur cette route, l&rsquo;ardeur des v\u00e9hicules\u00a0: \u00ab\u00a0Le week-end les motards se croient au Castellet ici. Ils font des run. Ils font la course et doublent n&rsquo;importe o\u00f9. Si on ne fait pas attention on s&rsquo;en trouve un en face \u00e0 la sortie d&rsquo;un virage\u00a0\u00bb, t\u00e9moignent Laurence et Bernard. Pour Christiane, il faut aussi pouvoir r\u00e9gler le probl\u00e8me du bruit\u00a0: <strong>\u00ab\u00a0Les jeunes viennent ici \u00e0 moto. Ils cabrent et font un vacarme infernal.\u00a0\u00bb<\/strong> Une impression confirm\u00e9e par Pierrick\u00a0: \u00ab\u00a0Aux beaux jours on ne peut pas rester sur la terrasse, c&rsquo;est trop stressant.\u00a0\u00bb<\/p>\n<p>Le comit\u00e9 d&rsquo;int\u00e9r\u00eat de quartier (CIQ) de Vaufr\u00e8ges se f\u00e9licite pour ce nouveau radar mais estime qu&rsquo;il faut aller plus loin\u00a0: \u00ab\u00a0C&rsquo;est un endroit dangereux avec un passage pi\u00e9ton, des commerces, un arr\u00eat de bus. Il y a les nuisances sonores.\u00a0<strong>On voulait un radar tron\u00e7on mais ce n&rsquo;\u00e9tait pas possible<\/strong>. Il faudrait am\u00e9nager la route pour casser la vitesse. Avec des feux tricolores ou des chicanes. Nous sommes pr\u00eats \u00e0 en discuter avec la pr\u00e9fecture de police, la M\u00e9tropole et la Mairie\u00a0\u00bb, lance Florence Ludwig, la pr\u00e9sidente.<\/p>\n<p>\u00c0 lire aussi   <img decoding=\"async\" src=\"https:\/\/www.europesays.com\/fr\/wp-content\/uploads\/2025\/12\/400x400\" alt=\"\" style=\"--_image-preview:url('data:image\/jpeg;base64,\/9j\/2wBDACgcHiMeGSgjISMtKygwPGRBPDc3PHtYXUlkkYCZlo+AjIqgtObDoKrarYqMyP\/L2u71\/\/\/\/m8H\/\/\/\/6\/+b9\/\/j\/2wBDASstLTw1PHZBQXb4pYyl+Pj4+Pj4+Pj4+Pj4+Pj4+Pj4+Pj4+Pj4+Pj4+Pj4+Pj4+Pj4+Pj4+Pj4+Pj4+Pj4+Pj\/wAARCAAXACoDASIAAhEBAxEB\/8QAFwABAQEBAAAAAAAAAAAAAAAAAAIDAf\/EABgQAQEBAQEAAAAAAAAAAAAAAAABAhES\/8QAFgEBAQEAAAAAAAAAAAAAAAAAAQAC\/8QAFREBAQAAAAAAAAAAAAAAAAAAABH\/2gAMAwEAAhEDEQA\/AM5FwmVSEOytJUSKhojSV1EV1VRlMqmQZad8nACDoIv\/2Q==');\" loading=\"lazy\" fetchpriority=\"low\" aria-hidden=\"true\" class=\"svelte-1cksh76 rounded\" onload=\"this.__e=event\" onerror=\"this.__e=event\"\/><\/p>\n","protected":false},"excerpt":{"rendered":"Voil\u00e0 un radar qui ne va pas ch\u00f4mer. Install\u00e9 depuis mi-novembre sur la route L\u00e9on Larchamp (9e arrondissement&hellip;\n","protected":false},"author":2,"featured_media":570438,"comment_status":"","ping_status":"","sticky":false,"template":"","format":"standard","meta":{"footnotes":""},"categories":[2814],"tags":[1111,11,1777,674,1011,27,884,12,882,25],"class_list":{"0":"post-570437","1":"post","2":"type-post","3":"status-publish","4":"format-standard","5":"has-post-thumbnail","7":"category-marseille","8":"tag-actu","9":"tag-actualites","10":"tag-eu","11":"tag-europe","12":"tag-fr","13":"tag-france","14":"tag-marseille","15":"tag-news","16":"tag-provence-alpes-cote-dazur","17":"tag-republique-francaise"},"share_on_mastodon":{"url":"https:\/\/pubeurope.com\/@fr\/115643084700442657","error":""},"_links":{"self":[{"href":"https:\/\/www.europesays.com\/fr\/wp-json\/wp\/v2\/posts\/570437","targetHints":{"allow":["GET"]}}],"collection":[{"href":"https:\/\/www.europesays.com\/fr\/wp-json\/wp\/v2\/posts"}],"about":[{"href":"https:\/\/www.europesays.com\/fr\/wp-json\/wp\/v2\/types\/post"}],"author":[{"embeddable":true,"href":"https:\/\/www.europesays.com\/fr\/wp-json\/wp\/v2\/users\/2"}],"replies":[{"embeddable":true,"href":"https:\/\/www.europesays.com\/fr\/wp-json\/wp\/v2\/comments?post=570437"}],"version-history":[{"count":0,"href":"https:\/\/www.europesays.com\/fr\/wp-json\/wp\/v2\/posts\/570437\/revisions"}],"wp:featuredmedia":[{"embeddable":true,"href":"https:\/\/www.europesays.com\/fr\/wp-json\/wp\/v2\/media\/570438"}],"wp:attachment":[{"href":"https:\/\/www.europesays.com\/fr\/wp-json\/wp\/v2\/media?parent=570437"}],"wp:term":[{"taxonomy":"category","embeddable":true,"href":"https:\/\/www.europesays.com\/fr\/wp-json\/wp\/v2\/categories?post=570437"},{"taxonomy":"post_tag","embeddable":true,"href":"https:\/\/www.europesays.com\/fr\/wp-json\/wp\/v2\/tags?post=570437"}],"curies":[{"name":"wp","href":"https:\/\/api.w.org\/{rel}","templated":true}]}}