{"id":570444,"date":"2025-12-01T07:20:16","date_gmt":"2025-12-01T07:20:16","guid":{"rendered":"https:\/\/www.europesays.com\/fr\/570444\/"},"modified":"2025-12-01T07:20:16","modified_gmt":"2025-12-01T07:20:16","slug":"lexpo-mouvement-2-sinstalle-dans-le-marais","status":"publish","type":"post","link":"https:\/\/www.europesays.com\/fr\/570444\/","title":{"rendered":"L&rsquo;expo Mouvement #2\u00a0s&rsquo;installe dans le Marais"},"content":{"rendered":"<p>\n  Du 26 novembre au 1er d\u00e9cembre, Vagabond Art Club installe son exposition photographique Mouvement N\u00b02 dans la Galerie [S] Mortier, au 77 rue Amelot, dans le Marais.\n<\/p>\n<p>\n  <strong>Exposition photographique Mouvement N\u00b02<\/strong>\n<\/p>\n<p>\n  Le mouvement est souffle vital\u00a0: puissant et fragile \u00e0 la fois. Chaque geste engage une m\u00e9canique complexe, mue par la volont\u00e9\u00a0: muscles, tendons, souffle, \u00e9quilibre. La photographie est la r\u00e9v\u00e9latrice de ce ballet qui \u00e9chappe \u00e0 l\u2019oeil nu. En figeant l\u2019instant, elle l\u2019offre au regard\u00a0: impudique, sublim\u00e9, sculptural. Mouvement N\u00b02 se d\u00e9ploie comme une partition ouverte, o\u00f9 chaque artiste, tel un soliste, compose sa propre variation.\n<\/p>\n<p>\n  Le format Vagabond: 6 photographes confirm\u00e9s et \u00e9mergents. Le format des \u0153uvres est limit\u00e9 aux dimensions d\u2019une valise cabine (55 \u00d7 35 \u00d7 35 cm). Le prix de vente public est plafonn\u00e9 pour rester accessible.\n<\/p>\n<p>\n  <strong>Letizia LE FUR \/ Wai Ming LUNG \/ Ali MAHDAVI \/ ORLAN \/ FX PELISSIER \/ St\u00e9fanie RENOMA<\/strong>\n<\/p>\n<p>\n  <strong>Vagabond Art Club<\/strong> est n\u00e9 de la rencontre de Wai Ming Lung, artiste plasticien n\u00e9 \u00e0 Hong Kong, aujourd\u2019hui install\u00e9 \u00e0 Paris, et de Damien Brachet, art advisor. Ces deux partenaires d\u00e9veloppent depuis 2022 ce concept itin\u00e9rant baptis\u00e9 Vagabond, une plateforme de d\u00e9veloppement culturel pens\u00e9 pour les artistes, par des artistes.\n<\/p>\n<p>\n  <strong>A propos de la Galerie [S] Mortier <\/strong>\n<\/p>\n<p>\n  Cr\u00e9e en 2019, au 77 rue Amelot Paris XI, par St\u00e9phane Mortier, la Galerie [S] Mortier est un espace d\u00e9di\u00e9 \u00e0 la cr\u00e9ation et l\u2019art contemporain.\n<\/p>\n<p>\n  St\u00e9phane appartient \u00e0 cette g\u00e9n\u00e9ration de galeristes parisiens capables de conjuguer exigence conceptuelle et accessibilit\u00e9 \u00e0 tous les publics. Figure discr\u00e8te mais d\u00e9terminante, il cultive une mani\u00e8re singuli\u00e8re de faire vivre l\u2019art, en multipliant les initiatives \u00e0 la fois sensibles et ouvertes, tel un \u00ab\u00a0passeur\u00a0\u00bb.\n<\/p>\n<p>\n  Fervent d\u00e9fenseur d\u2019un art accessible, affranchi des cadres habituels, St\u00e9phane Mortier a lanc\u00e9 il y a sept ans un projet d\u2019affiches urbaines qui diffuse chaque mois, dans plusieurs villes, une \u0153uvre unique placard\u00e9e sur les murs, offerte au regard de tous. \u00c0 cette d\u00e9marche de partage s\u2019ajoute l\u2019\u00e9dition annuelle d\u2019un journal au format quotidien, consacr\u00e9 \u00e0 un artiste qu\u2019il affectionne particuli\u00e8rement\u00a0: Jean-Pierre Raynaud ouvrait la s\u00e9rie, suivi d\u2019Annette Messager, tandis que le plus r\u00e9cent num\u00e9ro se d\u00e9ploie autour du travail de Jonathan Monk.<\/p>\n","protected":false},"excerpt":{"rendered":"Du 26 novembre au 1er d\u00e9cembre, Vagabond Art Club installe son exposition photographique Mouvement N\u00b02 dans la Galerie&hellip;\n","protected":false},"author":2,"featured_media":570445,"comment_status":"","ping_status":"","sticky":false,"template":"","format":"standard","meta":{"footnotes":""},"categories":[1888],"tags":[1111,1928,11,1927,1777,674,1011,27,12,1926,626,1925,25],"class_list":{"0":"post-570444","1":"post","2":"type-post","3":"status-publish","4":"format-standard","5":"has-post-thumbnail","7":"category-paris","8":"tag-actu","9":"tag-actu-paris","10":"tag-actualites","11":"tag-actualites-paris","12":"tag-eu","13":"tag-europe","14":"tag-fr","15":"tag-france","16":"tag-news","17":"tag-news-paris","18":"tag-paris","19":"tag-paris-news","20":"tag-republique-francaise"},"share_on_mastodon":{"url":"https:\/\/pubeurope.com\/@fr\/115643105507476239","error":""},"_links":{"self":[{"href":"https:\/\/www.europesays.com\/fr\/wp-json\/wp\/v2\/posts\/570444","targetHints":{"allow":["GET"]}}],"collection":[{"href":"https:\/\/www.europesays.com\/fr\/wp-json\/wp\/v2\/posts"}],"about":[{"href":"https:\/\/www.europesays.com\/fr\/wp-json\/wp\/v2\/types\/post"}],"author":[{"embeddable":true,"href":"https:\/\/www.europesays.com\/fr\/wp-json\/wp\/v2\/users\/2"}],"replies":[{"embeddable":true,"href":"https:\/\/www.europesays.com\/fr\/wp-json\/wp\/v2\/comments?post=570444"}],"version-history":[{"count":0,"href":"https:\/\/www.europesays.com\/fr\/wp-json\/wp\/v2\/posts\/570444\/revisions"}],"wp:featuredmedia":[{"embeddable":true,"href":"https:\/\/www.europesays.com\/fr\/wp-json\/wp\/v2\/media\/570445"}],"wp:attachment":[{"href":"https:\/\/www.europesays.com\/fr\/wp-json\/wp\/v2\/media?parent=570444"}],"wp:term":[{"taxonomy":"category","embeddable":true,"href":"https:\/\/www.europesays.com\/fr\/wp-json\/wp\/v2\/categories?post=570444"},{"taxonomy":"post_tag","embeddable":true,"href":"https:\/\/www.europesays.com\/fr\/wp-json\/wp\/v2\/tags?post=570444"}],"curies":[{"name":"wp","href":"https:\/\/api.w.org\/{rel}","templated":true}]}}