{"id":570446,"date":"2025-12-01T07:21:30","date_gmt":"2025-12-01T07:21:30","guid":{"rendered":"https:\/\/www.europesays.com\/fr\/570446\/"},"modified":"2025-12-01T07:21:30","modified_gmt":"2025-12-01T07:21:30","slug":"paris-la-maison-dior-revele-les-secrets-dazzedine-alaia","status":"publish","type":"post","link":"https:\/\/www.europesays.com\/fr\/570446\/","title":{"rendered":"Paris. La Maison Dior r\u00e9v\u00e8le les secrets d\u2019Azzedine Ala\u00efa"},"content":{"rendered":"<p>            <a href=\"https:\/\/unidivers.fr\/wp-content\/uploads\/2025\/11\/dior-alaia-27.jpg\" data-caption=\"\" target=\"_blank\" rel=\"noopener\"><img width=\"696\" height=\"391\" class=\"entry-thumb td-modal-image ewww_webp\"   alt=\"Dior-Ala\u00efa\" title=\"Dior-Ala\u00efa (27)\" src-img=\"https:\/\/unidivers.fr\/wp-content\/uploads\/2025\/11\/dior-alaia-27-696x391.jpg\" src-webp=\"https:\/\/unidivers.fr\/wp-content\/uploads\/2025\/11\/dior-alaia-27-696x391.jpg.webp\" srcset-webp=\"https:\/\/unidivers.fr\/wp-content\/uploads\/2025\/11\/dior-alaia-27-696x391.jpg.webp 696w, https:\/\/unidivers.fr\/wp-content\/uploads\/2025\/11\/dior-alaia-27-1280x718.jpg.webp 1280w, https:\/\/unidivers.fr\/wp-content\/uploads\/2025\/11\/dior-alaia-27-150x84.jpg.webp 150w, https:\/\/unidivers.fr\/wp-content\/uploads\/2025\/11\/dior-alaia-27-749x420.jpg.webp 749w, https:\/\/unidivers.fr\/wp-content\/uploads\/2025\/11\/dior-alaia-27-300x168.jpg.webp 300w, https:\/\/unidivers.fr\/wp-content\/uploads\/2025\/11\/dior-alaia-27-1068x599.jpg.webp 1068w, https:\/\/unidivers.fr\/wp-content\/uploads\/2025\/11\/dior-alaia-27.jpg.webp 1440w\" srcset-img=\"https:\/\/unidivers.fr\/wp-content\/uploads\/2025\/11\/dior-alaia-27-696x391.jpg 696w, https:\/\/unidivers.fr\/wp-content\/uploads\/2025\/11\/dior-alaia-27-1280x718.jpg 1280w, https:\/\/unidivers.fr\/wp-content\/uploads\/2025\/11\/dior-alaia-27-150x84.jpg 150w, https:\/\/unidivers.fr\/wp-content\/uploads\/2025\/11\/dior-alaia-27-749x420.jpg 749w, https:\/\/unidivers.fr\/wp-content\/uploads\/2025\/11\/dior-alaia-27-300x168.jpg 300w, https:\/\/unidivers.fr\/wp-content\/uploads\/2025\/11\/dior-alaia-27-1068x599.jpg 1068w, https:\/\/unidivers.fr\/wp-content\/uploads\/2025\/11\/dior-alaia-27.jpg 1440w\" data-eio=\"j\"\/><\/a><\/p>\n<p><strong>La Galerie Dior,<\/strong> dans le 8e arrondissement, pr\u00e9sente en partenariat avec la <strong>Fondation Azzedine Ala\u00efa<\/strong> une centaine de mod\u00e8les du grand couturier dans une exposition intitul\u00e9e <strong>Ala\u00efa, Le collectionneur qui parlait Dior, jusqu\u2019au dimanche 3 mai 2026<\/strong>.<\/p>\n<p><img fetchpriority=\"high\" decoding=\"async\" width=\"1440\" height=\"808\" data-id=\"3468281\" alt=\"Dior-Ala\u00efa\" class=\"wp-image-3468281 ewww_webp\"   src-img=\"https:\/\/unidivers.fr\/wp-content\/uploads\/2025\/11\/dior-alaia-26.jpg\" src-webp=\"https:\/\/unidivers.fr\/wp-content\/uploads\/2025\/11\/dior-alaia-26.jpg.webp\" srcset-webp=\"https:\/\/unidivers.fr\/wp-content\/uploads\/2025\/11\/dior-alaia-26.jpg.webp 1440w, https:\/\/unidivers.fr\/wp-content\/uploads\/2025\/11\/dior-alaia-26-1280x718.jpg.webp 1280w, https:\/\/unidivers.fr\/wp-content\/uploads\/2025\/11\/dior-alaia-26-150x84.jpg.webp 150w, https:\/\/unidivers.fr\/wp-content\/uploads\/2025\/11\/dior-alaia-26-749x420.jpg.webp 749w, https:\/\/unidivers.fr\/wp-content\/uploads\/2025\/11\/dior-alaia-26-300x168.jpg.webp 300w, https:\/\/unidivers.fr\/wp-content\/uploads\/2025\/11\/dior-alaia-26-696x391.jpg.webp 696w, https:\/\/unidivers.fr\/wp-content\/uploads\/2025\/11\/dior-alaia-26-1068x599.jpg.webp 1068w\" srcset-img=\"https:\/\/unidivers.fr\/wp-content\/uploads\/2025\/11\/dior-alaia-26.jpg 1440w, https:\/\/unidivers.fr\/wp-content\/uploads\/2025\/11\/dior-alaia-26-1280x718.jpg 1280w, https:\/\/unidivers.fr\/wp-content\/uploads\/2025\/11\/dior-alaia-26-150x84.jpg 150w, https:\/\/unidivers.fr\/wp-content\/uploads\/2025\/11\/dior-alaia-26-749x420.jpg 749w, https:\/\/unidivers.fr\/wp-content\/uploads\/2025\/11\/dior-alaia-26-300x168.jpg 300w, https:\/\/unidivers.fr\/wp-content\/uploads\/2025\/11\/dior-alaia-26-696x391.jpg 696w, https:\/\/unidivers.fr\/wp-content\/uploads\/2025\/11\/dior-alaia-26-1068x599.jpg 1068w\" data-eio=\"j\"\/>robes du soir courtes ; 1960<\/p>\n<p><img loading=\"lazy\" decoding=\"async\" width=\"407\" height=\"383\" data-id=\"3468289\" alt=\"Dior-Ala\u00efa\" class=\"wp-image-3468289 lazyload ewww_webp_lazy_load\"  src=\"https:\/\/www.europesays.com\/fr\/wp-content\/uploads\/2025\/12\/dior-alaia-2.jpg\"  data-eio-rwidth=\"407\" data-eio-rheight=\"383\" src-webp=\"https:\/\/www.europesays.com\/fr\/wp-content\/uploads\/2025\/12\/dior-alaia-2.jpg.webp\" srcset-webp=\"https:\/\/www.europesays.com\/fr\/wp-content\/uploads\/2025\/12\/dior-alaia-2.jpg.webp 407w, https:\/\/unidivers.fr\/wp-content\/uploads\/2025\/11\/dior-alaia-2-150x141.jpg.webp 150w, https:\/\/unidivers.fr\/wp-content\/uploads\/2025\/11\/dior-alaia-2-300x282.jpg.webp 300w\"\/>Azzedine Ala\u00efa<\/p>\n<p>La Maison Dior, temple absolu de la couture parisienne, est bien connue pour ses ic\u00f4nes, ses corolles, et ses tailleurs \u00e0 la taille de gu\u00eape. Aujourd\u2019hui, le public lui d\u00e9couvre un autre regard : celui <strong>d\u2019Azzedine Ala\u00efa (1935-2017), ce grand styliste franco-tunisien et grand collectionneur de mode <\/strong>qui, dans le secret de son atelier, a patiemment rassembl\u00e9 un patrimoine de pr\u00e8s de six cents pi\u00e8ces.<\/p>\n<p><img loading=\"lazy\" decoding=\"async\" width=\"1440\" height=\"835\" alt=\"&#10;Dior-Ala\u00efa\" class=\"wp-image-3468273 lazyload ewww_webp_lazy_load\"  src=\"https:\/\/www.europesays.com\/fr\/wp-content\/uploads\/2025\/12\/dior-alaia-18.jpg\"  data-eio-rwidth=\"1440\" data-eio-rheight=\"835\" src-webp=\"https:\/\/www.europesays.com\/fr\/wp-content\/uploads\/2025\/12\/dior-alaia-18.jpg.webp\" srcset-webp=\"https:\/\/www.europesays.com\/fr\/wp-content\/uploads\/2025\/12\/dior-alaia-18.jpg.webp 1440w, https:\/\/unidivers.fr\/wp-content\/uploads\/2025\/11\/dior-alaia-18-1280x742.jpg.webp 1280w, https:\/\/unidivers.fr\/wp-content\/uploads\/2025\/11\/dior-alaia-18-150x87.jpg.webp 150w, https:\/\/unidivers.fr\/wp-content\/uploads\/2025\/11\/dior-alaia-18-724x420.jpg.webp 724w, https:\/\/unidivers.fr\/wp-content\/uploads\/2025\/11\/dior-alaia-18-300x174.jpg.webp 300w, https:\/\/unidivers.fr\/wp-content\/uploads\/2025\/11\/dior-alaia-18-696x404.jpg.webp 696w, https:\/\/unidivers.fr\/wp-content\/uploads\/2025\/11\/dior-alaia-18-1068x619.jpg.webp 1068w\"\/><\/p>\n<p>Parmi les mod\u00e8les expos\u00e9s ici, beaucoup n\u2019ont jamais \u00e9t\u00e9 montr\u00e9s ; l\u2019exposition forme une sorte d\u2019histoire que son cr\u00e9ateur a aim\u00e9e, choisie, et pr\u00e9serv\u00e9e. Elle est\u00a0in\u00e9dite,\u00a0passionnante, et richement document\u00e9e.<\/p>\n<p>Les visiteurs assistent \u00e0 la magnificence des soies et des tulles, qui affleure la charpente : les baleines, les toiles et les montages, tout ce qui participe \u00e0 la construction d\u2019une robe. Dior appara\u00eet \u00e0 la fois comme un style et une m\u00e9thode, celle d\u2019une science de la ligne et du volume.<\/p>\n<p><img loading=\"lazy\" decoding=\"async\" width=\"1440\" height=\"755\" alt=\"Dior-Ala\u00efa\" class=\"wp-image-3468272 lazyload ewww_webp_lazy_load\"  src=\"https:\/\/www.europesays.com\/fr\/wp-content\/uploads\/2025\/12\/dior-alaia-16.jpg\"  data-eio-rwidth=\"1440\" data-eio-rheight=\"755\" src-webp=\"https:\/\/www.europesays.com\/fr\/wp-content\/uploads\/2025\/12\/dior-alaia-16.jpg.webp\" srcset-webp=\"https:\/\/www.europesays.com\/fr\/wp-content\/uploads\/2025\/12\/dior-alaia-16.jpg.webp 1440w, https:\/\/unidivers.fr\/wp-content\/uploads\/2025\/11\/dior-alaia-16-1280x671.jpg.webp 1280w, https:\/\/unidivers.fr\/wp-content\/uploads\/2025\/11\/dior-alaia-16-150x79.jpg 150w, https:\/\/unidivers.fr\/wp-content\/uploads\/2025\/11\/dior-alaia-16-801x420.jpg.webp 801w, https:\/\/unidivers.fr\/wp-content\/uploads\/2025\/11\/dior-alaia-16-300x157.jpg 300w, https:\/\/unidivers.fr\/wp-content\/uploads\/2025\/11\/dior-alaia-16-696x365.jpg.webp 696w, https:\/\/unidivers.fr\/wp-content\/uploads\/2025\/11\/dior-alaia-16-1068x560.jpg.webp 1068w\"\/><\/p>\n<p><strong>Biographie<\/strong><\/p>\n<p>Azzedine Ala\u00efa est n\u00e9 le 26 f\u00e9vrier 1940 \u00e0 Tunis, capitale de la Tunisie. Il suit des \u00e9tudes de sculpture \u00e0 Tunis, bien que ce soit la couture qui l\u2019int\u00e9resse ; alors pour approfondir sa passion, il arrive \u00e0 Paris en 1959 et approfondi ses connaissances aupr\u00e8s du couturier Guy Laroche (1921-1989). Il a 19 ans et commence par cr\u00e9er des robes dont l\u2019originalit\u00e9 attire l\u2019attention de personnalit\u00e9s comme la chanteuse et com\u00e9dienne Arletty et la baronne Marie-H\u00e9l\u00e8ne de Rothschild. Azzedine Ala\u00efa s\u2019installe dans le 7e arrondissement de Paris et commence une carri\u00e8re de couturier.<\/p>\n<p><img loading=\"lazy\" decoding=\"async\" width=\"785\" height=\"827\" data-id=\"3468287\" alt=\"Dior-Ala\u00efa\" class=\"wp-image-3468287 lazyload ewww_webp_lazy_load\"  src=\"https:\/\/www.europesays.com\/fr\/wp-content\/uploads\/2025\/12\/dior-alaia.jpg\"  data-eio-rwidth=\"785\" data-eio-rheight=\"827\" src-webp=\"https:\/\/www.europesays.com\/fr\/wp-content\/uploads\/2025\/12\/dior-alaia.jpg.webp\" srcset-webp=\"https:\/\/www.europesays.com\/fr\/wp-content\/uploads\/2025\/12\/dior-alaia.jpg.webp 785w, https:\/\/unidivers.fr\/wp-content\/uploads\/2025\/11\/dior-alaia-142x150.jpg.webp 142w, https:\/\/unidivers.fr\/wp-content\/uploads\/2025\/11\/dior-alaia-399x420.jpg.webp 399w, https:\/\/unidivers.fr\/wp-content\/uploads\/2025\/11\/dior-alaia-150x158.jpg.webp 150w, https:\/\/unidivers.fr\/wp-content\/uploads\/2025\/11\/dior-alaia-300x316.jpg.webp 300w, https:\/\/unidivers.fr\/wp-content\/uploads\/2025\/11\/dior-alaia-696x733.jpg.webp 696w\"\/>Azzedine Ala\u00efa<\/p>\n<p><img loading=\"lazy\" decoding=\"async\" width=\"808\" height=\"1440\" data-id=\"3468280\" alt=\"Dior-Ala\u00efa\" class=\"wp-image-3468280 lazyload ewww_webp_lazy_load\"  src=\"https:\/\/www.europesays.com\/fr\/wp-content\/uploads\/2025\/12\/dior-alaia-25.jpg\"  data-eio-rwidth=\"808\" data-eio-rheight=\"1440\" src-webp=\"https:\/\/www.europesays.com\/fr\/wp-content\/uploads\/2025\/12\/dior-alaia-25.jpg.webp\" srcset-webp=\"https:\/\/www.europesays.com\/fr\/wp-content\/uploads\/2025\/12\/dior-alaia-25.jpg.webp 808w, https:\/\/unidivers.fr\/wp-content\/uploads\/2025\/11\/dior-alaia-25-718x1280.jpg.webp 718w, https:\/\/unidivers.fr\/wp-content\/uploads\/2025\/11\/dior-alaia-25-84x150.jpg.webp 84w, https:\/\/unidivers.fr\/wp-content\/uploads\/2025\/11\/dior-alaia-25-236x420.jpg.webp 236w, https:\/\/unidivers.fr\/wp-content\/uploads\/2025\/11\/dior-alaia-25-150x267.jpg.webp 150w, https:\/\/unidivers.fr\/wp-content\/uploads\/2025\/11\/dior-alaia-25-300x535.jpg.webp 300w, https:\/\/unidivers.fr\/wp-content\/uploads\/2025\/11\/dior-alaia-25-696x1240.jpg.webp 696w\"\/>mod\u00e8le Japon \u2013 r\u00e9ception Ottoman : 1957<\/p>\n<p><img loading=\"lazy\" decoding=\"async\" width=\"715\" height=\"1440\" data-id=\"3468277\" alt=\"&#10;Dior-Ala\u00efa\" class=\"wp-image-3468277 lazyload ewww_webp_lazy_load\"  src=\"https:\/\/www.europesays.com\/fr\/wp-content\/uploads\/2025\/12\/dior-alaia-22.jpg\"  data-eio-rwidth=\"715\" data-eio-rheight=\"1440\" src-webp=\"https:\/\/www.europesays.com\/fr\/wp-content\/uploads\/2025\/12\/dior-alaia-22.jpg.webp\" srcset-webp=\"https:\/\/www.europesays.com\/fr\/wp-content\/uploads\/2025\/12\/dior-alaia-22.jpg.webp 715w, https:\/\/unidivers.fr\/wp-content\/uploads\/2025\/11\/dior-alaia-22-636x1280.jpg.webp 636w, https:\/\/unidivers.fr\/wp-content\/uploads\/2025\/11\/dior-alaia-22-74x150.jpg.webp 74w, https:\/\/unidivers.fr\/wp-content\/uploads\/2025\/11\/dior-alaia-22-209x420.jpg.webp 209w, https:\/\/unidivers.fr\/wp-content\/uploads\/2025\/11\/dior-alaia-22-150x302.jpg.webp 150w, https:\/\/unidivers.fr\/wp-content\/uploads\/2025\/11\/dior-alaia-22-300x604.jpg.webp 300w, https:\/\/unidivers.fr\/wp-content\/uploads\/2025\/11\/dior-alaia-22-696x1402.jpg.webp 696w\"\/>drap de laine : 1948<\/p>\n<p><img loading=\"lazy\" decoding=\"async\" width=\"808\" height=\"1440\" data-id=\"3468275\" alt=\"Dior-Ala\u00efa\" class=\"wp-image-3468275 lazyload ewww_webp_lazy_load\"  src=\"https:\/\/www.europesays.com\/fr\/wp-content\/uploads\/2025\/12\/dior-alaia-20.jpg\"  data-eio-rwidth=\"808\" data-eio-rheight=\"1440\" src-webp=\"https:\/\/www.europesays.com\/fr\/wp-content\/uploads\/2025\/12\/dior-alaia-20.jpg.webp\" srcset-webp=\"https:\/\/www.europesays.com\/fr\/wp-content\/uploads\/2025\/12\/dior-alaia-20.jpg.webp 808w, https:\/\/unidivers.fr\/wp-content\/uploads\/2025\/11\/dior-alaia-20-718x1280.jpg.webp 718w, https:\/\/unidivers.fr\/wp-content\/uploads\/2025\/11\/dior-alaia-20-84x150.jpg.webp 84w, https:\/\/unidivers.fr\/wp-content\/uploads\/2025\/11\/dior-alaia-20-236x420.jpg.webp 236w, https:\/\/unidivers.fr\/wp-content\/uploads\/2025\/11\/dior-alaia-20-150x267.jpg.webp 150w, https:\/\/unidivers.fr\/wp-content\/uploads\/2025\/11\/dior-alaia-20-300x535.jpg.webp 300w, https:\/\/unidivers.fr\/wp-content\/uploads\/2025\/11\/dior-alaia-20-696x1240.jpg.webp 696w\"\/>1950<\/p>\n<p>Azzedine Ala\u00efa conna\u00eet un immense succ\u00e8s au cours des ann\u00e9es 1980. Il cr\u00e9e sa marque en 1981 et se d\u00e9marque avec des robes moulantes qui s\u00e9duisent les stars de l\u2019\u00e9poque. Proche de de la chanteuse am\u00e9ricaine Tina Turner et du mannequin Naomi Campbell, il devient le couturier des stars. En 1985, il remporte \u00e0 deux reprises un Oscar de la mode. Connu mondialement pour ses cr\u00e9ations, il gagne le march\u00e9 am\u00e9ricain en ouvrant deux boutiques \u00e0 New York et \u00e0 Beverly Hills en 1988.<\/p>\n<p><img loading=\"lazy\" decoding=\"async\" width=\"899\" height=\"1440\" data-id=\"3468293\" alt=\"&#10;Dior-Ala\u00efa\" class=\"wp-image-3468293 lazyload ewww_webp_lazy_load\"  src=\"https:\/\/www.europesays.com\/fr\/wp-content\/uploads\/2025\/12\/20251124_152033.jpg\"  data-eio-rwidth=\"899\" data-eio-rheight=\"1440\" src-webp=\"https:\/\/www.europesays.com\/fr\/wp-content\/uploads\/2025\/12\/20251124_152033.jpg.webp\" srcset-webp=\"https:\/\/www.europesays.com\/fr\/wp-content\/uploads\/2025\/12\/20251124_152033.jpg.webp 899w, https:\/\/unidivers.fr\/wp-content\/uploads\/2025\/11\/20251124_152033-799x1280.jpg.webp 799w, https:\/\/unidivers.fr\/wp-content\/uploads\/2025\/11\/20251124_152033-94x150.jpg.webp 94w, https:\/\/unidivers.fr\/wp-content\/uploads\/2025\/11\/20251124_152033-262x420.jpg.webp 262w, https:\/\/unidivers.fr\/wp-content\/uploads\/2025\/11\/20251124_152033-150x240.jpg.webp 150w, https:\/\/unidivers.fr\/wp-content\/uploads\/2025\/11\/20251124_152033-300x481.jpg.webp 300w, https:\/\/unidivers.fr\/wp-content\/uploads\/2025\/11\/20251124_152033-696x1115.jpg.webp 696w\"\/>robe du soir en organza<\/p>\n<p><img loading=\"lazy\" decoding=\"async\" width=\"899\" height=\"1440\" data-id=\"3468283\" alt=\"Dior-Ala\u00efa\" class=\"wp-image-3468283 lazyload ewww_webp_lazy_load\"  src=\"https:\/\/www.europesays.com\/fr\/wp-content\/uploads\/2025\/12\/dior-alaia-28.jpg\"  data-eio-rwidth=\"899\" data-eio-rheight=\"1440\" src-webp=\"https:\/\/www.europesays.com\/fr\/wp-content\/uploads\/2025\/12\/dior-alaia-28.jpg.webp\" srcset-webp=\"https:\/\/www.europesays.com\/fr\/wp-content\/uploads\/2025\/12\/dior-alaia-28.jpg.webp 899w, https:\/\/unidivers.fr\/wp-content\/uploads\/2025\/11\/dior-alaia-28-799x1280.jpg.webp 799w, https:\/\/unidivers.fr\/wp-content\/uploads\/2025\/11\/dior-alaia-28-94x150.jpg.webp 94w, https:\/\/unidivers.fr\/wp-content\/uploads\/2025\/11\/dior-alaia-28-262x420.jpg.webp 262w, https:\/\/unidivers.fr\/wp-content\/uploads\/2025\/11\/dior-alaia-28-150x240.jpg.webp 150w, https:\/\/unidivers.fr\/wp-content\/uploads\/2025\/11\/dior-alaia-28-300x481.jpg.webp 300w, https:\/\/unidivers.fr\/wp-content\/uploads\/2025\/11\/dior-alaia-28-696x1115.jpg.webp 696w\"\/>robe de gala en velours noir et brod\u00e9 de soie<\/p>\n<p>En retrait dans les ann\u00e9es 1990, sa marque est rachet\u00e9e par Prada au d\u00e9but des ann\u00e9es 2000 ; il conserve cependant sa fid\u00e8le client\u00e8le priv\u00e9e. Il collabore \u00e9galement avec la marque Richemont pendant plusieurs ann\u00e9es, avant de reprendre son ind\u00e9pendance et de se consacrer \u00e0 la haute couture.<\/p>\n<p><img loading=\"lazy\" decoding=\"async\" width=\"1440\" height=\"808\" alt=\"&#10;Dior-Ala\u00efa\" class=\"wp-image-3468296 lazyload ewww_webp_lazy_load\"  src=\"https:\/\/www.europesays.com\/fr\/wp-content\/uploads\/2025\/12\/20251124_152431.jpg\"  data-eio-rwidth=\"1440\" data-eio-rheight=\"808\" src-webp=\"https:\/\/www.europesays.com\/fr\/wp-content\/uploads\/2025\/12\/20251124_152431.jpg.webp\" srcset-webp=\"https:\/\/www.europesays.com\/fr\/wp-content\/uploads\/2025\/12\/20251124_152431.jpg.webp 1440w, https:\/\/unidivers.fr\/wp-content\/uploads\/2025\/11\/20251124_152431-1280x718.jpg.webp 1280w, https:\/\/unidivers.fr\/wp-content\/uploads\/2025\/11\/20251124_152431-150x84.jpg.webp 150w, https:\/\/unidivers.fr\/wp-content\/uploads\/2025\/11\/20251124_152431-749x420.jpg.webp 749w, https:\/\/unidivers.fr\/wp-content\/uploads\/2025\/11\/20251124_152431-300x168.jpg.webp 300w, https:\/\/unidivers.fr\/wp-content\/uploads\/2025\/11\/20251124_152431-696x391.jpg.webp 696w, https:\/\/unidivers.fr\/wp-content\/uploads\/2025\/11\/20251124_152431-1068x599.jpg.webp 1068w\"\/><\/p>\n<p>\u00a0Azzedine Ala\u00efa s\u2019\u00e9teint \u00e0 Paris le 18 novembre 2017, des suites d\u2019une chute dans les escaliers : il avait 77 ans. Il repose en Tunisie, au cimeti\u00e8re de Sidi Bou Sa\u00efd (le Saint-Tropez tunisien)<\/p>\n<p class=\"has-text-align-center\">Infos pratiques :<\/p>\n<p class=\"has-text-align-center\">Exposition <strong>Ala\u00efa, Le collectionneur qui parlait Dior<\/strong>,<strong> \u00e0 la galerie Dior<\/strong> du 20 novembre au 3 mai 2026<br \/>11 rue Fran\u00e7ois Ier \u2013 8e arrondissement de Paris<br \/>Ouvert le lundi de 11h \u00e0 19h \u2013 du mercredi au samedi de 11h \u00e0 19h \u2013 Fermeture le mardi. <\/p>\n<p><img loading=\"lazy\" decoding=\"async\" width=\"1440\" height=\"808\" alt=\" Azzedine Ala\u00efa\" class=\"wp-image-3482971 lazyload ewww_webp_lazy_load\"  src=\"https:\/\/www.europesays.com\/fr\/wp-content\/uploads\/2025\/12\/azzedine-alaia.jpg\"  data-eio-rwidth=\"1440\" data-eio-rheight=\"808\" src-webp=\"https:\/\/www.europesays.com\/fr\/wp-content\/uploads\/2025\/12\/azzedine-alaia.jpg.webp\" srcset-webp=\"https:\/\/www.europesays.com\/fr\/wp-content\/uploads\/2025\/12\/azzedine-alaia.jpg.webp 1440w, https:\/\/unidivers.fr\/wp-content\/uploads\/2025\/12\/azzedine-alaia-1280x718.jpg.webp 1280w, https:\/\/unidivers.fr\/wp-content\/uploads\/2025\/12\/azzedine-alaia-150x84.jpg.webp 150w, https:\/\/unidivers.fr\/wp-content\/uploads\/2025\/12\/azzedine-alaia-749x420.jpg.webp 749w, https:\/\/unidivers.fr\/wp-content\/uploads\/2025\/12\/azzedine-alaia-300x168.jpg 300w, https:\/\/unidivers.fr\/wp-content\/uploads\/2025\/12\/azzedine-alaia-696x391.jpg.webp 696w, https:\/\/unidivers.fr\/wp-content\/uploads\/2025\/12\/azzedine-alaia-1068x599.jpg.webp 1068w\"\/><\/p>\n<p><strong>A noter :<\/strong> <\/p>\n<p>1 \u2013<strong> \u00c0 la Galerie Dior, chaque jour de 11h30 \u00e0 18h30, des artisans pr\u00e9sentent leur savoir-faire exceptionnels<\/strong> : le tailleur ; le flou ; les chapeaux ; la broderie\u2026<strong>\u00a0<\/strong><\/p>\n<p><img loading=\"lazy\" decoding=\"async\" width=\"1440\" height=\"808\" data-id=\"3468294\" alt=\"&#10;Dior-Ala\u00efa\" class=\"wp-image-3468294 lazyload ewww_webp_lazy_load\"  src=\"https:\/\/www.europesays.com\/fr\/wp-content\/uploads\/2025\/12\/20251124_152334.jpg\"  data-eio-rwidth=\"1440\" data-eio-rheight=\"808\" src-webp=\"https:\/\/www.europesays.com\/fr\/wp-content\/uploads\/2025\/12\/20251124_152334.jpg.webp\" srcset-webp=\"https:\/\/www.europesays.com\/fr\/wp-content\/uploads\/2025\/12\/20251124_152334.jpg.webp 1440w, https:\/\/unidivers.fr\/wp-content\/uploads\/2025\/11\/20251124_152334-1280x718.jpg.webp 1280w, https:\/\/unidivers.fr\/wp-content\/uploads\/2025\/11\/20251124_152334-150x84.jpg.webp 150w, https:\/\/unidivers.fr\/wp-content\/uploads\/2025\/11\/20251124_152334-749x420.jpg.webp 749w, https:\/\/unidivers.fr\/wp-content\/uploads\/2025\/11\/20251124_152334-300x168.jpg.webp 300w, https:\/\/unidivers.fr\/wp-content\/uploads\/2025\/11\/20251124_152334-696x391.jpg.webp 696w, https:\/\/unidivers.fr\/wp-content\/uploads\/2025\/11\/20251124_152334-1068x599.jpg.webp 1068w\"\/><\/p>\n<p><img loading=\"lazy\" decoding=\"async\" width=\"1440\" height=\"808\" data-id=\"3468295\" alt=\"Dior-Ala\u00efa\" class=\"wp-image-3468295 lazyload ewww_webp_lazy_load\"  src=\"https:\/\/www.europesays.com\/fr\/wp-content\/uploads\/2025\/12\/20251124_152344.jpg\"  data-eio-rwidth=\"1440\" data-eio-rheight=\"808\" src-webp=\"https:\/\/www.europesays.com\/fr\/wp-content\/uploads\/2025\/12\/20251124_152344.jpg.webp\" srcset-webp=\"https:\/\/www.europesays.com\/fr\/wp-content\/uploads\/2025\/12\/20251124_152344.jpg.webp 1440w, https:\/\/unidivers.fr\/wp-content\/uploads\/2025\/11\/20251124_152344-1280x718.jpg.webp 1280w, https:\/\/unidivers.fr\/wp-content\/uploads\/2025\/11\/20251124_152344-150x84.jpg.webp 150w, https:\/\/unidivers.fr\/wp-content\/uploads\/2025\/11\/20251124_152344-749x420.jpg.webp 749w, https:\/\/unidivers.fr\/wp-content\/uploads\/2025\/11\/20251124_152344-300x168.jpg.webp 300w, https:\/\/unidivers.fr\/wp-content\/uploads\/2025\/11\/20251124_152344-696x391.jpg.webp 696w, https:\/\/unidivers.fr\/wp-content\/uploads\/2025\/11\/20251124_152344-1068x599.jpg.webp 1068w\"\/><\/p>\n<p>2 \u2013<strong>L\u2019exposition Azzedine Ala\u00efa et Christian Dior, deux ma\u00eetres de la Haute Couture<\/strong>, sera \u00e0 d\u00e9couvrir <strong>du 15 d\u00e9cembre 2025 au 24 mai 2026<\/strong>, \u00e0 la\u00a0<strong>Fondation Azzedine Ala\u00efa<\/strong>. L\u2019exposition r\u00e9unira pr\u00e8s de 70 mod\u00e8les des deux couturiers.\u00a0<\/p>\n<p><strong>Maisons Dior et Ala\u00efa <\/strong>: un rapprochement de ces grands noms de la couture parisienne a de quoi surprendre ! Les deux maisons appartiennent aujourd\u2019hui \u00e0 des groupes concurrents, mais un lien existe entre elles :\u00a0 Azzedine Ala\u00efa avait acquis pr\u00e8s de 600 pi\u00e8ces Dior, datant pour la plupart des dix premi\u00e8res ann\u00e9es de la maison de couture (1947-1957).<br \/><strong>Adresse <\/strong>:\u00a0 Fondation Azzedine Ala\u00efa \u2013 18 Rue de la Verrerie dans le 4e arrondissement de\u00a0Paris<\/p>\n<p><img loading=\"lazy\" decoding=\"async\" width=\"1440\" height=\"695\" alt=\"&#10;Dior-Ala\u00efa\" class=\"wp-image-3468297 lazyload ewww_webp_lazy_load\"  src=\"https:\/\/www.europesays.com\/fr\/wp-content\/uploads\/2025\/12\/dior-alaia-1.jpg\"  data-eio-rwidth=\"1440\" data-eio-rheight=\"695\" src-webp=\"https:\/\/www.europesays.com\/fr\/wp-content\/uploads\/2025\/12\/dior-alaia-1.jpg.webp\" srcset-webp=\"https:\/\/www.europesays.com\/fr\/wp-content\/uploads\/2025\/12\/dior-alaia-1.jpg.webp 1440w, https:\/\/unidivers.fr\/wp-content\/uploads\/2025\/11\/dior-alaia-1-1280x618.jpg.webp 1280w, https:\/\/unidivers.fr\/wp-content\/uploads\/2025\/11\/dior-alaia-1-150x72.jpg.webp 150w, https:\/\/unidivers.fr\/wp-content\/uploads\/2025\/11\/dior-alaia-1-870x420.jpg.webp 870w, https:\/\/unidivers.fr\/wp-content\/uploads\/2025\/11\/dior-alaia-1-300x145.jpg.webp 300w, https:\/\/unidivers.fr\/wp-content\/uploads\/2025\/11\/dior-alaia-1-696x336.jpg.webp 696w, https:\/\/unidivers.fr\/wp-content\/uploads\/2025\/11\/dior-alaia-1-1068x515.jpg.webp 1068w\"\/><\/p>\n","protected":false},"excerpt":{"rendered":"La Galerie Dior, dans le 8e arrondissement, pr\u00e9sente en partenariat avec la Fondation Azzedine Ala\u00efa une centaine de&hellip;\n","protected":false},"author":2,"featured_media":570447,"comment_status":"","ping_status":"","sticky":false,"template":"","format":"standard","meta":{"footnotes":""},"categories":[1888],"tags":[1111,1928,11,1927,1777,674,1011,27,12,1926,626,1925,25],"class_list":{"0":"post-570446","1":"post","2":"type-post","3":"status-publish","4":"format-standard","5":"has-post-thumbnail","7":"category-paris","8":"tag-actu","9":"tag-actu-paris","10":"tag-actualites","11":"tag-actualites-paris","12":"tag-eu","13":"tag-europe","14":"tag-fr","15":"tag-france","16":"tag-news","17":"tag-news-paris","18":"tag-paris","19":"tag-paris-news","20":"tag-republique-francaise"},"share_on_mastodon":{"url":"https:\/\/pubeurope.com\/@fr\/115643109816123194","error":""},"_links":{"self":[{"href":"https:\/\/www.europesays.com\/fr\/wp-json\/wp\/v2\/posts\/570446","targetHints":{"allow":["GET"]}}],"collection":[{"href":"https:\/\/www.europesays.com\/fr\/wp-json\/wp\/v2\/posts"}],"about":[{"href":"https:\/\/www.europesays.com\/fr\/wp-json\/wp\/v2\/types\/post"}],"author":[{"embeddable":true,"href":"https:\/\/www.europesays.com\/fr\/wp-json\/wp\/v2\/users\/2"}],"replies":[{"embeddable":true,"href":"https:\/\/www.europesays.com\/fr\/wp-json\/wp\/v2\/comments?post=570446"}],"version-history":[{"count":0,"href":"https:\/\/www.europesays.com\/fr\/wp-json\/wp\/v2\/posts\/570446\/revisions"}],"wp:featuredmedia":[{"embeddable":true,"href":"https:\/\/www.europesays.com\/fr\/wp-json\/wp\/v2\/media\/570447"}],"wp:attachment":[{"href":"https:\/\/www.europesays.com\/fr\/wp-json\/wp\/v2\/media?parent=570446"}],"wp:term":[{"taxonomy":"category","embeddable":true,"href":"https:\/\/www.europesays.com\/fr\/wp-json\/wp\/v2\/categories?post=570446"},{"taxonomy":"post_tag","embeddable":true,"href":"https:\/\/www.europesays.com\/fr\/wp-json\/wp\/v2\/tags?post=570446"}],"curies":[{"name":"wp","href":"https:\/\/api.w.org\/{rel}","templated":true}]}}