{"id":570448,"date":"2025-12-01T07:22:16","date_gmt":"2025-12-01T07:22:16","guid":{"rendered":"https:\/\/www.europesays.com\/fr\/570448\/"},"modified":"2025-12-01T07:22:16","modified_gmt":"2025-12-01T07:22:16","slug":"paris-la-ligne-8-du-metro-sera-fermee-en-partie-pendant-une-semaine-lete-2026","status":"publish","type":"post","link":"https:\/\/www.europesays.com\/fr\/570448\/","title":{"rendered":"Paris\u00a0: la ligne 8 du m\u00e9tro sera ferm\u00e9e en partie pendant une semaine l\u2019\u00e9t\u00e9 2026"},"content":{"rendered":"<p class=\"paragraph text_align_left lp-f-body-02\">Elle doit faire partie <a href=\"https:\/\/www.leparisien.fr\/info-paris-ile-de-france-oise\/transports\/ile-de-france-comment-adapter-le-reseau-le-plus-vieux-du-monde-au-metro-le-plus-recent-du-monde-06-11-2025-R7S7ICXHXJAA3OZIPUKGN6AP54.php\" target=\"_self\" rel=\"noopener\">des huit lignes qui accueilleront le nouveau m\u00e9tro MF19<\/a>. Mais pour cela, la ligne 8 doit se pr\u00e9parer. Raison pour laquelle certaines stations de la ligne subiront <a href=\"https:\/\/www.leparisien.fr\/info-paris-ile-de-france-oise\/transports\/quatre-lignes-de-metro-touchees-rer-b-ferme-lete-2026-sera-rude-dans-les-transports-dile-de-france-27-11-2025-ZND2DHCQGJHJ3EVKWVCXVZ5Z3U.php\" target=\"_self\" rel=\"noopener\">d\u2019importants travaux l\u2019\u00e9t\u00e9 prochain<\/a>\u2026 et seront ferm\u00e9es.<\/p>\n<p class=\"paragraph text_align_left lp-f-body-02\">En effet, du 20 au 27 ao\u00fbt 2026, la ligne 8 sera ferm\u00e9e entre les stations Balard (XVe arrondissement), terminus de la ligne, et Concorde (Ier). Ainsi, 9 stations ne seront pas desservies pendant toute cette semaine.<\/p>\n<p>La derni\u00e8re fermeture de l\u2019\u00e9t\u00e9<\/p>\n<p class=\"paragraph text_align_left lp-f-body-02\">Ce sera le cas de Balard donc, o\u00f9 se trouvent les tramways T2 et T3a, mais aussi des stations Lourmel, Boucicaut, F\u00e9lix Faure, Commerce, La Motte-Picquet-Grenelle (m\u00e9tros 6 et 10), \u00c9cole Militaire, La Tour-Maubourg, Invalides (m\u00e9tro 13 et RER C) et Concorde (m\u00e9tros 1 et 12).<\/p>\n<p><img decoding=\"async\" class=\"image \" loading=\"lazy\" src=\"https:\/\/www.europesays.com\/fr\/wp-content\/uploads\/2025\/11\/JS6IIESHO5D7HNAFQXNIS4QRUY.jpg\" alt=\"\" align=\"\" data-rubrique-principale=\"\" data-article-type=\"\" fetchpriority=\"auto\"\/><\/p>\n<p class=\"paragraph text_align_left lp-f-body-02\">Cette interruption sera la derni\u00e8re d\u2019ampleur pendant l\u2019\u00e9t\u00e9 2026 sur le r\u00e9seau francilien. Avant cela, des fermetures partielles auront eu lieu sur les lignes 4, 12 ou encore 13. Sur le RER, les lignes A, B et C conna\u00eetront des perturbations l\u2019\u00e9t\u00e9 prochain.<\/p>\n","protected":false},"excerpt":{"rendered":"Elle doit faire partie des huit lignes qui accueilleront le nouveau m\u00e9tro MF19. Mais pour cela, la ligne&hellip;\n","protected":false},"author":2,"featured_media":570449,"comment_status":"","ping_status":"","sticky":false,"template":"","format":"standard","meta":{"footnotes":""},"categories":[1888],"tags":[11,1777,674,1011,27,1944,12,626,25,2382],"class_list":{"0":"post-570448","1":"post","2":"type-post","3":"status-publish","4":"format-standard","5":"has-post-thumbnail","7":"category-paris","8":"tag-actualites","9":"tag-eu","10":"tag-europe","11":"tag-fr","12":"tag-france","13":"tag-ma-ville","14":"tag-news","15":"tag-paris","16":"tag-republique-francaise","17":"tag-transport-idf-oise"},"share_on_mastodon":{"url":"","error":""},"_links":{"self":[{"href":"https:\/\/www.europesays.com\/fr\/wp-json\/wp\/v2\/posts\/570448","targetHints":{"allow":["GET"]}}],"collection":[{"href":"https:\/\/www.europesays.com\/fr\/wp-json\/wp\/v2\/posts"}],"about":[{"href":"https:\/\/www.europesays.com\/fr\/wp-json\/wp\/v2\/types\/post"}],"author":[{"embeddable":true,"href":"https:\/\/www.europesays.com\/fr\/wp-json\/wp\/v2\/users\/2"}],"replies":[{"embeddable":true,"href":"https:\/\/www.europesays.com\/fr\/wp-json\/wp\/v2\/comments?post=570448"}],"version-history":[{"count":0,"href":"https:\/\/www.europesays.com\/fr\/wp-json\/wp\/v2\/posts\/570448\/revisions"}],"wp:featuredmedia":[{"embeddable":true,"href":"https:\/\/www.europesays.com\/fr\/wp-json\/wp\/v2\/media\/570449"}],"wp:attachment":[{"href":"https:\/\/www.europesays.com\/fr\/wp-json\/wp\/v2\/media?parent=570448"}],"wp:term":[{"taxonomy":"category","embeddable":true,"href":"https:\/\/www.europesays.com\/fr\/wp-json\/wp\/v2\/categories?post=570448"},{"taxonomy":"post_tag","embeddable":true,"href":"https:\/\/www.europesays.com\/fr\/wp-json\/wp\/v2\/tags?post=570448"}],"curies":[{"name":"wp","href":"https:\/\/api.w.org\/{rel}","templated":true}]}}