{"id":570459,"date":"2025-12-01T07:28:12","date_gmt":"2025-12-01T07:28:12","guid":{"rendered":"https:\/\/www.europesays.com\/fr\/570459\/"},"modified":"2025-12-01T07:28:12","modified_gmt":"2025-12-01T07:28:12","slug":"lallemagne-et-sa-strategie-spatiale-de-defense","status":"publish","type":"post","link":"https:\/\/www.europesays.com\/fr\/570459\/","title":{"rendered":"L&rsquo;Allemagne et sa strat\u00e9gie spatiale de d\u00e9fense"},"content":{"rendered":"<p style=\"text-align:justify;\">La conf\u00e9rence <a href=\"https:\/\/air-cosmos.com\/article\/ministerielle-de-l-esa-comment-le-spatial-europeen-a-gonfle-son-budget-de-30-70718\" target=\"_blank\" rel=\"noopener\">minist\u00e9rielle<\/a> de l\u2019agence spatiale europ\u00e9enne qui s\u2019est tenue les 26 et 27 novembre \u00e0 Br\u00eame cl\u00f4ture une longue s\u00e9quence de d\u00e9monstration d\u2019ambition du spatial allemand. De loin le plus grand contributeur devant la France et l\u2019Italie, l\u2019Allemagne souscrit \u00e0 hauteur de plus de 5 milliards d\u2019euros pour 2026-2028. En contrepartie, l\u2019Allemagne h\u00e9rite logiquement du premier fauteuil europ\u00e9en \u00e0 bord d\u2019une mission Artemis autour de la Lune. C\u2019est une suite logique de l\u2019Histoire de l\u2019astronautique europ\u00e9enne, dont le premier homme \u00e0 voler \u00e9tait allemand, 4 ans avant Jean-Loup Chr\u00e9tien.<\/p>\n<p style=\"text-align:justify;\">Il y a quelques semaines, le ministre allemand de la D\u00e9fense Boris Pistorius a annonc\u00e9 que l\u2019Allemagne investira 35 milliards d\u2019euros dans des programmes spatiaux de d\u00e9fense dans les cinq prochaines ann\u00e9es. Soit trois fois plus que la France m\u00eame avec la rallonge de 4 Mds\u20ac annonc\u00e9e par Emmanuel Macron en d\u00e9voilant <a href=\"https:\/\/air-cosmos.com\/article\/au-commandement-de-l-espace-emmanuel-macron-annonce-la-strategie-spatiale-nationale-70643\" target=\"_blank\" rel=\"noopener\">la strat\u00e9gie spatiale nationale<\/a>. Mais la diff\u00e9rence s\u2019explique aussi par le retard que doit rattraper l\u2019Allemagne dans ses capacit\u00e9s de d\u00e9fense, en comparaison de la France. On ne dispose pas outre-Rhin de capacit\u00e9 de reconnaissance satellite optique comme CSO en France, ni \u00e9lectromagn\u00e9tique comme Ceres. L\u2019Allemagne en jouit en revanche de ses images satellites radars, mais accuse la perte de deux <a href=\"https:\/\/air-cosmos.com\/article\/deux-satellites-espions-allemands-a-800m-perdus-le-deploiement-de-leur-antenne-n-avait-pas-ete-teste-au-sol-69104\" target=\"_blank\" rel=\"noopener\">satellites Sarah<\/a>, qui aurait pu \u00eatre \u00e9vit\u00e9e. Pour se r\u00e9\u00e9quiper en orbite, l\u2019Allemagne a d\u00e9voil\u00e9 sa strat\u00e9gie spatiale de d\u00e9fense le 19 novembre.<\/p>\n<p>3 domaines d\u2019actions strat\u00e9giques<\/p>\n<p style=\"text-align:justify;\">Au total, la strat\u00e9gie regroupe 65 t\u00e2ches dans tous les domaines (politique publique, d\u00e9veloppement technologique, actions). Aucun calendrier n\u2019est pr\u00e9cis\u00e9 pour le moment. On ignore dans quelle mesure seront distribu\u00e9s les 35 Mds\u20ac, mais la strat\u00e9gie identifie des enjeux prioritaires.<\/p>\n<p style=\"text-align:justify;\">Le premier est le domaine des lanceurs, qui a besoin de plus de souverainet\u00e9, donc plus de soutien envers les acteurs nationaux comme RFA ou Isar Aerospace. Ainsi, l\u2019Allemagne, via son budget d\u00e9fense, fait partie des \u00e9tats membres qui ont massivement soutenu le financement de l\u2019European Launch Challenge (ELC) de l\u2019ESA. l&rsquo;ELC a re\u00e7u deux fois plus de fonds que pr\u00e9vu. RFA et Isar sont laur\u00e9ats, et pourraient bien recevoir des fonds suppl\u00e9mentaires directement depuis le minist\u00e8re de la D\u00e9fense.<\/p>\n<p style=\"text-align:justify;\">Autre priorit\u00e9, le d\u00e9veloppement technologique. L\u2019Allemagne compte miser sur les avions spatiaux, entre autres. L\u2019entreprise Polaris Spaceplanes y travaille depuis des ann\u00e9es, bien que son d\u00e9monstrateur Mira-I se soit crash\u00e9 peu apr\u00e8s le d\u00e9collage. Comme autre priorit\u00e9, l\u2019Allemagne cherche \u00e0 augmenter sa tacticit\u00e9 par des petites missions satellites rapides \u00e0 d\u00e9ployer.<\/p>\n<p style=\"text-align:justify;\">Ces derni\u00e8res semaines, l\u2019Allemagne a \u00e9galement sign\u00e9 un accord avec la France pour construire <a href=\"https:\/\/air-cosmos.com\/article\/alerte-avancee-la-france-et-l-allemagne-s-y-lancent-ensemble-70623\" target=\"_blank\" rel=\"noopener\">ensemble<\/a> un syst\u00e8me d\u2019alerte avanc\u00e9e par satellite pour ne plus \u00eatre d\u00e9pendant des Etats-Unis.<\/p>\n<p style=\"text-align:justify;\">Enfin, l\u2019Allemagne veut se doter le pouvoir de se d\u00e9fendre, tandis que les tentatives d\u2019espionnage de satellites alli\u00e9s se multiplient depuis le d\u00e9but de la guerre en Ukraine. \u00ab\u00a0Nous devons \u00eatre pr\u00eat\u00a0\u00bb <a href=\"https:\/\/air-cosmos.com\/article\/le-marche-spatial-reoriente-vers-la-defense-70564\" target=\"_blank\" rel=\"noopener\">disait<\/a> le commandant de l\u2019espace lors du Space Defence &amp; Security Summit \u00e0 Paris, reprenant la doctrine de l\u2019US Space Force imaginant d\u00e9sormais l\u2019espace comme un champ de bataille.<\/p>\n","protected":false},"excerpt":{"rendered":"La conf\u00e9rence minist\u00e9rielle de l\u2019agence spatiale europ\u00e9enne qui s\u2019est tenue les 26 et 27 novembre \u00e0 Br\u00eame cl\u00f4ture&hellip;\n","protected":false},"author":2,"featured_media":570460,"comment_status":"","ping_status":"","sticky":false,"template":"","format":"standard","meta":{"footnotes":""},"categories":[1587],"tags":[11,10054,296,2965,672,10051,10055,37,1804,10050,1805,554,1803,386,1777,674,1801,10052,12,1802,10053],"class_list":{"0":"post-570459","1":"post","2":"type-post","3":"status-publish","4":"format-standard","5":"has-post-thumbnail","7":"category-allemagne","8":"tag-actualites","9":"tag-actualites-aeronautique","10":"tag-aeronautique","11":"tag-air","12":"tag-allemagne","13":"tag-aviation-civile","14":"tag-aviation-magazine","15":"tag-avion","16":"tag-bundesrepublik-deutschland","17":"tag-cosmos","18":"tag-de","19":"tag-defense","20":"tag-deutschland","21":"tag-espace","22":"tag-eu","23":"tag-europe","24":"tag-germany","25":"tag-magazine-aeronautique","26":"tag-news","27":"tag-republique-federale-dallemagne","28":"tag-revue-aviation"},"share_on_mastodon":{"url":"https:\/\/pubeurope.com\/@fr\/115643135068675475","error":""},"_links":{"self":[{"href":"https:\/\/www.europesays.com\/fr\/wp-json\/wp\/v2\/posts\/570459","targetHints":{"allow":["GET"]}}],"collection":[{"href":"https:\/\/www.europesays.com\/fr\/wp-json\/wp\/v2\/posts"}],"about":[{"href":"https:\/\/www.europesays.com\/fr\/wp-json\/wp\/v2\/types\/post"}],"author":[{"embeddable":true,"href":"https:\/\/www.europesays.com\/fr\/wp-json\/wp\/v2\/users\/2"}],"replies":[{"embeddable":true,"href":"https:\/\/www.europesays.com\/fr\/wp-json\/wp\/v2\/comments?post=570459"}],"version-history":[{"count":0,"href":"https:\/\/www.europesays.com\/fr\/wp-json\/wp\/v2\/posts\/570459\/revisions"}],"wp:featuredmedia":[{"embeddable":true,"href":"https:\/\/www.europesays.com\/fr\/wp-json\/wp\/v2\/media\/570460"}],"wp:attachment":[{"href":"https:\/\/www.europesays.com\/fr\/wp-json\/wp\/v2\/media?parent=570459"}],"wp:term":[{"taxonomy":"category","embeddable":true,"href":"https:\/\/www.europesays.com\/fr\/wp-json\/wp\/v2\/categories?post=570459"},{"taxonomy":"post_tag","embeddable":true,"href":"https:\/\/www.europesays.com\/fr\/wp-json\/wp\/v2\/tags?post=570459"}],"curies":[{"name":"wp","href":"https:\/\/api.w.org\/{rel}","templated":true}]}}