{"id":570466,"date":"2025-12-01T07:34:26","date_gmt":"2025-12-01T07:34:26","guid":{"rendered":"https:\/\/www.europesays.com\/fr\/570466\/"},"modified":"2025-12-01T07:34:26","modified_gmt":"2025-12-01T07:34:26","slug":"la-garde-a-vue-du-septuagenaire-recidiviste-prolongee","status":"publish","type":"post","link":"https:\/\/www.europesays.com\/fr\/570466\/","title":{"rendered":"La garde \u00e0 vue du septuag\u00e9naire r\u00e9cidiviste prolong\u00e9e"},"content":{"rendered":"<p>La garde \u00e0 vue du septuag\u00e9naire soup\u00e7onn\u00e9 d\u2019avoir <a href=\"https:\/\/www.20minutes.fr\/politique\/4188738-20251129-jordan-bardella-porte-plainte-apres-septuagenaire-casse-uf-tete\" class=\"c-link c-link--is-underlined\" target=\"_blank\" rel=\"noopener\">\u00e9cras\u00e9 un \u0153uf sur la t\u00eate du pr\u00e9sident du RN<\/a> Jordan Bardella, samedi lors d\u2019une s\u00e9ance de d\u00e9dicace de son livre \u00e0 Moissac, dans le <a href=\"https:\/\/www.20minutes.fr\/dossier\/tarn_et_garonne\" class=\"c-link c-link--is-underlined\" target=\"_blank\" rel=\"noopener\">Tarn-et-Garonne<\/a>, a \u00e9t\u00e9 prolong\u00e9e de 24 heures, a annonc\u00e9 dimanche \u00e0 l\u2019AFP le parquet de Montauban.<\/p>\n<p>Cet agriculteur \u00e0 la retraite de 74 ans <a href=\"https:\/\/www.20minutes.fr\/politique\/4188787-20251130-retraite-ecrase-uf-tete-jordan-bardella-deja-pris-eric-zemmour-marine-pen\" class=\"c-link c-link--is-underlined\" target=\"_blank\" rel=\"noopener\">avait d\u00e9j\u00e0 vis\u00e9 \u00c9ric Zemmour en\u00a02022<\/a>, \u00e9crasant \u00e9galement un \u0153uf sur la t\u00eate de l\u2019homme politique d\u2019extr\u00eame droite, alors que celui-ci, candidat de Reconqu\u00eate \u00e0 la pr\u00e9sidentielle, \u00e9tait en campagne \u00e0 Moissac, a soulign\u00e9 le parquet, confirmant une information de La D\u00e9p\u00eache du Midi.<\/p>\n<\/p>\n<p>Un rassemblement anti-RN<\/p>\n<p>Il reste en garde \u00e0 vue \u00ab\u00a0pour \u00e9tablir avec exactitude les faits mais surtout ce qui a pu se passer avant les faits\u00a0\u00bb, a pr\u00e9cis\u00e9 le procureur de Montauban Bruno Sauvage. Il s\u2019agit notamment de d\u00e9terminer si l\u2019agresseur pr\u00e9sum\u00e9, plac\u00e9 en garde \u00e0 vue samedi pour \u00ab\u00a0violence sur personne d\u00e9positaire de l\u2019autorit\u00e9 publique sans incapacit\u00e9\u00a0\u00bb, a particip\u00e9 au rassemblement anti-RN en marge de la s\u00e9ance de d\u00e9dicace de <a href=\"https:\/\/www.20minutes.fr\/politique\/jordan-bardella\/\" class=\"c-link c-link--is-underlined\" target=\"_blank\" rel=\"noopener\">Jordan Bardella<\/a> \u00e0 Moissac.<\/p>\n<p>Selon la gendarmerie, qui a proc\u00e9d\u00e9 \u00e0 l\u2019interpellation, cet homme \u00e9tait dans la file pour la d\u00e9dicace et s\u2019est jet\u00e9 sur Jordan Bardella, lui cassant un \u0153uf sur la t\u00eate. La s\u00e9curit\u00e9 pr\u00e9sente est intervenue, le pr\u00e9sident du RN n\u2019a pas \u00e9t\u00e9 bless\u00e9 et a ensuite pu reprendre la s\u00e9ance de d\u00e9dicace de son livre. Mais une plainte a \u00e9t\u00e9 d\u00e9pos\u00e9e au nom de Jordan Bardella et du Rassemblement national, a pr\u00e9cis\u00e9 le parti samedi. Le ministre de l\u2019Int\u00e9rieur Laurent Nunez a condamn\u00e9 \u00ab\u00a0tr\u00e8s fermement\u00a0\u00bb une agression \u00ab\u00a0inacceptable\u00a0\u00bb, dimanche sur BFM TV. \u00ab\u00a0Nous sommes dans une d\u00e9mocratie, tout le monde doit pouvoir s\u2019exprimer.\u00a0\u00bb<\/p>\n<p>Un r\u00e9cidiviste<\/p>\n<p>En juillet\u00a02022, l\u2019agresseur pr\u00e9sum\u00e9 avait \u00e9t\u00e9 condamn\u00e9 \u00e0 une amende de 500 euros avec sursis pour l\u2019agression d\u2019<a href=\"https:\/\/www.20minutes.fr\/dossier\/eric_zemmour\" class=\"c-link c-link--is-underlined\" target=\"_blank\" rel=\"noopener\">\u00c9ric Zemmour<\/a>. P\u00e8re d\u2019un enfant autiste, l\u2019agriculteur avait justifi\u00e9 son geste par son opposition \u00ab\u00a0avec les prises de position controvers\u00e9es de M. Zemmour au sujet des enfants en situation de handicap\u00a0\u00bb, avait alors expliqu\u00e9 le parquet de Montauban.<\/p>\n<p>Le Tarn-et-Garonnais avait aussi jet\u00e9 des \u0153ufs en avril\u00a02022 sur un des bus de campagne de Marine Le\u00a0Pen, de passage dans le d\u00e9partement. Mais l\u2019incident n\u2019avait pas donn\u00e9 lieu \u00e0 poursuites. Mardi, Jordan Bardella a \u00e9t\u00e9 enfarin\u00e9 lors de la visite d\u2019une foire agricole \u00e0 Vesoul et un lyc\u00e9en de 17 ans a \u00e9t\u00e9 plac\u00e9 en garde \u00e0 vue avant d\u2019\u00eatre lib\u00e9r\u00e9 mercredi. Le mineur devra suivre un stage de citoyennet\u00e9.<\/p>\n","protected":false},"excerpt":{"rendered":"La garde \u00e0 vue du septuag\u00e9naire soup\u00e7onn\u00e9 d\u2019avoir \u00e9cras\u00e9 un \u0153uf sur la t\u00eate du pr\u00e9sident du RN&hellip;\n","protected":false},"author":2,"featured_media":570467,"comment_status":"","ping_status":"","sticky":false,"template":"","format":"standard","meta":{"footnotes":""},"categories":[2],"tags":[47,11,118,1011,27,7774,1077,303,2721,12,2680,316,2556,25,8412,36586],"class_list":{"0":"post-570466","1":"post","2":"type-post","3":"status-publish","4":"format-standard","5":"has-post-thumbnail","7":"category-actualites","8":"tag-actualite","9":"tag-actualites","10":"tag-faits-divers","11":"tag-fr","12":"tag-france","13":"tag-garde-a-vue","14":"tag-jordan-bardella","15":"tag-justice","16":"tag-midi-pyrenees","17":"tag-news","18":"tag-occitanie","19":"tag-politique","20":"tag-rassemblement-national-rn","21":"tag-republique-francaise","22":"tag-tarn","23":"tag-tarn-et-garonne"},"share_on_mastodon":{"url":"https:\/\/pubeurope.com\/@fr\/115643158678591392","error":""},"_links":{"self":[{"href":"https:\/\/www.europesays.com\/fr\/wp-json\/wp\/v2\/posts\/570466","targetHints":{"allow":["GET"]}}],"collection":[{"href":"https:\/\/www.europesays.com\/fr\/wp-json\/wp\/v2\/posts"}],"about":[{"href":"https:\/\/www.europesays.com\/fr\/wp-json\/wp\/v2\/types\/post"}],"author":[{"embeddable":true,"href":"https:\/\/www.europesays.com\/fr\/wp-json\/wp\/v2\/users\/2"}],"replies":[{"embeddable":true,"href":"https:\/\/www.europesays.com\/fr\/wp-json\/wp\/v2\/comments?post=570466"}],"version-history":[{"count":0,"href":"https:\/\/www.europesays.com\/fr\/wp-json\/wp\/v2\/posts\/570466\/revisions"}],"wp:featuredmedia":[{"embeddable":true,"href":"https:\/\/www.europesays.com\/fr\/wp-json\/wp\/v2\/media\/570467"}],"wp:attachment":[{"href":"https:\/\/www.europesays.com\/fr\/wp-json\/wp\/v2\/media?parent=570466"}],"wp:term":[{"taxonomy":"category","embeddable":true,"href":"https:\/\/www.europesays.com\/fr\/wp-json\/wp\/v2\/categories?post=570466"},{"taxonomy":"post_tag","embeddable":true,"href":"https:\/\/www.europesays.com\/fr\/wp-json\/wp\/v2\/tags?post=570466"}],"curies":[{"name":"wp","href":"https:\/\/api.w.org\/{rel}","templated":true}]}}