{"id":570472,"date":"2025-12-01T07:43:19","date_gmt":"2025-12-01T07:43:19","guid":{"rendered":"https:\/\/www.europesays.com\/fr\/570472\/"},"modified":"2025-12-01T07:43:19","modified_gmt":"2025-12-01T07:43:19","slug":"benjamin-thomas-on-na-pas-vu-la-semaine-passer-actualite","status":"publish","type":"post","link":"https:\/\/www.europesays.com\/fr\/570472\/","title":{"rendered":"Benjamin Thomas \u00ab\u00a0On n&rsquo;a pas vu la semaine passer\u00a0\u00bb &#8211; Actualit\u00e9"},"content":{"rendered":"<p style=\"text-align: justify;\"><strong>Du 18 au 23 novembre, Benjamin Thomas a tourn\u00e9 dans une baignoire, le \u00ab\u00a0Kuipke\u00a0\u00bb, la piste des 6 Jours de Gand. Associ\u00e9 \u00e0 Oscar Nilsson-Julien, le Champion olympique de l&rsquo;Omnium, vainqueur sortant avec Fabio Van den Bossche, a f\u00eat\u00e9 ses retrouvailles avec le plancher. Il a entretenu l&rsquo;ambiance de f\u00eate en portant, un soir, une perruque qui lui allait comme un gant. Mais le coureur de Cofidis va revenir aux affaires s\u00e9rieuses avec la pr\u00e9paration de la saison 2026, comme il l&rsquo;explique \u00e0 DirectVelo.<\/strong><\/p>\n<p><strong>DirectVelo : Depuis combien de temps n&rsquo;\u00e9tais-tu plus mont\u00e9 sur un v\u00e9lo de piste ?\u00a0<\/strong><br \/>Benjamin Thomas : J&rsquo;avais fait deux jours de stage en mars, entre Cholet et la Roue Tourangelle. Ma derni\u00e8re course sur piste remontait au Championnat de France \u00e0 Loud\u00e9ac, en janvier. J&rsquo;ai fait deux-trois entrainements avant Gand. C&rsquo;\u00e9tait bizarre dans les virages \u00e0 la reprise, tu trouves la piste super grande.<\/p>\n<p><strong>Quand as-tu d\u00e9cid\u00e9 de participer aux 6 Jours de Gand ?\u00a0<\/strong><br \/>Chaque ann\u00e9e, j&rsquo;essaie de voir si je peux les faire. C&rsquo;est mythique. En septembre, je me suis d\u00e9cid\u00e9, je voulais faire un peu de piste m\u00eame si la date tombait mal. Avant les 6 Jours, j&rsquo;ai pris trois semaines de vacances et j&rsquo;ai repris une semaine en Martinique. Je n&rsquo;ai pas encore eu le temps d&rsquo;avoir froid sur le v\u00e9lo !<\/p>\n<p><strong>\u00ab POUR LES BELGES, C&rsquo;EST PRESQUE AU NIVEAU DU CHAMPIONNAT DU MONDE \u00bb<\/strong><\/p>\n<p><strong>Avec Oscar, avez-vous vite trouv\u00e9 vos marques ?<\/strong><br \/>Il nous a fallu attendre le troisi\u00e8me jour pour enfin se dire qu&rsquo;on avait fait une bonne am\u00e9ricaine. Il faut retrouver toute une technique et une coordination dans les relais. Il faut aussi s&rsquo;habituer au braquet. Dans les 6 Jours, on avait 54&#215;16, alors qu&rsquo;au niveau international on met 62 ou 63&#215;16. Par exemple, (Moritz) Augenstein, le Champion du Monde de scratch, \u00e9tait \u00e0 fond \u00e0 cause du braquet. Il n&rsquo;y a que les Belges qui pr\u00e9parent ces 6 Jours \u00e0 fond, pour eux, c&rsquo;est presque au niveau du Championnat du Monde.<\/p>\n<p><strong>Tu aimes retrouver cette ambiance ?<\/strong><br \/>C&rsquo;\u00e9tait chouette, \u00e7a fait du bien ! On m&rsquo;avait dit que j&rsquo;allais souffrir mais quand t&rsquo;es dans le truc, tu prends du plaisir, m\u00eame si c&rsquo;est violent pour une reprise. Quand c&rsquo;est fini, on n&rsquo;a pas vu la semaine passer. Tous les soirs, il y a une \u00e9preuve o\u00f9 on d\u00e9compresse. Un soir, un coureur avait d\u00e9chir\u00e9 son maillot \u00e0 la fin du scratch. Le lendemain, j&rsquo;ai vu que le p\u00e8re de Jules Hesters qui \u00e9tait m\u00e9cano, avait une perruque, alors je suis mont\u00e9 en piste avec.<\/p>\n<p><strong>Quelle va \u00eatre la suite pour toi ?<\/strong><br \/>Je vais retourner avec Cofidis pour les stages de d\u00e9cembre et janvier, en Espagne. Je vais sans doute disputer les deux courses autour de Valence, le Grand Prix Castellon et le Grand Prix de Valence les 24 et 25 janvier.\u00a0Puis je filerai au Championnat d&rsquo;Europe sur piste \u00e0 Konya, la suite n&rsquo;est pas encore d\u00e9finie. L&rsquo;objectif de l&rsquo;\u00e9quipe est de briller dans les courses importantes en France. Le but est de reconstruire le groupe et je fais partie des coureurs attendus dans ces courses.<\/p>\n<p><strong>\u00ab AUCUNE COUPE DU MONDE \u00bb<\/strong><\/p>\n<p><strong>Quelle place aura la piste ?<\/strong><br \/>J&rsquo;esp\u00e8re marquer des points UCI au Championnat d&rsquo;Europe. Mais je ne ferai aucune Coupe du Monde, elles tombent mal <a href=\"https:\/\/www.directvelo.com\/actualite\/123314\/coupe-du-monde-piste-le-programme-2026-a-2028\" target=\"_blank\" rel=\"noopener\"><strong>dans le calendrier<\/strong><\/a> et elles sont loin. Le Championnat du Monde sera mon deuxi\u00e8me objectif sur la piste.<\/p>\n<p><strong>Comment \u00e7a se passe avec\u00a0<a href=\"https:\/\/www.directvelo.com\/actualite\/124314\/cofidis-a-un-nouveau-manager\" target=\"_blank\" rel=\"noopener\">Rapha\u00ebl Jeune, votre nouveau manager<\/a> ?<\/strong><br \/>J&rsquo;ai un tr\u00e8s bon rapport avec lui, on \u00e9change facilement. On se conna\u00eet tr\u00e8s bien par son lien avec Look et aussi avec l&rsquo;\u00e9quipe de France piste. Chez Cofidis, il \u00e9tait d\u00e9j\u00e0 tr\u00e8s impliqu\u00e9 dans le d\u00e9veloppement du mat\u00e9riel. Il a un nouveau r\u00f4le mais on se conna\u00eet d\u00e9j\u00e0 beaucoup. Cette ann\u00e9e, c&rsquo;est un peu comme une nouvelle \u00e9quipe. J&rsquo;esp\u00e8re que \u00e7a va nous donner la stimulation pour remettre l&rsquo;\u00e9quipe Cofidis \u00e0 sa place. On esp\u00e8re retrouver le WorldTour d&rsquo;ici trois ans et \u00e7a passe par une bonne saison 2026.<\/p>\n","protected":false},"excerpt":{"rendered":"Du 18 au 23 novembre, Benjamin Thomas a tourn\u00e9 dans une baignoire, le \u00ab\u00a0Kuipke\u00a0\u00bb, la piste des 6&hellip;\n","protected":false},"author":2,"featured_media":570473,"comment_status":"","ping_status":"","sticky":false,"template":"","format":"standard","meta":{"footnotes":""},"categories":[1411],"tags":[834,828,836,829,837,827,83,826,824,823,1154,207,814,817,815,816,822,821,832,211,839,1011,27,820,818,819,835,831,830,833,838,60,212,208,825],"class_list":{"0":"post-570472","1":"post","2":"type-post","3":"status-publish","4":"format-standard","5":"has-post-thumbnail","7":"category-cyclisme","8":"tag-attaque","9":"tag-belgique","10":"tag-braquet","11":"tag-bretagne","12":"tag-chute","13":"tag-competition","14":"tag-coupe-de-france","15":"tag-coureur","16":"tag-course-cyclisme","17":"tag-course-cycliste","18":"tag-cycling","19":"tag-cyclisme","20":"tag-direct","21":"tag-direct-velo","22":"tag-directvelo","23":"tag-directvelo-com","24":"tag-epreuve","25":"tag-epreuve-cycliste","26":"tag-federation-francaise-de-cyclisme","27":"tag-ffc","28":"tag-flandres","29":"tag-fr","30":"tag-france","31":"tag-live","32":"tag-live-course","33":"tag-live-epreuve","34":"tag-peloton","35":"tag-radio-peloton","36":"tag-radio-tour","37":"tag-ravitaillement","38":"tag-relance","39":"tag-sports","40":"tag-uci","41":"tag-velo","42":"tag-velos"},"share_on_mastodon":{"url":"https:\/\/pubeurope.com\/@fr\/115643194041858768","error":""},"_links":{"self":[{"href":"https:\/\/www.europesays.com\/fr\/wp-json\/wp\/v2\/posts\/570472","targetHints":{"allow":["GET"]}}],"collection":[{"href":"https:\/\/www.europesays.com\/fr\/wp-json\/wp\/v2\/posts"}],"about":[{"href":"https:\/\/www.europesays.com\/fr\/wp-json\/wp\/v2\/types\/post"}],"author":[{"embeddable":true,"href":"https:\/\/www.europesays.com\/fr\/wp-json\/wp\/v2\/users\/2"}],"replies":[{"embeddable":true,"href":"https:\/\/www.europesays.com\/fr\/wp-json\/wp\/v2\/comments?post=570472"}],"version-history":[{"count":0,"href":"https:\/\/www.europesays.com\/fr\/wp-json\/wp\/v2\/posts\/570472\/revisions"}],"wp:featuredmedia":[{"embeddable":true,"href":"https:\/\/www.europesays.com\/fr\/wp-json\/wp\/v2\/media\/570473"}],"wp:attachment":[{"href":"https:\/\/www.europesays.com\/fr\/wp-json\/wp\/v2\/media?parent=570472"}],"wp:term":[{"taxonomy":"category","embeddable":true,"href":"https:\/\/www.europesays.com\/fr\/wp-json\/wp\/v2\/categories?post=570472"},{"taxonomy":"post_tag","embeddable":true,"href":"https:\/\/www.europesays.com\/fr\/wp-json\/wp\/v2\/tags?post=570472"}],"curies":[{"name":"wp","href":"https:\/\/api.w.org\/{rel}","templated":true}]}}