{"id":570474,"date":"2025-12-01T07:44:11","date_gmt":"2025-12-01T07:44:11","guid":{"rendered":"https:\/\/www.europesays.com\/fr\/570474\/"},"modified":"2025-12-01T07:44:11","modified_gmt":"2025-12-01T07:44:11","slug":"surprise-laure-boulleau-annonce-le-nouveau-modric-au-psg","status":"publish","type":"post","link":"https:\/\/www.europesays.com\/fr\/570474\/","title":{"rendered":"Surprise, Laure Boulleau annonce le nouveau Modric au PSG !"},"content":{"rendered":"<p>                    Alexis Poch<br \/>\n                        &#8211;<\/p>\n<p>Journaliste<\/p>\n<p>Titulaire d&rsquo;un Master en journalisme sportif, je suis tomb\u00e9 amoureux du tennis d\u00e8s l&rsquo;enfance et j&rsquo;ai toujours aim\u00e9 lire les belles histoires de ce sport. Aujourd&rsquo;hui, je souhaite les raconter, profiter de ma passion \u00e0 fond et \u00eatre au plus proche des as du circuit.<\/p>\n<p class=\"heading\">Recrut\u00e9 en 2022, Vitinha a prouv\u00e9 au fil des saisons qu&rsquo;il \u00e9tait un \u00e9l\u00e9ment indispensable \u00e0 l&rsquo;effectif du PSG. Le Portugais brille en ce moment avec le club de la capitale, ayant d&rsquo;ailleurs termin\u00e9 3\u00e8me du Ballon d&rsquo;Or 2025. Une place qui r\u00e9compense bien le niveau atteint ces derni\u00e8res ann\u00e9es. D&rsquo;ailleurs, d&rsquo;apr\u00e8s Laure Boulleau, il est fait du m\u00eame bois que Luka Modric.<\/p>\n<p>Encore convaincant cette semaine lors de la victoire face \u00e0 <strong>Tottenham <\/strong>(5-3), <strong>Vitinha <\/strong>fait partie des grandes satisfactions du mercato parisien des derni\u00e8res ann\u00e9es. Le Portugais est un \u00e9l\u00e9ment plus qu&rsquo;essentiel \u00e0 l&rsquo;\u00e9quilibre de l&rsquo;effectif de <a href=\"https:\/\/le10sport.com\/football\/ligue1\/psg\/psg-luis-enrique-annonce-une-surprise-cest-valide-par-le-vestiaire-766775\" target=\"_blank\" rel=\"noopener\"><strong>Luis Enrique<\/strong><\/a> en ce moment. Les qualit\u00e9s du joueur de 25 ans rappellent celles de <strong>Luka Modric<\/strong> d&rsquo;apr\u00e8s <strong>Laure Boulleau<\/strong>.<\/p>\n<p>                                            Modric au PSG, la folle annonce<\/p>\n<p>Avec d\u00e9j\u00e0 172 matches au compteur avec le <strong>PSG <\/strong>depuis son arriv\u00e9e en 2022, <strong>Vitinha <\/strong>a connu un succ\u00e8s grandissant avec le club de la capitale au fil des ann\u00e9es. Le Portugais fait d\u00e9j\u00e0 partie des meilleurs milieux du monde selon de nombreux observateurs. <strong>Laure Boulleau<\/strong> va plus loin. \u00ab Il a termin\u00e9 top 3 du dernier Ballon d&rsquo;Or. Il ne l&rsquo;a pas vol\u00e9. Et avec ce qu&rsquo;il fait l\u00e0, il se rapproche encore plus d&rsquo;\u00eatre un des meilleurs joueurs du monde. Quand on parle de Modric, j&rsquo;aime bien, parce que je trouve qu&rsquo;ils ont la m\u00eame fibre : joueurs bosseurs, bons techniquement et ils peuvent aller loin longtemps parce qu&rsquo;ils ont toute la mentalit\u00e9 du haut niveau \u00bb dit-elle dans le Canal Football Club.<\/p>\n<p>                                            Vitinha au PSG, l&rsquo;\u00e9l\u00e9ment indispensable<\/p>\n<p>Bien accompagn\u00e9 au milieu de terrain, <strong>Vitinha <\/strong>est le symbole de la r\u00e9ussite du <strong>PSG <\/strong>la saison derni\u00e8re. Le Portugais arrive tr\u00e8s bien \u00e0 mener \u00e0 bien la circulation du ballon vers l&rsquo;attaque et il pourrait \u00eatre encore une nouvelle fois essentiel dans la qu\u00eate d&rsquo;un deuxi\u00e8me titre en <strong>Ligue des champions<\/strong>.<\/p>\n","protected":false},"excerpt":{"rendered":"Alexis Poch &#8211; Journaliste Titulaire d&rsquo;un Master en journalisme sportif, je suis tomb\u00e9 amoureux du tennis d\u00e8s l&rsquo;enfance&hellip;\n","protected":false},"author":2,"featured_media":570475,"comment_status":"","ping_status":"","sticky":false,"template":"","format":"standard","meta":{"footnotes":""},"categories":[1410],"tags":[63,1011,27,60],"class_list":{"0":"post-570474","1":"post","2":"type-post","3":"status-publish","4":"format-standard","5":"has-post-thumbnail","7":"category-football","8":"tag-football","9":"tag-fr","10":"tag-france","11":"tag-sports"},"share_on_mastodon":{"url":"https:\/\/pubeurope.com\/@fr\/115643198000364573","error":""},"_links":{"self":[{"href":"https:\/\/www.europesays.com\/fr\/wp-json\/wp\/v2\/posts\/570474","targetHints":{"allow":["GET"]}}],"collection":[{"href":"https:\/\/www.europesays.com\/fr\/wp-json\/wp\/v2\/posts"}],"about":[{"href":"https:\/\/www.europesays.com\/fr\/wp-json\/wp\/v2\/types\/post"}],"author":[{"embeddable":true,"href":"https:\/\/www.europesays.com\/fr\/wp-json\/wp\/v2\/users\/2"}],"replies":[{"embeddable":true,"href":"https:\/\/www.europesays.com\/fr\/wp-json\/wp\/v2\/comments?post=570474"}],"version-history":[{"count":0,"href":"https:\/\/www.europesays.com\/fr\/wp-json\/wp\/v2\/posts\/570474\/revisions"}],"wp:featuredmedia":[{"embeddable":true,"href":"https:\/\/www.europesays.com\/fr\/wp-json\/wp\/v2\/media\/570475"}],"wp:attachment":[{"href":"https:\/\/www.europesays.com\/fr\/wp-json\/wp\/v2\/media?parent=570474"}],"wp:term":[{"taxonomy":"category","embeddable":true,"href":"https:\/\/www.europesays.com\/fr\/wp-json\/wp\/v2\/categories?post=570474"},{"taxonomy":"post_tag","embeddable":true,"href":"https:\/\/www.europesays.com\/fr\/wp-json\/wp\/v2\/tags?post=570474"}],"curies":[{"name":"wp","href":"https:\/\/api.w.org\/{rel}","templated":true}]}}