{"id":570476,"date":"2025-12-01T07:45:14","date_gmt":"2025-12-01T07:45:14","guid":{"rendered":"https:\/\/www.europesays.com\/fr\/570476\/"},"modified":"2025-12-01T07:45:14","modified_gmt":"2025-12-01T07:45:14","slug":"pierre-jean-chalencon-quelle-horreur-sa-chanson-anti-voleurs-du-louvre-laisse-les-internautes-sous-le-choc","status":"publish","type":"post","link":"https:\/\/www.europesays.com\/fr\/570476\/","title":{"rendered":"Pierre-Jean Chalen\u00e7on : \u00ab\u00a0Quelle horreur !\u00a0\u00bb, sa chanson anti-voleurs du Louvre laisse les internautes sous le choc"},"content":{"rendered":"<p class=\"p1\"><a href=\"https:\/\/www.closermag.fr\/people\/exclu-aujourdhui-je-prends-le-metro-la-nouvelle-vie-de-pierre-jean-chalencon-sans-le-sou-3595952\" target=\"_blank\" rel=\"noopener\"><br \/>\nPierre-Jean Chalen\u00e7on a la peau dure.<\/a> Rien ne semble pouvoir<br \/>\nl&rsquo;atteindre, qu&rsquo;il s&rsquo;agisse de <strong>la perte de son Palais<br \/>\nVienne<\/strong> ou de <strong>la pol\u00e9mique sur le port du<br \/>\nvoile<\/strong>. Ce vendredi 28 novembre 2025, le voici de retour<br \/>\navec un nouveau coup d&rsquo;\u00e9clat : <strong>une chanson consacr\u00e9e au vol<br \/>\ndes bijoux de Napol\u00e9on<\/strong> lors cambriolage spectaculaire au<br \/>\nLouvre.<\/p>\n<p class=\"p1\">\u00ab\u00a0Je pleure pour la France, pour le tr\u00f4ne et pour<br \/>\nmes r\u00eaves qu&rsquo;on d\u00e9tr\u00f4ne,\u00a0l&rsquo;entend-on entonner dans le<br \/>\nclip. Rendez les bijoux, vous br\u00fblerez en enfer. Ce ne sont pas<br \/>\nde simples bijoux, ce sont des morceaux de<br \/>\nlumi\u00e8re\u00a0\u00bb.<strong>\u00a0<\/strong><strong>Le \u00ab\u00a0dandy<br \/>\nflamboyant\u00a0\u00bb appelle les voleurs \u00e0 rendre les bijoux<\/strong><br \/>\net le laisser r\u00eaver \u00ab\u00a0qu&rsquo;un jour Napol\u00e9on revienne les<br \/>\nchercher\u2026\u00a0\u00bb<\/p>\n<p>Pierre-Jean Chalen\u00e7on : l&rsquo;\u00e9norme flop de sa<br \/>\nchanson<\/p>\n<p class=\"p1\">Le premier titre de la jeune carri\u00e8re musicale de<br \/>\nPierre-Jean Chalen\u00e7on <strong>ne rencontre pas le succ\u00e8s<br \/>\nescompt\u00e9<\/strong>. <strong>Sa chanson<\/strong> <a href=\"https:\/\/www.closermag.fr\/vecu\/faits_divers\/braquage-du-musee-du-louvre-on-sait-ce-que-les-voleurs-ont-derobe-cest-colossal-3587576\" target=\"_blank\" rel=\"noopener\"><br \/>\nanti-voleurs du Louvre<\/a> laisse les internautes sous le choc.<br \/>\n\u00ab\u00a0C&rsquo;\u00e9tait bien la peine de faire des le\u00e7ons artistiques et de<br \/>\nlangue fran\u00e7aise \u00e0 Aya Nakamura\u00a0\u00bb, plaisante un internaute sur<br \/>\nX (anciennement Twitter).<\/p>\n<p class=\"p1\">Un autre balance sans prendre de gants : \u00ab\u00a0Voil\u00e0<br \/>\nce qui arrive quand on donne <strong>du buzz \u00e0 la<br \/>\nm\u00e9diocrit\u00e9<\/strong>. Tout le monde s&rsquo;est foutu de sa gueule en<br \/>\nrelayant la vid\u00e9o d&rsquo;origine et cet abruti s&rsquo;est senti pousser des<br \/>\nailes\u00a0\u00bb. <strong>\u00ab\u00a0Quelle horreur\u00a0\u00bb<\/strong>, \u00ab\u00a0Il est oblig\u00e9<br \/>\nde chanter de la merde pour rembourser ses dettes qu&rsquo;il aille<br \/>\ntravailler\u00a0\u00bb, <strong>\u00ab\u00a0La France est r\u00e9ellement \u00e0 la<br \/>\nd\u00e9rive\u00a0\u00bb<\/strong>, peut-on \u00e9galement lire sur les r\u00e9seaux<br \/>\nsociaux.<\/p>\n<p>Pierre-Jean Chalen\u00e7on : quels sont<br \/>\nses projets ?<\/p>\n<p class=\"p1\">Malgr\u00e9 l&rsquo;\u00e9chec de sa chanson, <a href=\"https:\/\/www.closermag.fr\/people\/pierre-jean-chalencon-le-rituel-egocentrique-de-la-star-d-affaire-conclue-tous-l-1089860\" target=\"_blank\" rel=\"noopener\"><br \/>\nl\u2019ancien acheteur d\u2019Affaire conclue<\/a>\u00a0d\u00e9borde d&rsquo;id\u00e9es.<br \/>\n\u00ab\u00a0Pourquoi pas,\u00a0<strong>participer \u00e0 la vie<br \/>\npolitique<\/strong>, \u00e0 la privatisation de l\u2019audiovisuel public,<br \/>\ns\u2019il y a un changement de gouvernement.\u00a0Ce qui<br \/>\nm\u2019importe r\u00e9ellement, c\u2019est le bonheur que je peux apporter aux<br \/>\ngens\u00a0\u00bb, s&rsquo;interroge-t-il en interview avec le magazine<br \/>\nCloser.<\/p>\n<p class=\"p1\">On pourrait bien \u00e9galement voir le grand fan de<br \/>\nNapol\u00e9on sur sc\u00e8ne d\u00e8s l&rsquo;an prochain. \u00ab\u00a0Mon projet pour 2026, ce<br \/>\nserait de <strong>monter un one-man-show<\/strong> et de<br \/>\n<strong>reprendre des \u00e9missions de t\u00e9l\u00e9<\/strong>. Avec Michou et<br \/>\nCharles Trenet, mes anges gardiens, et Julien Lepers et Patrick<br \/>\nS\u00e9bastien, mes grands copains\u2026\u00a0\u00bb Reste \u00e0 savoir si le public<br \/>\nsera au rendez-vous !<\/p>\n","protected":false},"excerpt":{"rendered":"Pierre-Jean Chalen\u00e7on a la peau dure. Rien ne semble pouvoir l&rsquo;atteindre, qu&rsquo;il s&rsquo;agisse de la perte de son&hellip;\n","protected":false},"author":2,"featured_media":570477,"comment_status":"","ping_status":"","sticky":false,"template":"","format":"standard","meta":{"footnotes":""},"categories":[1359],"tags":[58,59,1011,27,973,34317],"class_list":{"0":"post-570476","1":"post","2":"type-post","3":"status-publish","4":"format-standard","5":"has-post-thumbnail","7":"category-people","8":"tag-divertissement","9":"tag-entertainment","10":"tag-fr","11":"tag-france","12":"tag-people","13":"tag-pierre-jean-chalencon"},"share_on_mastodon":{"url":"https:\/\/pubeurope.com\/@fr\/115643201954864229","error":""},"_links":{"self":[{"href":"https:\/\/www.europesays.com\/fr\/wp-json\/wp\/v2\/posts\/570476","targetHints":{"allow":["GET"]}}],"collection":[{"href":"https:\/\/www.europesays.com\/fr\/wp-json\/wp\/v2\/posts"}],"about":[{"href":"https:\/\/www.europesays.com\/fr\/wp-json\/wp\/v2\/types\/post"}],"author":[{"embeddable":true,"href":"https:\/\/www.europesays.com\/fr\/wp-json\/wp\/v2\/users\/2"}],"replies":[{"embeddable":true,"href":"https:\/\/www.europesays.com\/fr\/wp-json\/wp\/v2\/comments?post=570476"}],"version-history":[{"count":0,"href":"https:\/\/www.europesays.com\/fr\/wp-json\/wp\/v2\/posts\/570476\/revisions"}],"wp:featuredmedia":[{"embeddable":true,"href":"https:\/\/www.europesays.com\/fr\/wp-json\/wp\/v2\/media\/570477"}],"wp:attachment":[{"href":"https:\/\/www.europesays.com\/fr\/wp-json\/wp\/v2\/media?parent=570476"}],"wp:term":[{"taxonomy":"category","embeddable":true,"href":"https:\/\/www.europesays.com\/fr\/wp-json\/wp\/v2\/categories?post=570476"},{"taxonomy":"post_tag","embeddable":true,"href":"https:\/\/www.europesays.com\/fr\/wp-json\/wp\/v2\/tags?post=570476"}],"curies":[{"name":"wp","href":"https:\/\/api.w.org\/{rel}","templated":true}]}}