{"id":570478,"date":"2025-12-01T07:46:11","date_gmt":"2025-12-01T07:46:11","guid":{"rendered":"https:\/\/www.europesays.com\/fr\/570478\/"},"modified":"2025-12-01T07:46:11","modified_gmt":"2025-12-01T07:46:11","slug":"son-appartement-parisien-quelle-a-renove","status":"publish","type":"post","link":"https:\/\/www.europesays.com\/fr\/570478\/","title":{"rendered":"son appartement parisien qu&rsquo;elle a r\u00e9nov\u00e9"},"content":{"rendered":"<p>En 2017, Caroline Rostang ouvrait Odette by Maison Rostang au<br \/>\nc\u0153ur de la Canop\u00e9e des Halles. \u00c0 l\u2019\u00e9poque, elle d\u00e9voilait aussi son<br \/>\nappartement parisien, un lieu qu\u2019elle venait de transformer avec<br \/>\nune pr\u00e9cision presque instinctive. Les ann\u00e9es ont pass\u00e9, et m\u00eame si<br \/>\nson int\u00e9rieur a peut-\u00eatre \u00e9volu\u00e9 depuis, demeure l\u2019image d\u2019un<br \/>\nespace pens\u00e9 comme une respiration contemporaine, chaleureux sans<br \/>\njamais \u00eatre satur\u00e9, fid\u00e8le \u00e0 l\u2019esprit de famille qui marque<br \/>\nl\u2019histoire culinaire des Rostang depuis six g\u00e9n\u00e9rations.<\/p>\n<p>L\u2019appartement de Caroline Rostang repens\u00e9 en open space<\/p>\n<p>Lorsqu\u2019elle raconte <a href=\"https:\/\/www.lejournaldelamaison.fr\/le-journal-de-la-maison\/reportages-maisons\/appartements\/michou-lieu-magique-sublime-appartement-montmartre-avec-kitsch-bleu-immense-terrasse-donnant-plus-beaux-monuments-paris-528687.html\" target=\"_blank\" rel=\"noopener\"><br \/>\nl\u2019achat de cet appartement<\/a> en pierre de Paris du d\u00e9but du XXe<br \/>\nsi\u00e8cle, elle \u00e9voque moins un coup de t\u00eate qu\u2019une \u00e9vidence. La<br \/>\nvisite a suffi pour qu\u2019elle <strong>projette un lieu<br \/>\nouvert<\/strong>, baign\u00e9 de lumi\u00e8re, loin du cloisonnement initial.<br \/>\nAid\u00e9e d\u2019un architecte, elle a fait tomber les murs pour r\u00e9unir cinq<br \/>\npi\u00e8ces en une vaste zone de vie. Elle r\u00e9sume ce choix d\u2019un trait, \u00e0<br \/>\nla fois concret et assum\u00e9, dans les colonnes de C\u00f4t\u00e9<br \/>\nMaison : \u00ab La pi\u00e8ce \u00e0 vivre qui fait cuisine-salon-salle \u00e0<br \/>\nmanger. Quand nous avons achet\u00e9 cet appartement, nous avons d\u00fb<br \/>\nfaire <strong>beaucoup de travaux<\/strong> : on a transform\u00e9 cinq<br \/>\npi\u00e8ces en un grand open space avec la cuisine ouverte sur un<br \/>\nsalon-s\u00e9jour. \u00bb<\/p>\n<p>Cette pi\u00e8ce refl\u00e8te autant son m\u00e9tier que son temp\u00e9rament. Elle<br \/>\ny a install\u00e9 \u00ab une r\u00f4tissoire \u00ab\u00a0la Flamberge\u00a0\u00bb <strong>de chez La<br \/>\nCornue<\/strong> \u00bb. Un objet rare dont elle aime l\u00a0\u00bbeffet de<br \/>\nsurprise. \u00ab On me demande souvent si je m\u2019en sers r\u00e9ellement.<br \/>\nR\u00e9ponse affirmative ! \u00bb, pr\u00e9cise-t-elle, amus\u00e9e. Cet \u00e9l\u00e9ment<br \/>\nspectaculaire dialogue avec un <a href=\"https:\/\/www.lejournaldelamaison.fr\/le-journal-de-la-maison\/reportages-maisons\/maisons-reportages-maisons\/pierre-jean-chalencon-somptueux-hotel-particulier-dans-2e-arrondissement-paris-decore-objets-collection-528877.html\" target=\"_blank\" rel=\"noopener\"><br \/>\nd\u00e9cor qu\u2019elle souhaite chaleureux<\/a> mais d\u00e9gag\u00e9, loin des<br \/>\nint\u00e9rieurs trop dessin\u00e9s. \u00ab Contemporain mais pas ultra design.<br \/>\nL\u2019ambiance est chaleureuse mais a\u00e9r\u00e9e : <strong>je n\u2019aime pas les<br \/>\nespaces confin\u00e9s<\/strong>. \u00bb<\/p>\n<p>L\u2019appartement de Caroline Rostang, un reflet intime<\/p>\n<p>L\u2019appartement raconte aussi <strong>ses passions plus<br \/>\nintimes<\/strong>. Elle \u00e9voque son flipper Gottlieb, tout juste<br \/>\n<a href=\"https:\/\/www.lejournaldelamaison.fr\/maison\/ce-petit-objet-de-cuisine-chine-en-magasin-de-seconde-main-transforme-une-piece-banale-en-deco-vintage-elegante-et-chaleureuse-en-quelques-minutes-528908.html\" target=\"_blank\" rel=\"noopener\"><br \/>\nd\u00e9nich\u00e9 en boutique vintage<\/a>. Elle mentionne aussi ce lion en<br \/>\nterre cuite \u00e9maill\u00e9e sign\u00e9 Jules Lesou\u00ebf, qui circule au gr\u00e9 des<br \/>\nenvies. \u00ab Il se balade dans l\u2019appartement, on le trouve tant\u00f4t<br \/>\ndans ma biblioth\u00e8que, tant\u00f4t au-dessus de la chemin\u00e9e\u2026 \u00bb,<br \/>\ndit-elle. Le cadre g\u00e9n\u00e9ral repose sur des <strong>mati\u00e8res et des<br \/>\ntons apaisants<\/strong> : \u00ab Le bois et les couleurs claires<br \/>\ndominent. On a un tr\u00e8s beau plancher et surtout, pendant les<br \/>\ntravaux, on a pu r\u00e9cup\u00e9rer un mur en pierres apparentes. \u00bb<\/p>\n<p>Comme souvent chez ceux qui vivent intens\u00e9ment leur m\u00e9tier, la<br \/>\nmaison glisse vers les gestes du quotidien <strong>sans jamais<br \/>\nperdre son style<\/strong>. Elle pr\u00e9pare \u00ab une viande ou une<br \/>\nvolaille cuite dans la r\u00f4tisserie \u00bb \u00e0 l\u2019improviste. La chef<br \/>\nlit Sans oublier d\u2019\u00eatre heureux\u00a0sur sa table de nuit,<br \/>\n\u00e9coute du jazz, r\u00e9siste aux voilages et pr\u00e9f\u00e8re les rideaux \u00e9pais.<br \/>\nElle avoue m\u00eame une astuce h\u00e9rit\u00e9e <a href=\"https:\/\/www.lejournaldelamaison.fr\/le-journal-de-la-maison\/reportages-maisons\/maisons-campagne\/juliette-armanet-marne-maison-campagne-hors-temps-527751.html\" target=\"_blank\" rel=\"noopener\"><br \/>\nde sa maison de campagne<\/a>, con\u00e7ue pour <strong>assombrir une<br \/>\npi\u00e8ce trop lumineuse<\/strong>, qu\u2019elle r\u00e9sume avec pr\u00e9cision : \u00ab<br \/>\nAcheter du tissu occultant, faire poser deux rivets \u00e0 chaque<br \/>\nextr\u00e9mit\u00e9 et fixer deux petits crochets au-dessus de la<br \/>\nfen\u00eatre. \u00bb<\/p>\n<blockquote class=\"instagram-media\" style=\"background: #ffffff;border: 0;margin: 1px;width: 100%;padding: 0;max-width: 500px;\" data-instgrm-permalink=\"https:\/\/www.instagram.com\/p\/DPJxXq8jGJi\/\" data-instgrm-version=\"14\"\/><p>\nDes habitudes qui rythment<br \/>\nl\u2019appartement de Caroline Rostang<\/p>\n<p>Elle aime les fleurs que lui offre son mari, les renoncules, les<br \/>\npois de senteur ou le mimosa du moment, et r\u00eave simplement<br \/>\nd\u2019<strong>une vraie buanderie<\/strong>, preuve qu\u2019un int\u00e9rieur<br \/>\nid\u00e9al reste toujours perfectible. Ses livres s\u2019alignent <a href=\"https:\/\/www.lejournaldelamaison.fr\/le-journal-de-la-maison\/reportages-maisons\/appartements\/lappartement-parisien-daugustin-trapenard-bibliotheque-spectaculaire-528388.html\" target=\"_blank\" rel=\"noopener\"><br \/>\ndans une grande biblioth\u00e8que<\/a> mais finissent souvent en colonnes<br \/>\nau pied du lit, avant d\u2019\u00eatre <strong>donn\u00e9s \u00e0 sa m\u00e8re ou \u00e0 sa<br \/>\ns\u0153ur<\/strong>.<\/p>\n<p>M\u00eame dans la <strong>d\u00e9coration de ses restaurants<\/strong>, on<br \/>\nretrouve ce fil paisible et coh\u00e9rent. Elle raconte avoir imagin\u00e9<br \/>\nOdette en duo avec sa s\u0153ur autour d\u2019un contraste qu\u2019elle<br \/>\naffectionne : \u00ab Lors d\u2019un s\u00e9jour \u00e0 New York, j\u2019avais ador\u00e9 le<br \/>\n<a href=\"https:\/\/www.lejournaldelamaison.fr\/maison\/ce-detail-sous-estime-sur-les-poignees-peut-sauver-vos-meubles-en-bois-vintage-et-les-rendre-ultra-tendance-en-2025-sans-poncer-ni-repeindre-528902.html\" target=\"_blank\" rel=\"noopener\"><br \/>\nm\u00e9lange cuivre et le bois<\/a>. On voulait que ces deux mati\u00e8res<br \/>\ndominent \u00bb. L\u2019architecte Alexandre Danan a prolong\u00e9 cette id\u00e9e<br \/>\nen cr\u00e9ant des ondulations de bois, \u00ab une nappe organique<br \/>\n\u00bb, tandis que les tables rondes, qu\u2019elle adore, ont \u00e9t\u00e9 repens\u00e9es<br \/>\npar paires pour \u00e9viter l\u2019inconfort lorsqu\u2019on est quatre.<\/p>\n<p><script async src=\"\/\/www.instagram.com\/embed.js\"><\/script><\/p>\n","protected":false},"excerpt":{"rendered":"En 2017, Caroline Rostang ouvrait Odette by Maison Rostang au c\u0153ur de la Canop\u00e9e des Halles. \u00c0 l\u2019\u00e9poque,&hellip;\n","protected":false},"author":2,"featured_media":570479,"comment_status":"","ping_status":"","sticky":false,"template":"","format":"standard","meta":{"footnotes":""},"categories":[1358],"tags":[930,13041,9071,1348,1384,1385,4154,49216,61125,68570,38498,18493,1386,58,68571,59,17376,12219,1011,27,68572,151,36461,3837,14969,68569,3711],"class_list":{"0":"post-570478","1":"post","2":"type-post","3":"status-publish","4":"format-standard","5":"has-post-thumbnail","7":"category-arts-et-design","8":"tag-le","9":"tag-a","10":"tag-appartement","11":"tag-arts","12":"tag-arts-and-design","13":"tag-arts-et-design","14":"tag-bois","15":"tag-caroline","16":"tag-chaleureuse","17":"tag-claires","18":"tag-contemporaine","19":"tag-couleurs","20":"tag-design","21":"tag-divertissement","22":"tag-dominent","23":"tag-entertainment","24":"tag-entierement","25":"tag-et","26":"tag-fr","27":"tag-france","28":"tag-lambiance","29":"tag-les","30":"tag-parisien","31":"tag-quelle","32":"tag-renove","33":"tag-rostang","34":"tag-son"},"share_on_mastodon":{"url":"https:\/\/pubeurope.com\/@fr\/115643205753446946","error":""},"_links":{"self":[{"href":"https:\/\/www.europesays.com\/fr\/wp-json\/wp\/v2\/posts\/570478","targetHints":{"allow":["GET"]}}],"collection":[{"href":"https:\/\/www.europesays.com\/fr\/wp-json\/wp\/v2\/posts"}],"about":[{"href":"https:\/\/www.europesays.com\/fr\/wp-json\/wp\/v2\/types\/post"}],"author":[{"embeddable":true,"href":"https:\/\/www.europesays.com\/fr\/wp-json\/wp\/v2\/users\/2"}],"replies":[{"embeddable":true,"href":"https:\/\/www.europesays.com\/fr\/wp-json\/wp\/v2\/comments?post=570478"}],"version-history":[{"count":0,"href":"https:\/\/www.europesays.com\/fr\/wp-json\/wp\/v2\/posts\/570478\/revisions"}],"wp:featuredmedia":[{"embeddable":true,"href":"https:\/\/www.europesays.com\/fr\/wp-json\/wp\/v2\/media\/570479"}],"wp:attachment":[{"href":"https:\/\/www.europesays.com\/fr\/wp-json\/wp\/v2\/media?parent=570478"}],"wp:term":[{"taxonomy":"category","embeddable":true,"href":"https:\/\/www.europesays.com\/fr\/wp-json\/wp\/v2\/categories?post=570478"},{"taxonomy":"post_tag","embeddable":true,"href":"https:\/\/www.europesays.com\/fr\/wp-json\/wp\/v2\/tags?post=570478"}],"curies":[{"name":"wp","href":"https:\/\/api.w.org\/{rel}","templated":true}]}}