{"id":57048,"date":"2025-04-27T14:54:22","date_gmt":"2025-04-27T14:54:22","guid":{"rendered":"https:\/\/www.europesays.com\/fr\/57048\/"},"modified":"2025-04-27T14:54:22","modified_gmt":"2025-04-27T14:54:22","slug":"ces-haut-alpins-avaient-rencontre-le-pape-a-marseille-sur-le-sujet-des-migrations","status":"publish","type":"post","link":"https:\/\/www.europesays.com\/fr\/57048\/","title":{"rendered":"Ces Haut-Alpins avaient rencontr\u00e9 le Pape \u00e0 Marseille sur le sujet des migrations"},"content":{"rendered":"<p itemprop=\"description\"><strong>SOCI\u00c9T\u00c9 \/ L&rsquo;\u00e9v\u00eaque de Gap et d&rsquo;Embrun, Xavier Malle, revient sur la rencontre entre une dizaine de Haut-Alpins et le Pape en septembre 2023 \u00e0 Marseille<\/strong><\/p>\n<p>\u00a0<\/p>\n<p><strong>-Hautes-Alpes &#8211;<\/strong><\/p>\n<p style=\"text-align: justify;\">Le Pape, d\u00e9c\u00e9d\u00e9 il y a deux jours, a rencontr\u00e9 lors de son pontificat, des Alpins du Sud. Parmi eux, monseigneur Xavier Malle, \u00e9v\u00eaque de Gap et d&rsquo;Embrun. Si l&rsquo;homme de 59 ans a rencontr\u00e9 \u00e0 plusieurs reprises le souverain pontife, dont une derni\u00e8re fois en d\u00e9cembre dernier, le responsable de l&rsquo;\u00c9glise dans les Hautes-Alpes se souvient de cette rencontre marquante \u00e0 Marseille.<\/p>\n<p style=\"text-align: justify;\">\u00a0<\/p>\n<blockquote><p>&#13;<\/p>\n<p style=\"text-align: justify;\">\u00ab Nous avons pri\u00e9 \u00e0 Notre-Dame de la Garde, pour les migrants morts en mer et en montagne. Le cardinal Jean-Marc Aveline (ndrl : archev\u00eaque de Marseille, pressenti pour la papaut\u00e9) avait accept\u00e9 que je vienne avec une dizaine de Haut-Alpins \u00bb X. Malle<\/p>\n<p>&#13;\n<\/p><\/blockquote>\n<p style=\"text-align: justify;\">\u00a0<\/p>\n<p style=\"text-align: justify;\">Parmi eux, des personnes venues de la commission de la pastorale des migrants de Gap, du r\u00e9seau hospitalit\u00e9 de Gap et du refuge solidaire de Brian\u00e7on.\u00a0<\/p>\n<p style=\"text-align: justify;\">\u00a0<\/p>\n<blockquote><p>&#13;<\/p>\n<p style=\"text-align: justify;\">\u00ab Cette rencontre a \u00e9t\u00e9 tr\u00e8s marquante, ils se sont retrouv\u00e9s \u00e0 cinq m\u00e8tres du Pape \u00bb X. Malle<\/p>\n<p>&#13;\n<\/p><\/blockquote>\n<p style=\"text-align: justify;\">\u00a0<\/p>\n<p style=\"text-align: justify;\"><strong>Les migrants seront d\u00e9fendus par le prochain Pape pour l&rsquo;\u00e9v\u00eaque<\/strong><\/p>\n<p style=\"text-align: justify;\">L&rsquo;\u00e9v\u00eaque pense que le prochain pape sera autant engag\u00e9 que le pr\u00e9c\u00e9dent sur le sujet des migrations.<\/p>\n<blockquote><p>&#13;<\/p>\n<p style=\"text-align: justify;\">\u00ab Le ph\u00e9nom\u00e8ne ne date pas du pape Fran\u00e7ois mais a explos\u00e9 au moment du pape Fran\u00e7ois avec la fameuse crise migratoire de 2015. C&rsquo;est un ph\u00e9nom\u00e8ne mondial qui concerne tous les continents notamment en raison du changement climatique \u00bb X. Malle<\/p>\n<p>&#13;\n<\/p><\/blockquote>\n<p style=\"text-align: justify;\">\u00a0<\/p>\n<p style=\"text-align: justify;\">Xavier Malle prend appui sur une de ses exp\u00e9riences personnelles : il s\u2019est rendu au B\u00e9nin, un pays o\u00f9 il estime que \u00ab\u00a0c\u2019est vraiment tr\u00e8s difficile l\u00e0-bas avec la temp\u00e9rature \u00bb.<\/p>\n<p style=\"text-align: justify;\">\u00a0<\/p>\n<blockquote><p>&#13;<\/p>\n<p style=\"text-align: justify;\">\u00ab On imagine bien que ces personnes l\u00e0-bas cherchent des vies meilleures et ne cherchent pas \u00e0 nous envahir contrairement \u00e0 ce qu&rsquo;on peut dire \u00bb X. Malle<\/p>\n<p>&#13;\n<\/p><\/blockquote>\n<p style=\"text-align: justify;\">\u00a0<\/p>\n","protected":false},"excerpt":{"rendered":"SOCI\u00c9T\u00c9 \/ L&rsquo;\u00e9v\u00eaque de Gap et d&rsquo;Embrun, Xavier Malle, revient sur la rencontre entre une dizaine de Haut-Alpins&hellip;\n","protected":false},"author":2,"featured_media":57049,"comment_status":"","ping_status":"","sticky":false,"template":"","format":"standard","meta":{"footnotes":""},"categories":[2814],"tags":[1111,11,7733,8279,7736,650,7734,2889,2263,1777,674,1011,27,1085,8280,6417,1114,4662,884,12,3725,882,1825,25,7053,7737],"class_list":{"0":"post-57048","1":"post","2":"type-post","3":"status-publish","4":"format-standard","5":"has-post-thumbnail","7":"category-marseille","8":"tag-actu","9":"tag-actualites","10":"tag-alpes","11":"tag-alpes1","12":"tag-cds","13":"tag-cinema","14":"tag-ecoute","15":"tag-emission","16":"tag-equipe","17":"tag-eu","18":"tag-europe","19":"tag-fr","20":"tag-france","21":"tag-gap","22":"tag-haute","23":"tag-information","24":"tag-infos","25":"tag-journal","26":"tag-marseille","27":"tag-news","28":"tag-podcast","29":"tag-provence-alpes-cote-dazur","30":"tag-radio","31":"tag-republique-francaise","32":"tag-sud","33":"tag-winamp"},"share_on_mastodon":{"url":"https:\/\/pubeurope.com\/@fr\/114410505100982456","error":""},"_links":{"self":[{"href":"https:\/\/www.europesays.com\/fr\/wp-json\/wp\/v2\/posts\/57048","targetHints":{"allow":["GET"]}}],"collection":[{"href":"https:\/\/www.europesays.com\/fr\/wp-json\/wp\/v2\/posts"}],"about":[{"href":"https:\/\/www.europesays.com\/fr\/wp-json\/wp\/v2\/types\/post"}],"author":[{"embeddable":true,"href":"https:\/\/www.europesays.com\/fr\/wp-json\/wp\/v2\/users\/2"}],"replies":[{"embeddable":true,"href":"https:\/\/www.europesays.com\/fr\/wp-json\/wp\/v2\/comments?post=57048"}],"version-history":[{"count":0,"href":"https:\/\/www.europesays.com\/fr\/wp-json\/wp\/v2\/posts\/57048\/revisions"}],"wp:featuredmedia":[{"embeddable":true,"href":"https:\/\/www.europesays.com\/fr\/wp-json\/wp\/v2\/media\/57049"}],"wp:attachment":[{"href":"https:\/\/www.europesays.com\/fr\/wp-json\/wp\/v2\/media?parent=57048"}],"wp:term":[{"taxonomy":"category","embeddable":true,"href":"https:\/\/www.europesays.com\/fr\/wp-json\/wp\/v2\/categories?post=57048"},{"taxonomy":"post_tag","embeddable":true,"href":"https:\/\/www.europesays.com\/fr\/wp-json\/wp\/v2\/tags?post=57048"}],"curies":[{"name":"wp","href":"https:\/\/api.w.org\/{rel}","templated":true}]}}