{"id":570486,"date":"2025-12-01T07:51:15","date_gmt":"2025-12-01T07:51:15","guid":{"rendered":"https:\/\/www.europesays.com\/fr\/570486\/"},"modified":"2025-12-01T07:51:15","modified_gmt":"2025-12-01T07:51:15","slug":"le-conseil-national-du-sida-appelle-a-une-remobilisation-urgente-des-pouvoirs-publics","status":"publish","type":"post","link":"https:\/\/www.europesays.com\/fr\/570486\/","title":{"rendered":"le Conseil national du sida appelle \u00e0 une \u00ab\u00a0remobilisation urgente des pouvoirs publics\u00a0\u00bb"},"content":{"rendered":"<p>                      <img loading=\"lazy\" decoding=\"async\" src=\"https:\/\/www.europesays.com\/fr\/wp-content\/uploads\/2025\/12\/945f2ce_upload-1-hdre1eqnn5wy-000-377h8g4.jpg\" alt=\"Le cofondateur de la Treatment Action Campaign, Zackie Achmat, lors d\u2019une r\u00e9union consacr\u00e9e aux r\u00e9centes coupes budg\u00e9taires de l\u2019USAID, au Cap, le 19\u00a0mars 2025. \"   width=\"664\" height=\"443\"\/>    Le cofondateur de la Treatment Action Campaign, Zackie Achmat, lors d\u2019une r\u00e9union consacr\u00e9e aux r\u00e9centes coupes budg\u00e9taires de l\u2019USAID, au Cap, le 19\u00a0mars 2025.  GIANLUIGI GUERCIA\/AFP                          <\/p>\n<p class=\"article__paragraph  \">\u00ab\u00a0Les progr\u00e8s accomplis depuis quarante ans\u00a0\u00bb dans la lutte contre le VIH sont \u00ab\u00a0en p\u00e9ril\u00a0\u00bb, alerte le Conseil national du sida et des h\u00e9patites virales (CNS). A l\u2019occasion de la journ\u00e9e mondiale de lutte contre le sida, lundi 1er\u00a0d\u00e9cembre, le CNS appelle \u00e0 \u00ab\u00a0une remobilisation urgente des pouvoirs publics\u00a0\u00bb, face \u00e0 la baisse des financements publics dans le monde comme en France. \u00ab\u00a0Au cours des derniers mois, le paysage de la lutte contre le VIH\/sida a \u00e9t\u00e9 profond\u00e9ment fragilis\u00e9 en France et [dans le monde], avec la r\u00e9duction des financements et des difficult\u00e9s croissantes d\u2019acc\u00e8s \u00e0 la pr\u00e9vention et aux soins\u00a0\u00bb, rel\u00e8ve-t-il dans un communiqu\u00e9.<\/p>\n<p>                                            Lire le d\u00e9cryptage |  <a href=\"https:\/\/www.lemonde.fr\/afrique\/article\/2025\/02\/19\/le-gel-des-aides-americaines-alimente-la-crainte-d-une-reprise-de-l-epidemie-de-sida-des-gens-vont-mourir_6553536_3212.html\" class=\"js-article-read-also catcher--favoris__link\" data-premium=\"\" id=\"article-title-3410039\" target=\"_blank\" rel=\"noopener\">Le gel des aides am\u00e9ricaines alimente la crainte d\u2019une reprise de l\u2019\u00e9pid\u00e9mie de sida\u00a0: \u00ab\u00a0Des gens vont mourir\u00a0\u00bb<\/a>    <\/p>\n<p>   Lire plus tard  <\/p>\n<p class=\"article__paragraph  \">Dans le monde, rappelle \u00e9galement le CNS, la baisse des financements allou\u00e9s par les Etats-Unis mais aussi d\u2019autres pays, dont la France, parmi les principaux donateurs au Fonds mondial de lutte contre le sida, la tuberculose et le paludisme, \u00ab\u00a0menace les programmes de lutte contre le VIH et pourrait provoquer une hausse de plusieurs millions d\u2019infections par le VIH et de d\u00e9c\u00e8s \u00e9vitables dans les pays \u00e0 ressources limit\u00e9es\u00a0\u00bb.<\/p>\n<p class=\"article__paragraph  \">L\u2019absence de promesse de dons de la France au dernier sommet du Fonds mondial, comme l\u2019absence d\u2019Emmanuel Macron \u00e0 cet \u00e9v\u00e9nement, \u00e0 Johannesburg, en Afrique du Sud, a r\u00e9cemment aliment\u00e9 les critiques d\u2019associations, comme Sidaction et Aides.<\/p>\n<p class=\"article__paragraph  \">D\u2019autant que des innovations, comme des traitements pr\u00e9ventifs (<a href=\"https:\/\/www.lemonde.fr\/societe\/article\/2022\/12\/01\/vih-ce-qu-il-faut-savoir-sur-la-prep-la-pilule-preventive-antisida_6152463_3224.html\" target=\"_blank\" rel=\"noopener\">PrEP<\/a>) injectables \u00e0 longue dur\u00e9e d\u2019action, constituent une opportunit\u00e9 pour renforcer la pr\u00e9vention et atteindre l\u2019objectif d\u2019une fin de la pand\u00e9mie \u00e0 l\u2019horizon 2030, selon nombre d\u2019experts du sida.<\/p>\n<p>                                       Lire aussi |  Article r\u00e9serv\u00e9 \u00e0 nos abonn\u00e9s  <a href=\"https:\/\/www.lemonde.fr\/sciences\/article\/2024\/07\/30\/vih-les-strategies-pour-esperer-guerir_6261490_1650684.html\" class=\"js-article-read-also catcher--favoris__link\" data-premium=\"1\" id=\"article-title-3383745\" target=\"_blank\" rel=\"noopener\">VIH\u00a0: les strat\u00e9gies pour esp\u00e9rer gu\u00e9rir<\/a>    <\/p>\n<p>   Lire plus tard  <\/p>\n<p>                          Hausse des d\u00e9couvertes de s\u00e9ropositivit\u00e9 chez les 15-24\u00a0ans                    <\/p>\n<p class=\"article__paragraph  \">En France, \u00ab\u00a0la baisse notable des financements publics allou\u00e9s aux associations r\u00e9duit les actions de pr\u00e9vention et d\u2019accompagnement des personnes malades et se traduit aussi par la disparition de structures locales ou r\u00e9gionales\u00a0\u00bb, alerte le CNS, instance ind\u00e9pendante charg\u00e9e depuis 1989 d\u2019\u00e9clairer les pouvoirs publics.<\/p>\n<p class=\"article__paragraph  \">Or la pr\u00e9vention est \u00e0 renforcer\u00a0: bond des d\u00e9couvertes de s\u00e9ropositivit\u00e9 chez les 15-24\u00a0ans depuis une dizaine d\u2019ann\u00e9es, baisse de l\u2019usage du pr\u00e9servatif chez les jeunes, recours insuffisant \u00e0 la PrEP, risques de contamination accrus par le chemsex.<\/p>\n<p>                                       Lire aussi (2023) :  Article r\u00e9serv\u00e9 \u00e0 nos abonn\u00e9s  <a href=\"https:\/\/www.lemonde.fr\/sciences\/article\/2023\/03\/05\/le-chemsex-sexe-sous-drogue-est-aujourd-hui-une-question-de-sante-publique_6164243_1650684.html\" class=\"js-article-read-also catcher--favoris__link\" data-premium=\"1\" id=\"article-title-3311824\" target=\"_blank\" rel=\"noopener\">Le \u00ab\u00a0chemsex\u00a0\u00bb, sexe sous drogue, est aujourd\u2019hui une question de sant\u00e9 publique<\/a>    <\/p>\n<p>   Lire plus tard  <\/p>\n<p class=\"article__paragraph  \">\u00ab\u00a0Parall\u00e8lement, l\u2019acc\u00e8s aux soins et aux droits pour les groupes sociaux en situation de vuln\u00e9rabilit\u00e9 reste probl\u00e9matique. Les dispositifs d\u2019Aide m\u00e9dicale d\u2019Etat (AME) et de droit au s\u00e9jour pour raisons m\u00e9dicales ont \u00e9t\u00e9 \u00e0 plusieurs reprises menac\u00e9s de restrictions\u00a0\u00bb, pointe le CNS, qui appelle donc \u00e0 \u00ab\u00a0une remobilisation urgente des pouvoirs publics\u00a0\u00bb.<\/p>\n<p>                                       Lire la tribune (2025) |  Article r\u00e9serv\u00e9 \u00e0 nos abonn\u00e9s  <a href=\"https:\/\/www.lemonde.fr\/idees\/article\/2025\/11\/21\/francoise-barre-sinoussi-virologue-la-fin-du-sida-est-a-portee-de-main-et-c-est-a-la-france-de-donner-le-coup-decisif_6654266_3232.html\" class=\"js-article-read-also catcher--favoris__link\" data-premium=\"1\" id=\"article-title-3447444\" target=\"_blank\" rel=\"noopener\">Fran\u00e7oise Barr\u00e9-Sinoussi, virologue\u00a0: \u00ab\u00a0La fin du sida est \u00e0 port\u00e9e de main, et c\u2019est \u00e0 la France de donner le coup d\u00e9cisif\u00a0\u00bb<\/a>    <\/p>\n<p>   Lire plus tard  <\/p>\n<p class=\"author__detail\">  Le Monde avec AFP  <\/p>\n<p>                <a href=\"https:\/\/www.lemonde.fr\/syndication\/\" class=\"reuse__content\" title=\"R\u00e9utiliser ce contenu\" target=\"_blank\" rel=\"noopener\">R\u00e9utiliser ce contenu<\/a>      <\/p>\n","protected":false},"excerpt":{"rendered":"Le cofondateur de la Treatment Action Campaign, Zackie Achmat, lors d\u2019une r\u00e9union consacr\u00e9e aux r\u00e9centes coupes budg\u00e9taires de&hellip;\n","protected":false},"author":2,"featured_media":570487,"comment_status":"","ping_status":"","sticky":false,"template":"","format":"standard","meta":{"footnotes":""},"categories":[10],"tags":[1011,27,72,71],"class_list":{"0":"post-570486","1":"post","2":"type-post","3":"status-publish","4":"format-standard","5":"has-post-thumbnail","7":"category-sante","8":"tag-fr","9":"tag-france","10":"tag-health","11":"tag-sante"},"share_on_mastodon":{"url":"https:\/\/pubeurope.com\/@fr\/115643225862470248","error":""},"_links":{"self":[{"href":"https:\/\/www.europesays.com\/fr\/wp-json\/wp\/v2\/posts\/570486","targetHints":{"allow":["GET"]}}],"collection":[{"href":"https:\/\/www.europesays.com\/fr\/wp-json\/wp\/v2\/posts"}],"about":[{"href":"https:\/\/www.europesays.com\/fr\/wp-json\/wp\/v2\/types\/post"}],"author":[{"embeddable":true,"href":"https:\/\/www.europesays.com\/fr\/wp-json\/wp\/v2\/users\/2"}],"replies":[{"embeddable":true,"href":"https:\/\/www.europesays.com\/fr\/wp-json\/wp\/v2\/comments?post=570486"}],"version-history":[{"count":0,"href":"https:\/\/www.europesays.com\/fr\/wp-json\/wp\/v2\/posts\/570486\/revisions"}],"wp:featuredmedia":[{"embeddable":true,"href":"https:\/\/www.europesays.com\/fr\/wp-json\/wp\/v2\/media\/570487"}],"wp:attachment":[{"href":"https:\/\/www.europesays.com\/fr\/wp-json\/wp\/v2\/media?parent=570486"}],"wp:term":[{"taxonomy":"category","embeddable":true,"href":"https:\/\/www.europesays.com\/fr\/wp-json\/wp\/v2\/categories?post=570486"},{"taxonomy":"post_tag","embeddable":true,"href":"https:\/\/www.europesays.com\/fr\/wp-json\/wp\/v2\/tags?post=570486"}],"curies":[{"name":"wp","href":"https:\/\/api.w.org\/{rel}","templated":true}]}}