{"id":570497,"date":"2025-12-01T07:57:13","date_gmt":"2025-12-01T07:57:13","guid":{"rendered":"https:\/\/www.europesays.com\/fr\/570497\/"},"modified":"2025-12-01T07:57:13","modified_gmt":"2025-12-01T07:57:13","slug":"comment-letat-a-resserre-son-etau-sur-shein","status":"publish","type":"post","link":"https:\/\/www.europesays.com\/fr\/570497\/","title":{"rendered":"comment l\u2019\u00c9tat a resserr\u00e9 son \u00e9tau sur Shein"},"content":{"rendered":"<p>\n    <strong>ENQU\u00caTE &#8211;<\/strong> L\u2019annonce de l\u2019ouverture d\u2019un magasin au sein du BHV a convaincu le gouvernement de faire fl\u00e8che de tout bois contre la plateforme chinoise. La proc\u00e9dure de suspension qu\u2019il a engag\u00e9e sera \u00e9tudi\u00e9e vendredi 5\u00a0d\u00e9cembre par le tribunal de Paris.<\/p>\n<p class=\"fig-paragraph\">Alert\u00e9 par des policiers, le d\u00e9put\u00e9 LR de la Loire Antoine Vermorel-Marques scrolle des heures durant sur l\u2019application Shein, install\u00e9e sur son t\u00e9l\u00e9phone, avant de tomber sur\u00a0<a href=\"http:\/\/www.lefigaro.fr\/faits-divers\/machettes-haches-poings-americains-un-depute-lr-saisit-la-procureure-de-paris-pour-des-ventes-d-armes-de-categorie-a-sur-shein-20251105\" data-fig-type=\"NewsFlash\" data-gtm-custom-categorie=\"navigation\" data-gtm-custom-action=\"crossclick\" data-gtm-custom-label=\"Contextuel\" data-gtm-event=\"customEventSPE\" data-fig-domain=\"LEFIGARO\" target=\"_blank\" rel=\"noopener\">des poings am\u00e9ricains et des machettes<\/a>. \u00ab\u00a0Ces armes interdites, je les ai trouv\u00e9es sur Shein dans la nuit du mardi\u00a04 au mercredi 5\u00a0novembre, raconte le parlementaire au Figaro. C\u2019\u00e9tait massif, il y en avait plein. Je me demande pourquoi j\u2019ai pu les trouver et pas la DGCCRF (r\u00e9pression des fraudes, NDLR).\u00a0\u00bb Antoine Vermorel-Marques ne perd pas de temps. Au petit matin, le d\u00e9put\u00e9 adresse un signalement au procureur, puis envoie un texto au premier ministre \u00e0 9\u00a0h\u00a030. \u00ab\u00a0Merci, je fais \u00e9tudier cela\u00a0\u00bb, lui r\u00e9pond S\u00e9bastien Lecornu. La r\u00e9action imm\u00e9diate du locataire de Matignon en dit long sur l\u2019attention port\u00e9e sur le dossier Shein par le pouvoir ex\u00e9cutif.<\/p>\n<p class=\"fig-paragraph\">En fait, si la vente d\u2019armes sur le site de Shein suscite l\u00e9gitimement l\u2019\u00e9moi ce matin-l\u00e0, ce n\u2019est pas elle qui mobilise, depuis quelques semaines d\u00e9j\u00e0, les ministres, les d\u00e9put\u00e9s et les services de l\u2019\u00c9tat. Leur inqui\u00e9tude premi\u00e8re\u2026<\/p>\n<p class=\"fig-premium-paywall__infos\">\n        Cet article est r\u00e9serv\u00e9 aux abonn\u00e9s.        Il vous reste 86% \u00e0 d\u00e9couvrir.\n    <\/p>\n<p>                <img  data- alt=\"Le Figaro\" class=\"fig-img--complete fig-img\"\/><\/p>\n<p class=\"fig-premium-paywall__title\">Black Friday : derniers jours<\/p>\n<p class=\"fig-premium-paywall__subtitle\">-70% sur l&rsquo;abonnement num\u00e9rique<\/p>\n<p class=\"fig-premium-paywall__connect\">\n                D\u00e9j\u00e0 abonn\u00e9\u00a0?                <a class=\"fig-premium-paywall__connect-link\" href=\"https:\/\/connect.lefigaro.fr\/login?client=horizon_web&amp;type=main&amp;redirect_uri=https%3A%2F%2Fwww.lefigaro.fr%2Fsocietes%2Fscrolling-nocturne-sur-internet-reunions-de-crise-et-operations-coup-de-poing-comment-l-etat-a-resserre-son-etau-sur-shein-20251201\" data-js-gtm=\"{&quot;customCategorie&quot;: &quot;conversion&quot;, &quot;customAction&quot;: &quot;before_Landing_Connexion_paywall_manuel&quot;, &quot;customLabel&quot;: &quot;bGVmaWdhcm8uZnJfXzFmMGNjNjUxLWRmYjMtNjEzMi1iYmJjLTVkZmE2OTAzMjJjM19fQXJ0aWNsZQ==_Scrolling nocturne sur internet, r\u00e9unions de crise et op\u00e9rations coup de poing\u00a0: comment l\u2019\u00c9tat a resserr\u00e9 son \u00e9tau sur Shein_233&quot;, &quot;customIDSPE&quot;: &quot;bGVmaWdhcm8uZnJfXzFmMGNjNjUxLWRmYjMtNjEzMi1iYmJjLTVkZmE2OTAzMjJjM19fQXJ0aWNsZQ==&quot;, &quot;event&quot;: &quot;customEventSPE&quot;}\" target=\"_blank\" rel=\"noopener\"><br \/>\n                    Connectez-vous<br \/>\n                <\/a>\n            <\/p>\n","protected":false},"excerpt":{"rendered":"ENQU\u00caTE &#8211; L\u2019annonce de l\u2019ouverture d\u2019un magasin au sein du BHV a convaincu le gouvernement de faire fl\u00e8che&hellip;\n","protected":false},"author":2,"featured_media":570498,"comment_status":"","ping_status":"","sticky":false,"template":"","format":"standard","meta":{"footnotes":""},"categories":[4],"tags":[11,215,1011,27,12,25,11067,58352,1104],"class_list":{"0":"post-570497","1":"post","2":"type-post","3":"status-publish","4":"format-standard","5":"has-post-thumbnail","7":"category-france","8":"tag-actualites","9":"tag-commerce","10":"tag-fr","11":"tag-france","12":"tag-news","13":"tag-republique-francaise","14":"tag-sebastien-lecornu","15":"tag-serge-papin","16":"tag-shein"},"share_on_mastodon":{"url":"https:\/\/pubeurope.com\/@fr\/115643249216094228","error":""},"_links":{"self":[{"href":"https:\/\/www.europesays.com\/fr\/wp-json\/wp\/v2\/posts\/570497","targetHints":{"allow":["GET"]}}],"collection":[{"href":"https:\/\/www.europesays.com\/fr\/wp-json\/wp\/v2\/posts"}],"about":[{"href":"https:\/\/www.europesays.com\/fr\/wp-json\/wp\/v2\/types\/post"}],"author":[{"embeddable":true,"href":"https:\/\/www.europesays.com\/fr\/wp-json\/wp\/v2\/users\/2"}],"replies":[{"embeddable":true,"href":"https:\/\/www.europesays.com\/fr\/wp-json\/wp\/v2\/comments?post=570497"}],"version-history":[{"count":0,"href":"https:\/\/www.europesays.com\/fr\/wp-json\/wp\/v2\/posts\/570497\/revisions"}],"wp:featuredmedia":[{"embeddable":true,"href":"https:\/\/www.europesays.com\/fr\/wp-json\/wp\/v2\/media\/570498"}],"wp:attachment":[{"href":"https:\/\/www.europesays.com\/fr\/wp-json\/wp\/v2\/media?parent=570497"}],"wp:term":[{"taxonomy":"category","embeddable":true,"href":"https:\/\/www.europesays.com\/fr\/wp-json\/wp\/v2\/categories?post=570497"},{"taxonomy":"post_tag","embeddable":true,"href":"https:\/\/www.europesays.com\/fr\/wp-json\/wp\/v2\/tags?post=570497"}],"curies":[{"name":"wp","href":"https:\/\/api.w.org\/{rel}","templated":true}]}}