{"id":570499,"date":"2025-12-01T07:58:12","date_gmt":"2025-12-01T07:58:12","guid":{"rendered":"https:\/\/www.europesays.com\/fr\/570499\/"},"modified":"2025-12-01T07:58:12","modified_gmt":"2025-12-01T07:58:12","slug":"consequences-dangereuses-sur-la-sante-sexuelle-des-jeunes-sidaction-alerte-sur-la-montee-spectaculaire-des-discours-masculinistes","status":"publish","type":"post","link":"https:\/\/www.europesays.com\/fr\/570499\/","title":{"rendered":"\u00ab\u00a0Cons\u00e9quences dangereuses\u00a0\u00bb sur la sant\u00e9 sexuelle des jeunes\u00a0: Sidaction alerte sur la \u00ab\u00a0mont\u00e9e spectaculaire\u00a0\u00bb des discours masculinistes"},"content":{"rendered":"<p class=\"lp-f-subtitle-01\">Pour contrer ces discours toxiques et le bond sur dix ans des d\u00e9couvertes de s\u00e9ropositivit\u00e9 chez les 15-24\u00a0ans, l\u2019association de lutte contre le sida juge \u00ab\u00a0urgent de renforcer l\u2019\u00e9ducation \u00e0 la vie affective, relationnelle et sexuelle\u00a0\u00bb.<\/p>\n<p class=\"paragraph text_align_left lp-f-body-02\"><a href=\"https:\/\/www.leparisien.fr\/societe\/sante\/la-mobilisation-doit-sinscrire-dans-la-duree-le-sidaction-recolte-39-millions-deuros-de-promesses-de-dons-24-03-2025-AS5N6ZCO2BFABGY7QV7MDLJJC4.php\" target=\"_self\" rel=\"noopener\">L\u2019association Sidaction<\/a> s\u2019alarme ce lundi 1er\u00a0d\u00e9cembre d\u2019une \u00ab\u00a0mont\u00e9e spectaculaire\u00a0\u00bb des discours masculinistes sur les r\u00e9seaux sociaux et de leur impact sur la sant\u00e9 sexuelle des jeunes. Pour la <a href=\"https:\/\/www.leparisien.fr\/societe\/sante\/vaccin-contre-le-vih-on-vient-de-passer-une-etape-cruciale-29-11-2022-VO72J2IU3ZBDFLFVS7KXPTPRSY.php\" target=\"_self\" rel=\"noopener\">Journ\u00e9e mondiale de lutte contre le sida<\/a>, Sidaction met l\u2019accent sur les \u00ab\u00a0discours d\u00e9l\u00e9t\u00e8res de domination masculine et de violences sexistes et sexuelles\u00a0\u00bb, aux \u00ab\u00a0cons\u00e9quences dangereuses sur la pr\u00e9vention et la sant\u00e9 sexuelle\u00a0\u00bb, pr\u00e9cise un communiqu\u00e9 de l\u2019association pr\u00e9sid\u00e9e par la cod\u00e9couvreuse du virus et prix Nobel <a href=\"https:\/\/www.leparisien.fr\/sciences\/du-vih-au-covid-19-francoise-barre-sinoussi-repart-au-combat-27-03-2020-8289405.php\" target=\"_self\" rel=\"noopener\">Fran\u00e7oise Barr\u00e9-Sinoussi<\/a>.<\/p>\n<p class=\"paragraph text_align_left lp-f-body-02\">Jugeant que les plates-formes amplifient ces discours car \u00ab\u00a0leurs algorithmes privil\u00e9gient les formats sensationnalistes\u00a0\u00bb, Sidaction explique avoir diffus\u00e9 \u00ab\u00a0discr\u00e8tement\u00a0\u00bb sur <a href=\"https:\/\/www.leparisien.fr\/societe\/famille\/faux-agents-onlyfans-masculinisme-matchs-tiktok-ce-que-prevoit-la-loi-influenceurs-2-face-aux-derives-en-ligne-20-11-2025-OOE7B4F3KJBP5ATQI43XWYWCA4.php\" target=\"_self\" rel=\"noopener\">TikTok<\/a> \u00ab\u00a0une s\u00e9rie de vid\u00e9os virales imitant les codes des influenceurs \u2018alpha\u2019, pour r\u00e9injecter pr\u00e9vention, respect et information fiable dans les \u2018feeds\u2019 (fils d\u2019actualit\u00e9, NDLR) des jeunes hommes\u00a0\u00bb.<\/p>\n<p>Une enqu\u00eate \u00e9difiante<\/p>\n<p class=\"paragraph text_align_left lp-f-body-02\">Sa campagne lanc\u00e9e lundi, \u00ab\u00a0Alpha Safe\u00a0: quand la masculinit\u00e9 toxique devient virale, r\u00e9tablir les faits devient vital\u00a0\u00bb, s\u2019accompagne d\u2019un sondage Opinionway, selon lequel plus d\u2019un jeune homme de 16 \u00e0 34 ans sur trois (37\u00a0%) <a href=\"https:\/\/www.leparisien.fr\/societe\/arretez-de-vous-laisser-emasculer-sur-les-reseaux-sociaux-la-fabrique-des-masculinistes-22-05-2024-PPKOJ55F2ZBTROBWUGTLLPLIZM.php\" target=\"_self\" rel=\"noopener\">consulte des contenus masculinistes<\/a> sur les r\u00e9seaux sociaux.<\/p>\n<p class=\"paragraph text_align_left lp-f-body-02\">Parmi ceux de 25-34 ans connaissant des influenceurs masculinistes, un sur deux (51\u00a0%) estime que leurs contenus \u00ab\u00a0disent enfin la v\u00e9rit\u00e9\u00a0\u00bb, selon cette enqu\u00eate r\u00e9alis\u00e9e en ligne du 12 au 19\u00a0novembre aupr\u00e8s d\u2019un \u00e9chantillon de 1 528 personnes, repr\u00e9sentatif de la population masculine de 16 \u00e0 59 ans. Plus de la moiti\u00e9 (53\u00a0%) des sond\u00e9s consid\u00e8re que les hommes sont trop souvent accus\u00e9s de violences sexuelles exag\u00e9r\u00e9es ou mensong\u00e8res ou juge important d\u2019\u00eatre \u00ab\u00a0viril\u00a0\u00bb (51\u00a0%).<\/p>\n<p class=\"paragraph text_align_left lp-f-body-02\">Ces croyances \u00ab\u00a0augmentent les prises de risques\u00a0\u00bb et \u00ab\u00a0<a href=\"https:\/\/www.leparisien.fr\/societe\/viol-linscription-du-non-consentement-a-la-definition-penale-promulguee-au-journal-officiel-07-11-2025-N4U4547NL5EGTPMLIWV5URYKVQ.php\" target=\"_self\" rel=\"noopener\">d\u00e9stabilisent profond\u00e9ment la culture du consentement<\/a>, centrale dans la lutte contre le VIH\u00a0\u00bb, s\u2019alarme Florence Thune, directrice g\u00e9n\u00e9rale de Sidaction, cit\u00e9e par le communiqu\u00e9.<\/p>\n<p class=\"paragraph text_align_left lp-f-body-02\">Ainsi pr\u00e8s d\u2019un homme de 25-34 ans sur cinq (18\u00a0%) et un sur trois (34\u00a0%) parmi ceux adh\u00e9rant aux th\u00e9ories masculinistes affirme \u00ab\u00a0comprendre\u00a0\u00bb le <a href=\"https:\/\/www.leparisien.fr\/faits-divers\/canada-le-retrait-furtif-du-preservatif-sans-consentement-desormais-considere-comme-un-crime-sexuel-01-08-2022-6GF7MQWB45FT5NZPDTNSFEUNCE.php\" target=\"_self\" rel=\"noopener\">retrait non consenti d\u2019un pr\u00e9servatif pendant un rapport sexuel<\/a> (\u00ab\u00a0stealthing\u00a0\u00bb, ou \u00ab\u00a0retrait furtif du pr\u00e9servatif\u00a0\u00bb en fran\u00e7ais). Lors du vote de la loi int\u00e9grant le non-consentement dans la d\u00e9finition p\u00e9nale du viol fin octobre, un amendement visant \u00e0 cr\u00e9er un nouveau d\u00e9lit p\u00e9nal pour cette pratique a \u00e9t\u00e9 rejet\u00e9 \u00e0 l\u2019Assembl\u00e9e.<\/p>\n<p>Appel \u00e0 \u00ab\u00a0une remobilisation urgente des pouvoirs publics\u00a0\u00bb<\/p>\n<p class=\"paragraph text_align_left lp-f-body-02\">Dans le m\u00eame temps, le Conseil national du sida et des h\u00e9patites virales (CNS) appelle ce lundi \u00e0 \u00ab\u00a0une remobilisation urgente des pouvoirs publics\u00a0\u00bb, face aux impacts de la baisse des financements publics \u00e0 l\u2019international <a href=\"https:\/\/www.leparisien.fr\/societe\/sante\/des-ong-sinquietent-de-la-contribution-de-la-france-au-fonds-mondial-contre-les-maladies-infectieuses-12-11-2025-IZYBTBK45VELXMSQRIM2P5HB54.php\" target=\"_self\" rel=\"noopener\">comme en France.<\/a><\/p>\n<p class=\"paragraph text_align_left lp-f-body-02\">\u00ab\u00a0Au cours des derniers mois, le paysage de la lutte contre le VIH\/sida a \u00e9t\u00e9 profond\u00e9ment fragilis\u00e9 en France et \u00e0 l\u2019international, avec la r\u00e9duction des financements et des difficult\u00e9s croissantes d\u2019acc\u00e8s \u00e0 la pr\u00e9vention et aux soins\u00a0\u00bb, et \u00ab\u00a0ces menaces mettent en p\u00e9ril les progr\u00e8s accomplis depuis 40\u00a0ans\u00a0\u00bb contre l\u2019\u00e9pid\u00e9mie, a-t-il alert\u00e9 dans un communiqu\u00e9.<\/p>\n<p class=\"paragraph text_align_left lp-f-body-02\">Dans le monde, rappelle le CNS, <a href=\"https:\/\/www.leparisien.fr\/international\/loms-appelle-les-etats-unis-a-revoir-la-suspension-de-programmes-anti-sida-pour-les-pays-en-developpement-28-01-2025-UCHX3IWZUZGWLASHW3J4DWKHGA.php\" target=\"_self\" rel=\"noopener\">la baisse des financements allou\u00e9s par les \u00c9tats-Unis <\/a>mais aussi d\u2019autres pays, dont la France, parmi les principaux donateurs au Fonds mondial de lutte contre le VIH, la tuberculose et le paludisme, \u00ab\u00a0menace les programmes de lutte contre le VIH et pourrait provoquer une hausse de plusieurs millions d\u2019infections par le VIH et de d\u00e9c\u00e8s \u00e9vitables dans les pays \u00e0 ressources limit\u00e9es\u00a0\u00bb.<\/p>\n","protected":false},"excerpt":{"rendered":"Pour contrer ces discours toxiques et le bond sur dix ans des d\u00e9couvertes de s\u00e9ropositivit\u00e9 chez les 15-24\u00a0ans,&hellip;\n","protected":false},"author":2,"featured_media":220427,"comment_status":"","ping_status":"","sticky":false,"template":"","format":"standard","meta":{"footnotes":""},"categories":[2],"tags":[11,1011,27,12,71,104],"class_list":{"0":"post-570499","1":"post","2":"type-post","3":"status-publish","4":"format-standard","5":"has-post-thumbnail","7":"category-actualites","8":"tag-actualites","9":"tag-fr","10":"tag-france","11":"tag-news","12":"tag-sante","13":"tag-societe"},"share_on_mastodon":{"url":"https:\/\/pubeurope.com\/@fr\/115643253050560634","error":""},"_links":{"self":[{"href":"https:\/\/www.europesays.com\/fr\/wp-json\/wp\/v2\/posts\/570499","targetHints":{"allow":["GET"]}}],"collection":[{"href":"https:\/\/www.europesays.com\/fr\/wp-json\/wp\/v2\/posts"}],"about":[{"href":"https:\/\/www.europesays.com\/fr\/wp-json\/wp\/v2\/types\/post"}],"author":[{"embeddable":true,"href":"https:\/\/www.europesays.com\/fr\/wp-json\/wp\/v2\/users\/2"}],"replies":[{"embeddable":true,"href":"https:\/\/www.europesays.com\/fr\/wp-json\/wp\/v2\/comments?post=570499"}],"version-history":[{"count":0,"href":"https:\/\/www.europesays.com\/fr\/wp-json\/wp\/v2\/posts\/570499\/revisions"}],"wp:featuredmedia":[{"embeddable":true,"href":"https:\/\/www.europesays.com\/fr\/wp-json\/wp\/v2\/media\/220427"}],"wp:attachment":[{"href":"https:\/\/www.europesays.com\/fr\/wp-json\/wp\/v2\/media?parent=570499"}],"wp:term":[{"taxonomy":"category","embeddable":true,"href":"https:\/\/www.europesays.com\/fr\/wp-json\/wp\/v2\/categories?post=570499"},{"taxonomy":"post_tag","embeddable":true,"href":"https:\/\/www.europesays.com\/fr\/wp-json\/wp\/v2\/tags?post=570499"}],"curies":[{"name":"wp","href":"https:\/\/api.w.org\/{rel}","templated":true}]}}