{"id":57050,"date":"2025-04-27T14:55:18","date_gmt":"2025-04-27T14:55:18","guid":{"rendered":"https:\/\/www.europesays.com\/fr\/57050\/"},"modified":"2025-04-27T14:55:18","modified_gmt":"2025-04-27T14:55:18","slug":"la-ville-de-marseille-rend-hommage-a-laurence-chanfreau","status":"publish","type":"post","link":"https:\/\/www.europesays.com\/fr\/57050\/","title":{"rendered":"la Ville de Marseille rend hommage \u00e0 Laurence Chanfreau"},"content":{"rendered":"<p>La Ville de Marseille a rendu hommage hier \u00e0 Laurence Chanfreau, artiste engag\u00e9e dans la lutte pour les droits des femmes et contre les discriminations LGBT+.<\/p>\n<p>La Ville de Marseille a souhait\u00e9 \u00ab\u00a0visibiliser le combat d\u2019une femme, lesbienne et f\u00e9ministe, et de l&rsquo;honorer dans l&rsquo;espace public, \u00e0 l&rsquo;instar de nombreuses femmes et personnes LGBT+ marseillaises, trop longtemps oubli\u00e9es\u00a0\u00bb.<\/p>\n<p>Ce samedi 26 avril, \u00e0 l\u2019occasion de la Journ\u00e9e mondiale de la visibilit\u00e9 lesbienne, la ville a rendu hommage \u00e0 Laurence Chanfreau dite \u201cChanfro\u201d, artiste, militante f\u00e9ministe et lesbienne en renommant de son nom la passerelle de la rue Estelle qui surplombe le Cours Lieutaud.<\/p>\n<p>\u00a0<\/p>\n<p>cr\u00e9dit photo : Ville de Marseille<\/p>\n","protected":false},"excerpt":{"rendered":"La Ville de Marseille a rendu hommage hier \u00e0 Laurence Chanfreau, artiste engag\u00e9e dans la lutte pour les&hellip;\n","protected":false},"author":2,"featured_media":57051,"comment_status":"","ping_status":"","sticky":false,"template":"","format":"standard","meta":{"footnotes":""},"categories":[2814],"tags":[1111,11,6121,1777,674,1011,27,9087,884,12,882,25],"class_list":{"0":"post-57050","1":"post","2":"type-post","3":"status-publish","4":"format-standard","5":"has-post-thumbnail","7":"category-marseille","8":"tag-actu","9":"tag-actualites","10":"tag-droits-des-femmes","11":"tag-eu","12":"tag-europe","13":"tag-fr","14":"tag-france","15":"tag-lgbt","16":"tag-marseille","17":"tag-news","18":"tag-provence-alpes-cote-dazur","19":"tag-republique-francaise"},"share_on_mastodon":{"url":"https:\/\/pubeurope.com\/@fr\/114410508970861111","error":""},"_links":{"self":[{"href":"https:\/\/www.europesays.com\/fr\/wp-json\/wp\/v2\/posts\/57050","targetHints":{"allow":["GET"]}}],"collection":[{"href":"https:\/\/www.europesays.com\/fr\/wp-json\/wp\/v2\/posts"}],"about":[{"href":"https:\/\/www.europesays.com\/fr\/wp-json\/wp\/v2\/types\/post"}],"author":[{"embeddable":true,"href":"https:\/\/www.europesays.com\/fr\/wp-json\/wp\/v2\/users\/2"}],"replies":[{"embeddable":true,"href":"https:\/\/www.europesays.com\/fr\/wp-json\/wp\/v2\/comments?post=57050"}],"version-history":[{"count":0,"href":"https:\/\/www.europesays.com\/fr\/wp-json\/wp\/v2\/posts\/57050\/revisions"}],"wp:featuredmedia":[{"embeddable":true,"href":"https:\/\/www.europesays.com\/fr\/wp-json\/wp\/v2\/media\/57051"}],"wp:attachment":[{"href":"https:\/\/www.europesays.com\/fr\/wp-json\/wp\/v2\/media?parent=57050"}],"wp:term":[{"taxonomy":"category","embeddable":true,"href":"https:\/\/www.europesays.com\/fr\/wp-json\/wp\/v2\/categories?post=57050"},{"taxonomy":"post_tag","embeddable":true,"href":"https:\/\/www.europesays.com\/fr\/wp-json\/wp\/v2\/tags?post=57050"}],"curies":[{"name":"wp","href":"https:\/\/api.w.org\/{rel}","templated":true}]}}