{"id":570500,"date":"2025-12-01T07:59:18","date_gmt":"2025-12-01T07:59:18","guid":{"rendered":"https:\/\/www.europesays.com\/fr\/570500\/"},"modified":"2025-12-01T07:59:18","modified_gmt":"2025-12-01T07:59:18","slug":"une-grande-campagne-de-depistage-du-vih-organisee-ce-lundi","status":"publish","type":"post","link":"https:\/\/www.europesays.com\/fr\/570500\/","title":{"rendered":"Une grande campagne de d\u00e9pistage du VIH organis\u00e9e ce lundi"},"content":{"rendered":"<p><img decoding=\"async\" class=\"\" style=\"width:100%\" src=\"https:\/\/www.europesays.com\/fr\/wp-content\/uploads\/2025\/11\/stas1738249848917.png\" alt=\"STAS d\u00e9pistage m\u00e9lanome\"\/><\/p>\n<p>Lilian a pass\u00e9 15 minutes avec C\u00e9lia <\/p>\n<p>Cr\u00e9dit : Activ Radio <\/p>\n<p>Ce lundi 1er d\u00e9cembre, \u00e0 l\u2019occasion de la journ\u00e9e mondiale de lutte contre le Sida, une grande campagne de d\u00e9pistage du VIH est organis\u00e9e \u00e0 Saint-Etienne.\u00a0La ville va installer un village-pr\u00e9vention de 10 h \u00e0 17 h, sur la place Jean-Jaur\u00e8s, avec tout un tas de professionnels de sant\u00e9 pr\u00e9sents. Une infirmi\u00e8re-sexologue sera notamment sur place pour parler vie affective, relations et sexualit\u00e9.\u00a0<\/p>\n<p>L&rsquo;objectif de cette op\u00e9ration est d&rsquo;informer, de sensibiliser et de pr\u00e9venir contre le VIH (virus de l&rsquo;immunod\u00e9ficience humaine). Vous pouvez donc allez vous faire d\u00e9pister gratuitement, anonymement et sans rendez-vous au centre de d\u00e9pistage municipal au 6 rue Francis Garnier.<\/p>\n<p>Dans le cadre de cette journ\u00e9e de sensibilisation, un cin\u00e9-d\u00e9bat gratuit autour du film \u00ab\u00a0Dallas buyers club\u00a0\u00bb, qui \u00e9voque le virus du sida, est \u00e9galement organis\u00e9 au cin\u00e9ma Le M\u00e9li\u00e8s Jean-Jaur\u00e8s \u00e0 19h30.\u00a0<\/p>\n","protected":false},"excerpt":{"rendered":"Lilian a pass\u00e9 15 minutes avec C\u00e9lia Cr\u00e9dit : Activ Radio Ce lundi 1er d\u00e9cembre, \u00e0 l\u2019occasion de&hellip;\n","protected":false},"author":2,"featured_media":548692,"comment_status":"","ping_status":"","sticky":false,"template":"","format":"standard","meta":{"footnotes":""},"categories":[9653],"tags":[1111,11,2430,14754,1777,674,1011,27,3367,12,25,4001,71,13512,20167,10705],"class_list":{"0":"post-570500","1":"post","2":"type-post","3":"status-publish","4":"format-standard","5":"has-post-thumbnail","7":"category-saint-etienne","8":"tag-actu","9":"tag-actualites","10":"tag-auvergne-rhone-alpes","11":"tag-depistage","12":"tag-eu","13":"tag-europe","14":"tag-fr","15":"tag-france","16":"tag-loire","17":"tag-news","18":"tag-republique-francaise","19":"tag-saint-etienne","20":"tag-sante","21":"tag-sensibilisation","22":"tag-sida","23":"tag-vih"},"share_on_mastodon":{"url":"https:\/\/pubeurope.com\/@fr\/115643259002761796","error":""},"_links":{"self":[{"href":"https:\/\/www.europesays.com\/fr\/wp-json\/wp\/v2\/posts\/570500","targetHints":{"allow":["GET"]}}],"collection":[{"href":"https:\/\/www.europesays.com\/fr\/wp-json\/wp\/v2\/posts"}],"about":[{"href":"https:\/\/www.europesays.com\/fr\/wp-json\/wp\/v2\/types\/post"}],"author":[{"embeddable":true,"href":"https:\/\/www.europesays.com\/fr\/wp-json\/wp\/v2\/users\/2"}],"replies":[{"embeddable":true,"href":"https:\/\/www.europesays.com\/fr\/wp-json\/wp\/v2\/comments?post=570500"}],"version-history":[{"count":0,"href":"https:\/\/www.europesays.com\/fr\/wp-json\/wp\/v2\/posts\/570500\/revisions"}],"wp:featuredmedia":[{"embeddable":true,"href":"https:\/\/www.europesays.com\/fr\/wp-json\/wp\/v2\/media\/548692"}],"wp:attachment":[{"href":"https:\/\/www.europesays.com\/fr\/wp-json\/wp\/v2\/media?parent=570500"}],"wp:term":[{"taxonomy":"category","embeddable":true,"href":"https:\/\/www.europesays.com\/fr\/wp-json\/wp\/v2\/categories?post=570500"},{"taxonomy":"post_tag","embeddable":true,"href":"https:\/\/www.europesays.com\/fr\/wp-json\/wp\/v2\/tags?post=570500"}],"curies":[{"name":"wp","href":"https:\/\/api.w.org\/{rel}","templated":true}]}}