{"id":570501,"date":"2025-12-01T08:00:17","date_gmt":"2025-12-01T08:00:17","guid":{"rendered":"https:\/\/www.europesays.com\/fr\/570501\/"},"modified":"2025-12-01T08:00:17","modified_gmt":"2025-12-01T08:00:17","slug":"a47-un-homme-de-47-ans-tue-dans-un-accident-entre-saint-etienne-et-lyon","status":"publish","type":"post","link":"https:\/\/www.europesays.com\/fr\/570501\/","title":{"rendered":"A47. Un homme de 47 ans tu\u00e9 dans un accident entre Saint-Etienne et Lyon"},"content":{"rendered":"<p>                    Par<br \/>\n        <strong><br \/>\n            <a href=\"https:\/\/actu.fr\/auteur\/mathias-souteyrat\" title=\"Consulter tous les articles de Mathias Souteyrat\" target=\"_blank\" rel=\"noopener\">Mathias Souteyrat<\/a><br \/>\n                    <\/strong><\/p>\n<p>        Publi\u00e9 le<\/p>\n<p>            1 d\u00e9c. 2025 \u00e0 8h40        <\/p>\n<p>Le dimanche 30\u00a0novembre vers 19\u00a0heures, un accident de la route s\u2019est produit sur la commune de <a href=\"https:\/\/actu.fr\/auvergne-rhone-alpes\/l-horme_42110\" target=\"_blank\" rel=\"noopener\">L\u2019Horme<\/a> (Loire), pr\u00e8s de <a href=\"https:\/\/actu.fr\/saint-etienne\/\" target=\"_blank\" rel=\"noopener\">Saint-Etienne<\/a>.<\/p>\n<p>    <a href=\"https:\/\/www.google.com\/maps\/embed?pb=!1m18!1m12!1m3!1d2794.6147137146904!2d4.635373476335966!3d45.537958328514335!2m3!1f0!2f0!3f0!3m2!1i1024!2i768!4f13.1!3m3!1m2!1s0x47f4fd3ed116c433%3A0x36e0d6a9d20b4f2a!2sA47!5e0!3m2!1sfr!2sfr!4v1764574725536!5m2!1sfr!2sfr\" title=\"Ouvrie le lien\" target=\"_blank\" rel=\"noopener\">Cliquez ici pour visualiser le contenu<\/a><\/p>\n<p class=\" wall-content\">Les secours sont intervenus pour un accident de la circulation impliquant une moto seule qui a perdu le contr\u00f4le sur l\u2019A47, dans le sens Le Puy \u2013 Givors, au niveau de l\u2019air du Pays du Gier.<\/p>\n<p>Dans le sens Le Puy \u2013 Givors<\/p>\n<p class=\" wall-content\">Malgr\u00e9 les tentatives de r\u00e9animation effectu\u00e9es par les secours, le pilote de la moto, un homme \u00e2g\u00e9 de 47\u00a0ans, a \u00e9t\u00e9 d\u00e9clar\u00e9 d\u00e9c\u00e9d\u00e9.<\/p>\n<p class=\" wall-content\">Personnalisez votre actualit\u00e9 en ajoutant vos villes et m\u00e9dias en favori avec <a href=\"https:\/\/moncompte.actu.fr\" title=\"D\u00e9couvez Mon Actu\" rel=\"nofollow noopener\" data-trk=\"{&quot;cta&quot;:{&quot;action&quot;:&quot;https:\\\/\\\/moncompte.actu.fr&quot;,&quot;category&quot;:&quot;mon compte&quot;,&quot;from&quot;:&quot;article footer&quot;,&quot;name&quot;:&quot;Mon actu&quot;,&quot;type&quot;:&quot;cta&quot;}}\" target=\"_blank\">Mon Actu<\/a>.<\/p>\n","protected":false},"excerpt":{"rendered":"Par Mathias Souteyrat Publi\u00e9 le 1 d\u00e9c. 2025 \u00e0 8h40 Le dimanche 30\u00a0novembre vers 19\u00a0heures, un accident de&hellip;\n","protected":false},"author":2,"featured_media":570502,"comment_status":"","ping_status":"","sticky":false,"template":"","format":"standard","meta":{"footnotes":""},"categories":[9653],"tags":[1111,11,8964,2430,1777,674,118,1011,27,12,25,4001],"class_list":{"0":"post-570501","1":"post","2":"type-post","3":"status-publish","4":"format-standard","5":"has-post-thumbnail","7":"category-saint-etienne","8":"tag-actu","9":"tag-actualites","10":"tag-autoroute-47-a47","11":"tag-auvergne-rhone-alpes","12":"tag-eu","13":"tag-europe","14":"tag-faits-divers","15":"tag-fr","16":"tag-france","17":"tag-news","18":"tag-republique-francaise","19":"tag-saint-etienne"},"share_on_mastodon":{"url":"https:\/\/pubeurope.com\/@fr\/115643260807557266","error":""},"_links":{"self":[{"href":"https:\/\/www.europesays.com\/fr\/wp-json\/wp\/v2\/posts\/570501","targetHints":{"allow":["GET"]}}],"collection":[{"href":"https:\/\/www.europesays.com\/fr\/wp-json\/wp\/v2\/posts"}],"about":[{"href":"https:\/\/www.europesays.com\/fr\/wp-json\/wp\/v2\/types\/post"}],"author":[{"embeddable":true,"href":"https:\/\/www.europesays.com\/fr\/wp-json\/wp\/v2\/users\/2"}],"replies":[{"embeddable":true,"href":"https:\/\/www.europesays.com\/fr\/wp-json\/wp\/v2\/comments?post=570501"}],"version-history":[{"count":0,"href":"https:\/\/www.europesays.com\/fr\/wp-json\/wp\/v2\/posts\/570501\/revisions"}],"wp:featuredmedia":[{"embeddable":true,"href":"https:\/\/www.europesays.com\/fr\/wp-json\/wp\/v2\/media\/570502"}],"wp:attachment":[{"href":"https:\/\/www.europesays.com\/fr\/wp-json\/wp\/v2\/media?parent=570501"}],"wp:term":[{"taxonomy":"category","embeddable":true,"href":"https:\/\/www.europesays.com\/fr\/wp-json\/wp\/v2\/categories?post=570501"},{"taxonomy":"post_tag","embeddable":true,"href":"https:\/\/www.europesays.com\/fr\/wp-json\/wp\/v2\/tags?post=570501"}],"curies":[{"name":"wp","href":"https:\/\/api.w.org\/{rel}","templated":true}]}}