{"id":570505,"date":"2025-12-01T08:05:19","date_gmt":"2025-12-01T08:05:19","guid":{"rendered":"https:\/\/www.europesays.com\/fr\/570505\/"},"modified":"2025-12-01T08:05:19","modified_gmt":"2025-12-01T08:05:19","slug":"trois-toulonnais-dans-la-composition-type-de-la-semaine","status":"publish","type":"post","link":"https:\/\/www.europesays.com\/fr\/570505\/","title":{"rendered":"Trois Toulonnais dans la composition type de la semaine !"},"content":{"rendered":"<p>Ce week-end se sont jou\u00e9s les matches de la 11\u00e8me journ\u00e9e du Top 14.<\/p>\n<p>Midi Olympique d\u00e9voile sa composition type de la semaine.<\/p>\n<p>A noter que trois joueurs du Rugby Club Toulonnais y apparaissent, \u00e0 savoir le jeune pilier gaucge L\u00e9o Ametlla, le deuxi\u00e8me ligne David Ribbans, et le trois quart centre Mathieu Sma\u00efli.<\/p>\n<p><strong>Voici la composition type selon Midi Olympique :<\/strong><\/p>\n<p>1\/ Ametlla (Toulon)<br \/>2\/ Montoya (Pau)<br \/>3\/ Merkler (Toulouse)<br \/>4\/ Ribbans (Toulon)<br \/>5\/ Meafou (Toulouse)<br \/>6\/ Delaporte (Castres)<br \/>7\/ Nouchi (MHR)<br \/>8\/ Ramototabua (Castres)<br \/>9\/ Jauneau (Clermont)<br \/>10\/ Segonds (Bayonne)<br \/>11\/ Moustin (MHR)<br \/>12\/ Brau-Boirie (Pau)<br \/>13\/ Sma\u00efli (Toulon)<br \/>14\/ Delguy (Clermont)<br \/>15\/ Remue (Toulouse)<\/p>\n<p><strong>F\u00e9licitations aux trois joueurs Toulonnais !<\/strong><\/p>\n","protected":false},"excerpt":{"rendered":"Ce week-end se sont jou\u00e9s les matches de la 11\u00e8me journ\u00e9e du Top 14. Midi Olympique d\u00e9voile sa&hellip;\n","protected":false},"author":2,"featured_media":570506,"comment_status":"","ping_status":"","sticky":false,"template":"","format":"standard","meta":{"footnotes":""},"categories":[9619],"tags":[1111,11,1777,674,1011,27,12,882,25,2310],"class_list":{"0":"post-570505","1":"post","2":"type-post","3":"status-publish","4":"format-standard","5":"has-post-thumbnail","7":"category-toulon","8":"tag-actu","9":"tag-actualites","10":"tag-eu","11":"tag-europe","12":"tag-fr","13":"tag-france","14":"tag-news","15":"tag-provence-alpes-cote-dazur","16":"tag-republique-francaise","17":"tag-toulon"},"share_on_mastodon":{"url":"https:\/\/pubeurope.com\/@fr\/115643280555563996","error":""},"_links":{"self":[{"href":"https:\/\/www.europesays.com\/fr\/wp-json\/wp\/v2\/posts\/570505","targetHints":{"allow":["GET"]}}],"collection":[{"href":"https:\/\/www.europesays.com\/fr\/wp-json\/wp\/v2\/posts"}],"about":[{"href":"https:\/\/www.europesays.com\/fr\/wp-json\/wp\/v2\/types\/post"}],"author":[{"embeddable":true,"href":"https:\/\/www.europesays.com\/fr\/wp-json\/wp\/v2\/users\/2"}],"replies":[{"embeddable":true,"href":"https:\/\/www.europesays.com\/fr\/wp-json\/wp\/v2\/comments?post=570505"}],"version-history":[{"count":0,"href":"https:\/\/www.europesays.com\/fr\/wp-json\/wp\/v2\/posts\/570505\/revisions"}],"wp:featuredmedia":[{"embeddable":true,"href":"https:\/\/www.europesays.com\/fr\/wp-json\/wp\/v2\/media\/570506"}],"wp:attachment":[{"href":"https:\/\/www.europesays.com\/fr\/wp-json\/wp\/v2\/media?parent=570505"}],"wp:term":[{"taxonomy":"category","embeddable":true,"href":"https:\/\/www.europesays.com\/fr\/wp-json\/wp\/v2\/categories?post=570505"},{"taxonomy":"post_tag","embeddable":true,"href":"https:\/\/www.europesays.com\/fr\/wp-json\/wp\/v2\/tags?post=570505"}],"curies":[{"name":"wp","href":"https:\/\/api.w.org\/{rel}","templated":true}]}}