{"id":570511,"date":"2025-12-01T08:08:12","date_gmt":"2025-12-01T08:08:12","guid":{"rendered":"https:\/\/www.europesays.com\/fr\/570511\/"},"modified":"2025-12-01T08:08:12","modified_gmt":"2025-12-01T08:08:12","slug":"pres-de-rouen-ces-dix-communes-se-preparent-pour-le-prochain-telethon","status":"publish","type":"post","link":"https:\/\/www.europesays.com\/fr\/570511\/","title":{"rendered":"Pr\u00e8s de Rouen, ces dix communes se pr\u00e9parent pour le prochain T\u00e9l\u00e9thon"},"content":{"rendered":"<p>                    Par<br \/>\n        <strong><br \/>\n            <a href=\"https:\/\/actu.fr\/auteur\/laredaction\" title=\"Consulter tous les articles de R\u00e9daction Normandie\" target=\"_blank\" rel=\"noopener\">R\u00e9daction Normandie<\/a><br \/>\n                    <\/strong><\/p>\n<p>        Publi\u00e9 le<\/p>\n<p>            1 d\u00e9c. 2025 \u00e0 8h02        <\/p>\n<p><strong>Dix communes du Plateau Est<\/strong> ont d\u00e9cid\u00e9 de mener des actions conjointes pour le <a href=\"https:\/\/actu.fr\/tag\/telethon\" target=\"_blank\" rel=\"noopener\">T\u00e9l\u00e9thon<\/a>. Elles se sont regroup\u00e9es dans l\u2019association Tel est ton Plateau. <strong>Amfreville-la-mi-Voie, Belbeuf, Boos, Franqueville-Saint-Pierre, La Neuville-Chant-d\u2019Oisel, Le Mesnil-Esnard, Mesnil-Raoul, Saint-Aubin-Celloville, Ymare et Montmain,<\/strong> sont pr\u00eates pour un nouveau d\u00e9fi. \u00ab Il faut faire encore mieux que l\u2019ann\u00e9e derni\u00e8re o\u00f9 nous avions parcouru <strong>7 014\u00a0km<\/strong> \u00bb, pr\u00e9cise Thierry Laridon, adjoint aux sports de Franqueville-Saint-Pierre.<\/p>\n<p>Course ou marche au stade Pierre de Coubertin<\/p>\n<p class=\" wall-content\">Les marcheurs et les coureurs du challenge qui se d\u00e9roulera sur le stade Pierre-de-Coubertin du Sivom, au Mesnil-Esnard, illustreront le slogan du T\u00e9l\u00e9thon 2025 : \u00ab\u00a0Illuminons l\u2019avenir ensemble\u00a0\u00bb. \u00ab D\u00e8s 13 heures, le vendredi 5 d\u00e9cembre, ce sont les \u00e9l\u00e8ves et \u00e9tudiants du Campus de La Ch\u00e2taigneraie qui lanceront l\u2019\u00e9v\u00e9nement, ouvert \u00e0 tous. Il s\u2019agit de marcher ou de courir le plus longtemps possible. On arr\u00eate quand on le souhaite et on se pr\u00e9sente aux organisateurs qui notent le nombre de tours accomplis. Le challenge s\u2019arr\u00eatera le samedi 6 d\u00e9cembre \u00e0 12 h, avec une interruption pendant la nuit. Il n\u2019y a pas de droit d\u2019inscription, on donne ce que l\u2019on veut. Une urne sera install\u00e9e pour accueillir les dons \u00bb, annoncent les organisateurs.<\/p>\n<p>D\u00e9ambulation des lumi\u00e8res vendredi 5\u00a0d\u00e9cembre<\/p>\n<p class=\" wall-content\">Ce programme sportif a \u00e9t\u00e9 pr\u00e9par\u00e9 en partenariat avec l\u2019EAPE (Entente Athl\u00e9tique du Plateau Est) et les amicales des pompiers de Franqueville-Saint-Pierre et La Neuville-Chant-d\u2019Oisel. Les officiels, maires, conseillers municipaux adultes et enfants, ainsi que les jeunes sapeurs-pompiers seront pr\u00e9sents, le vendredi soir, \u00e0 18 h 30, pour lancer la d\u00e9ambulation des lumi\u00e8res et effectuer un parcours jusqu\u2019\u00e0 19 h 30. Les b\u00e2tons lumineux seront en vente au village du T\u00e9l\u00e9thon install\u00e9 sur le site. Si l\u2019on souhaite continuer jusqu\u2019\u00e0 minuit, pas de probl\u00e8me. Il sera possible de se rassasier entre les tours, aupr\u00e8s des pompiers qui proposeront un barbecue\u2026 et reprendre le lendemain matin d\u00e8s 8 h.<\/p>\n<p>Rameur, futsal, basket et gym<\/p>\n<p class=\" wall-content\">Comme l\u2019ann\u00e9e derni\u00e8re, le club nautique de Belbeuf (CNB) installera dans la salle de sport Pierre-de-Coubertin des ergom\u00e8tres, \u00e0 savoir des rameurs utilis\u00e9s pour l\u2019entra\u00eenement. On pourra donc s\u2019exercer \u00e0 l\u2019aviron non-stop du vendredi midi jusqu\u2019\u00e0 midi le lendemain. Ce m\u00eame vendredi, le BMFB (Basket Mesnil-Esnard Franqueville Boos) organisera une soir\u00e9e 3\u00d73 Fluo sp\u00e9ciale T\u00e9l\u00e9thon de 21 h \u00e0 1 h du matin, au gymnase Nicolas Fleury de Franqueville-Saint-Pierre. Un tournoi fun et solidaire ouvert des U18 aux s\u00e9niors. La participation est enti\u00e8rement revers\u00e9e pour le T\u00e9l\u00e9thon. Le club de foot participera \u00e9galement avec du Futsal, de 21 h \u00e0 2 h du matin. Les amateurs de gym y trouveront aussi leur compte avec l\u2019association VitaGym, de 18 h 45 \u00e0 20 h. Il est recommand\u00e9 de se renseigner aupr\u00e8s des clubs.<\/p>\n<p>D\u2019autres actions dans les communes<\/p>\n<p class=\" wall-content\">\u00c0 noter que pendant la semaine du T\u00e9l\u00e9thon, certaines \u00e9coles se sont inscrites au Marchathon. Chaque commune organisera aussi ses propres manifestations. Toutes les modalit\u00e9s des diff\u00e9rentes actions sont \u00e0 retrouver sur les sites des communes. Rappelons ici que 66 % des dons vers\u00e9s donnent droit \u00e0 une r\u00e9duction d\u2019imp\u00f4t.<\/p>\n<p>La choucroute<\/p>\n<p class=\" wall-content\">Enfin, \u00e0 ne pas oublier : la vente de la traditionnelle choucroute de l\u2019association Tel est Ton Plateau, au profit du T\u00e9l\u00e9thon, \u00e0 commander d\u00e8s maintenant. Des bons de commande peuvent \u00eatre retir\u00e9s \u00e0 l\u2019accueil de la mairie de Franqueville-Saint-Pierre.<\/p>\n<p>Pour la choucroute : choucroute seule, 12\u00a0\u20ac la part, choucroute +\u00a0bi\u00e8re 15\u00a0\u20ac la part, choucroute +\u00a037\u00a0cl vin 17\u00a0\u20ac la part. Coupon \u00e0 retrouver sur le site des mairies participantes, des associations, et \u00e0 d\u00e9poser en mairie. Commandes jusqu\u2019au 26\u00a0novembre. Retrait des commandes le samedi 6\u00a0d\u00e9cembre dans le hall de l\u2019Hyper U de Franqueville-Saint-Pierre, de 10 h \u00e0 13 h.<\/p>\n<p class=\" wall-content\">Personnalisez votre actualit\u00e9 en ajoutant vos villes et m\u00e9dias en favori avec <a href=\"https:\/\/moncompte.actu.fr\" title=\"D\u00e9couvez Mon Actu\" rel=\"nofollow noopener\" data-trk=\"{&quot;cta&quot;:{&quot;action&quot;:&quot;https:\\\/\\\/moncompte.actu.fr&quot;,&quot;category&quot;:&quot;mon compte&quot;,&quot;from&quot;:&quot;article footer&quot;,&quot;name&quot;:&quot;Mon actu&quot;,&quot;type&quot;:&quot;cta&quot;}}\" target=\"_blank\">Mon Actu<\/a>.<\/p>\n","protected":false},"excerpt":{"rendered":"Par R\u00e9daction Normandie Publi\u00e9 le 1 d\u00e9c. 2025 \u00e0 8h02 Dix communes du Plateau Est ont d\u00e9cid\u00e9 de&hellip;\n","protected":false},"author":2,"featured_media":570512,"comment_status":"","ping_status":"","sticky":false,"template":"","format":"standard","meta":{"footnotes":""},"categories":[9587],"tags":[1111,11,1777,674,1011,27,1652,12,5161,31081,25,9590,12846],"class_list":{"0":"post-570511","1":"post","2":"type-post","3":"status-publish","4":"format-standard","5":"has-post-thumbnail","7":"category-rouen","8":"tag-actu","9":"tag-actualites","10":"tag-eu","11":"tag-europe","12":"tag-fr","13":"tag-france","14":"tag-loisirs-culture","15":"tag-news","16":"tag-normandie","17":"tag-plateau-est-rouen","18":"tag-republique-francaise","19":"tag-rouen","20":"tag-telethon"},"share_on_mastodon":{"url":"https:\/\/pubeurope.com\/@fr\/115643292358942705","error":""},"_links":{"self":[{"href":"https:\/\/www.europesays.com\/fr\/wp-json\/wp\/v2\/posts\/570511","targetHints":{"allow":["GET"]}}],"collection":[{"href":"https:\/\/www.europesays.com\/fr\/wp-json\/wp\/v2\/posts"}],"about":[{"href":"https:\/\/www.europesays.com\/fr\/wp-json\/wp\/v2\/types\/post"}],"author":[{"embeddable":true,"href":"https:\/\/www.europesays.com\/fr\/wp-json\/wp\/v2\/users\/2"}],"replies":[{"embeddable":true,"href":"https:\/\/www.europesays.com\/fr\/wp-json\/wp\/v2\/comments?post=570511"}],"version-history":[{"count":0,"href":"https:\/\/www.europesays.com\/fr\/wp-json\/wp\/v2\/posts\/570511\/revisions"}],"wp:featuredmedia":[{"embeddable":true,"href":"https:\/\/www.europesays.com\/fr\/wp-json\/wp\/v2\/media\/570512"}],"wp:attachment":[{"href":"https:\/\/www.europesays.com\/fr\/wp-json\/wp\/v2\/media?parent=570511"}],"wp:term":[{"taxonomy":"category","embeddable":true,"href":"https:\/\/www.europesays.com\/fr\/wp-json\/wp\/v2\/categories?post=570511"},{"taxonomy":"post_tag","embeddable":true,"href":"https:\/\/www.europesays.com\/fr\/wp-json\/wp\/v2\/tags?post=570511"}],"curies":[{"name":"wp","href":"https:\/\/api.w.org\/{rel}","templated":true}]}}