{"id":57052,"date":"2025-04-27T14:56:09","date_gmt":"2025-04-27T14:56:09","guid":{"rendered":"https:\/\/www.europesays.com\/fr\/57052\/"},"modified":"2025-04-27T14:56:09","modified_gmt":"2025-04-27T14:56:09","slug":"olivier-h-lauteur-du-meurtre-a-la-mosquee-dans-le-gard-est-activement-recherche","status":"publish","type":"post","link":"https:\/\/www.europesays.com\/fr\/57052\/","title":{"rendered":"Olivier H., l&rsquo;auteur du meurtre \u00e0 la mosqu\u00e9e dans le Gard, est activement recherch\u00e9"},"content":{"rendered":"<p>N\u00e9 \u00e0 Lyon, sans casier judiciaire, passionn\u00e9 de jeux vid\u00e9o : Olivier H., l&rsquo;auteur du meurtre \u00e0 la mosqu\u00e9e dans le Gard, est activement recherch\u00e9 &#8211; LyonMag<\/p>\n<p itemprop=\"description\"><strong>Il est en cavale depuis vendredi. Olivier H. est soup\u00e7onn\u00e9 d&rsquo;\u00eatre l&rsquo;auteur du meurtre d&rsquo;un musulman dans la mosqu\u00e9e de La Grand-Combe dans le Gard.<\/strong><\/p>\n<p>Ag\u00e9 d&rsquo;une vingtaine d&rsquo;ann\u00e9es, le suspect est n\u00e9 \u00e0 Lyon en 2004 au sein d&rsquo;une famille d&rsquo;origine bosnienne et de confession chr\u00e9tienne. Il a dix fr\u00e8res et soeurs.<\/p>\n<p>Selon plusieurs m\u00e9dias nationaux, Olivier H. est inconnu des services de police, n&rsquo;a pas de casier judiciaire. Il est pr\u00e9sent\u00e9 comme \u00e9tant ch\u00f4meur, touchant le RSA et passant ses journ\u00e9es \u00e0 jouer aux jeux vid\u00e9o.<\/p>\n<p>On ne sait pas encore s&rsquo;il vivait toujours dans l&rsquo;agglom\u00e9ration lyonnaise. Une partie de sa famille est install\u00e9e dans le Gard o\u00f9 il est pass\u00e9 \u00e0 l&rsquo;acte vendredi matin. L&rsquo;un de ses fr\u00e8res, mineur, a \u00e9t\u00e9 plac\u00e9 en garde \u00e0 vue samedi, avant d&rsquo;\u00eatre rel\u00e2ch\u00e9 ce dimanche, sans faire l&rsquo;objet de poursuites.<\/p>\n<p>Le Lyonnais est activement recherch\u00e9, et est consid\u00e9r\u00e9 comme dangereux par les autorit\u00e9s, car il aurait promis de faire de nouvelles victimes.<\/p>\n<p><strong>\u00ab\u00a0L\u2019ignominie islamophobe\u00a0\u00bb du meurtre<\/strong><\/p>\n<p>Olivier H. aurait fait irruption dans la mosqu\u00e9e de La Grand-Combe vendredi matin avant l&rsquo;arriv\u00e9e des fid\u00e8les et aurait demand\u00e9 \u00e0 Aboubakar,\u00a0un Malien qui faisait b\u00e9n\u00e9volement le m\u00e9nage sur place, de l&rsquo;accompagner dans la pri\u00e8re. C&rsquo;est \u00e0 ce moment-l\u00e0 qu&rsquo;il l&rsquo;a frapp\u00e9 de plusieurs coups de couteau avant de le filmer avec son t\u00e9l\u00e9phone portable.<\/p>\n<p>Il aurait alors tenu des propos \u00ab\u00a0d\u00e9cousus\u00a0\u00bb selon le procureur de la R\u00e9publique d&rsquo;Al\u00e8s qui a pu visionner la vid\u00e9o, momentan\u00e9ment partag\u00e9e sur les r\u00e9seaux sociaux. \u00ab\u00a0Je l\u2019ai fait (\u2026), ton Allah de merde\u00a0\u00bb, aurait d\u00e9clar\u00e9 Olivier H., en s&rsquo;adressant \u00e0 sa victime agonisante.<\/p>\n<p>La piste d&rsquo;un acte islamophobe n&rsquo;est pas encore confirm\u00e9e par les enqu\u00eateurs. Mais le Premier ministre Fran\u00e7ois Bayrou a toutefois \u00e9voqu\u00e9 \u00ab\u00a0l\u2019ignominie islamophobe\u00a0\u00bb de ce meurtre. Le ministre de l&rsquo;Int\u00e9rieur Bruno Retailleau est lui attendu sur place ce dimanche.<\/p>\n<p>Un rassemblement contre l&rsquo;islamophobie sera organis\u00e9e place de la R\u00e9publique \u00e0 Paris \u00e0 18h.<\/p>\n<blockquote class=\"twitter-tweet\"><p>&#13;<\/p>\n<p dir=\"ltr\" lang=\"fr\">L\u2019ignoble assassinat qui s\u2019est d\u00e9roul\u00e9 dans une mosqu\u00e9e dans le Gard, blesse le c\u0153ur de tous les croyants, de tous les musulmans de France. Sinc\u00e8res pens\u00e9es \u00e0 la famille de la victime et confiance dans la justice pour retrouver et juger l\u2019auteur de cet acte inqualifiable dans un\u2026<\/p>\n<p>&#13;<br \/>\n\u2014 G\u00e9rald DARMANIN (@GDarmanin) <a href=\"https:\/\/twitter.com\/GDarmanin\/status\/1916151094616457593?ref_src=twsrc%5Etfw\" target=\"_blank\" rel=\"noopener\">April 26, 2025<\/a><\/p><\/blockquote>\n<p>\t\t  <script async src=\"https:\/\/platform.twitter.com\/widgets.js\" charset=\"utf-8\"><\/script><\/p>\n","protected":false},"excerpt":{"rendered":"N\u00e9 \u00e0 Lyon, sans casier judiciaire, passionn\u00e9 de jeux vid\u00e9o : Olivier H., l&rsquo;auteur du meurtre \u00e0 la&hellip;\n","protected":false},"author":2,"featured_media":57053,"comment_status":"","ping_status":"","sticky":false,"template":"","format":"standard","meta":{"footnotes":""},"categories":[1889],"tags":[1111,11,2813,2190,2430,1109,251,1112,2811,1777,674,118,1011,27,1922,1110,1114,2428,2810,12,241,316,25,2812,517,800],"class_list":{"0":"post-57052","1":"post","2":"type-post","3":"status-publish","4":"format-standard","5":"has-post-thumbnail","7":"category-lyon","8":"tag-actu","9":"tag-actualites","10":"tag-article","11":"tag-asvel","12":"tag-auvergne-rhone-alpes","13":"tag-breves","14":"tag-culture","15":"tag-depeches","16":"tag-economique","17":"tag-eu","18":"tag-europe","19":"tag-faits-divers","20":"tag-fr","21":"tag-france","22":"tag-info","23":"tag-informations","24":"tag-infos","25":"tag-lyon","26":"tag-lyonmag","27":"tag-news","28":"tag-ol","29":"tag-politique","30":"tag-republique-francaise","31":"tag-sociale","32":"tag-sport","33":"tag-transports"},"share_on_mastodon":{"url":"https:\/\/pubeurope.com\/@fr\/114410512933785488","error":""},"_links":{"self":[{"href":"https:\/\/www.europesays.com\/fr\/wp-json\/wp\/v2\/posts\/57052","targetHints":{"allow":["GET"]}}],"collection":[{"href":"https:\/\/www.europesays.com\/fr\/wp-json\/wp\/v2\/posts"}],"about":[{"href":"https:\/\/www.europesays.com\/fr\/wp-json\/wp\/v2\/types\/post"}],"author":[{"embeddable":true,"href":"https:\/\/www.europesays.com\/fr\/wp-json\/wp\/v2\/users\/2"}],"replies":[{"embeddable":true,"href":"https:\/\/www.europesays.com\/fr\/wp-json\/wp\/v2\/comments?post=57052"}],"version-history":[{"count":0,"href":"https:\/\/www.europesays.com\/fr\/wp-json\/wp\/v2\/posts\/57052\/revisions"}],"wp:featuredmedia":[{"embeddable":true,"href":"https:\/\/www.europesays.com\/fr\/wp-json\/wp\/v2\/media\/57053"}],"wp:attachment":[{"href":"https:\/\/www.europesays.com\/fr\/wp-json\/wp\/v2\/media?parent=57052"}],"wp:term":[{"taxonomy":"category","embeddable":true,"href":"https:\/\/www.europesays.com\/fr\/wp-json\/wp\/v2\/categories?post=57052"},{"taxonomy":"post_tag","embeddable":true,"href":"https:\/\/www.europesays.com\/fr\/wp-json\/wp\/v2\/tags?post=57052"}],"curies":[{"name":"wp","href":"https:\/\/api.w.org\/{rel}","templated":true}]}}