{"id":570521,"date":"2025-12-01T08:15:26","date_gmt":"2025-12-01T08:15:26","guid":{"rendered":"https:\/\/www.europesays.com\/fr\/570521\/"},"modified":"2025-12-01T08:15:26","modified_gmt":"2025-12-01T08:15:26","slug":"a-louest-de-rennes-pres-de-7-km-de-bouchons-en-cours-apres-un-accident-sur-la-rn12","status":"publish","type":"post","link":"https:\/\/www.europesays.com\/fr\/570521\/","title":{"rendered":"\u00c0 l&rsquo;ouest de Rennes, pr\u00e8s de 7 km de bouchons en cours apr\u00e8s un accident sur la RN12"},"content":{"rendered":"<p>                    Par<br \/>\n        <strong><br \/>\n            <a href=\"https:\/\/actu.fr\/auteur\/clemence-pays02-actu-fr\" title=\"Consulter tous les articles de Cl\u00e9mence Pays\" target=\"_blank\" rel=\"noopener\">Cl\u00e9mence Pays<\/a><br \/>\n                    <\/strong><\/p>\n<p>        Publi\u00e9 le<\/p>\n<p>            1 d\u00e9c. 2025 \u00e0 8h53        <\/p>\n<p>Il faut prendre son mal en patience sur la route, ce lundi 1er\u00a0d\u00e9cembre 2025, aux abords de <a href=\"https:\/\/actu.fr\/rennes\/\" target=\"_blank\" rel=\"noopener\">Rennes<\/a>.<\/p>\n<p class=\" wall-content\">\u00c0 7h57, Bison Fut\u00e9 alertait sur <strong>un accident entre trois v\u00e9hicules,<\/strong> sur la <a href=\"https:\/\/actu.fr\/tag\/route-nationale-12-rn12\" target=\"_blank\" rel=\"noopener\">route nationale 12<\/a> (RN12), dans le sens Brest vers Paris. L\u2019\u00e9v\u00e9nement est survenu \u00e0 hauteur de <a href=\"https:\/\/actu.fr\/bretagne\/pleumeleuc_35227\" target=\"_blank\" rel=\"noopener\">Pleumeleuc<\/a>.<\/p>\n<p>Des bouchons jusqu\u2019\u00e0 Montauban-de-Bretagne<\/p>\n<p class=\" wall-content\">L\u2019accident entra\u00eene un <strong>bouchon de 6,9\u00a0km,<\/strong> de <a href=\"https:\/\/actu.fr\/bretagne\/montauban-de-bretagne_35184\" target=\"_blank\" rel=\"noopener\">Montauban-de-Bretagne<\/a> \u00e0 Pleumeleuc selon Bison Fut\u00e9, \u00e0 8h42.<\/p>\n<p>    <img   decoding=\"async\" loading=\"lazy\" src=\"https:\/\/www.europesays.com\/fr\/wp-content\/uploads\/2025\/12\/bison-fute-bouchons-accidentspng-960x640.png\" alt=\"De gros bouchons ont lieu \u00e0 Rennes et son agglom\u00e9ration, lundi 1er d\u00e9cembre matin.\" width=\"960\" height=\"640\"\/><br \/>\n    De gros bouchons ont lieu \u00e0 Rennes et son agglom\u00e9ration, lundi 1er\u00a0d\u00e9cembre matin. (\u00a9Capture d\u2019\u00e9cran Bison Fut\u00e9)<\/p>\n<p class=\" wall-content\">En parall\u00e8le, toujours sur la <strong>N12,<\/strong> un embouteillage de <strong>1,9\u00a0km<\/strong> est en cours de <a href=\"https:\/\/actu.fr\/bretagne\/vezin-le-coquet_35353\" target=\"_blank\" rel=\"noopener\">Vezin-le-Coquet<\/a> \u00e0 Rennes.<\/p>\n<p class=\" wall-content\">La circulation est \u00e9galement difficile sur la <strong>N24,<\/strong> avec <strong>4,3\u00a0km de bouchons<\/strong> du <a href=\"https:\/\/actu.fr\/bretagne\/le-rheu_35240\" target=\"_blank\" rel=\"noopener\">Rheu<\/a> vers Rennes. Situation similaire, sur la<strong> N137,<\/strong> avec <strong>4\u00a0km de ralentissements<\/strong> de <a href=\"https:\/\/actu.fr\/bretagne\/chartres-de-bretagne_35066\" target=\"_blank\" rel=\"noopener\">Chartres-de-Bretagne<\/a>, \u00e0 <a href=\"https:\/\/actu.fr\/bretagne\/noyal-chatillon-sur-seiche_35206\" target=\"_blank\" rel=\"noopener\">Noyal-Ch\u00e2tillon-sur-Seiche<\/a>.<\/p>\n<p class=\" wall-content\">La <strong>rocade de Rennes<\/strong> (N136) est aussi bien engorg\u00e9e avec <strong>pr\u00e8s de 30\u00a0km de bouchons en cours<\/strong> (sens int\u00e9rieur et ext\u00e9rieur confondu).<\/p>\n<p class=\" wall-content\">Personnalisez votre actualit\u00e9 en ajoutant vos villes et m\u00e9dias en favori avec <a href=\"https:\/\/moncompte.actu.fr\" title=\"D\u00e9couvez Mon Actu\" rel=\"nofollow noopener\" data-trk=\"{&quot;cta&quot;:{&quot;action&quot;:&quot;https:\\\/\\\/moncompte.actu.fr&quot;,&quot;category&quot;:&quot;mon compte&quot;,&quot;from&quot;:&quot;article footer&quot;,&quot;name&quot;:&quot;Mon actu&quot;,&quot;type&quot;:&quot;cta&quot;}}\" target=\"_blank\">Mon Actu<\/a>.<\/p>\n","protected":false},"excerpt":{"rendered":"Par Cl\u00e9mence Pays Publi\u00e9 le 1 d\u00e9c. 2025 \u00e0 8h53 Il faut prendre son mal en patience sur&hellip;\n","protected":false},"author":2,"featured_media":546490,"comment_status":"","ping_status":"","sticky":false,"template":"","format":"standard","meta":{"footnotes":""},"categories":[2821],"tags":[1111,11,829,3542,1777,674,118,1011,27,803,12,584,25,68577],"class_list":{"0":"post-570521","1":"post","2":"type-post","3":"status-publish","4":"format-standard","5":"has-post-thumbnail","7":"category-rennes","8":"tag-actu","9":"tag-actualites","10":"tag-bretagne","11":"tag-circulation","12":"tag-eu","13":"tag-europe","14":"tag-faits-divers","15":"tag-fr","16":"tag-france","17":"tag-info-trafic","18":"tag-news","19":"tag-rennes","20":"tag-republique-francaise","21":"tag-route-nationale-12-rn12"},"share_on_mastodon":{"url":"https:\/\/pubeurope.com\/@fr\/115643320990395778","error":""},"_links":{"self":[{"href":"https:\/\/www.europesays.com\/fr\/wp-json\/wp\/v2\/posts\/570521","targetHints":{"allow":["GET"]}}],"collection":[{"href":"https:\/\/www.europesays.com\/fr\/wp-json\/wp\/v2\/posts"}],"about":[{"href":"https:\/\/www.europesays.com\/fr\/wp-json\/wp\/v2\/types\/post"}],"author":[{"embeddable":true,"href":"https:\/\/www.europesays.com\/fr\/wp-json\/wp\/v2\/users\/2"}],"replies":[{"embeddable":true,"href":"https:\/\/www.europesays.com\/fr\/wp-json\/wp\/v2\/comments?post=570521"}],"version-history":[{"count":0,"href":"https:\/\/www.europesays.com\/fr\/wp-json\/wp\/v2\/posts\/570521\/revisions"}],"wp:featuredmedia":[{"embeddable":true,"href":"https:\/\/www.europesays.com\/fr\/wp-json\/wp\/v2\/media\/546490"}],"wp:attachment":[{"href":"https:\/\/www.europesays.com\/fr\/wp-json\/wp\/v2\/media?parent=570521"}],"wp:term":[{"taxonomy":"category","embeddable":true,"href":"https:\/\/www.europesays.com\/fr\/wp-json\/wp\/v2\/categories?post=570521"},{"taxonomy":"post_tag","embeddable":true,"href":"https:\/\/www.europesays.com\/fr\/wp-json\/wp\/v2\/tags?post=570521"}],"curies":[{"name":"wp","href":"https:\/\/api.w.org\/{rel}","templated":true}]}}