{"id":570522,"date":"2025-12-01T08:17:26","date_gmt":"2025-12-01T08:17:26","guid":{"rendered":"https:\/\/www.europesays.com\/fr\/570522\/"},"modified":"2025-12-01T08:17:26","modified_gmt":"2025-12-01T08:17:26","slug":"alsace-entre-lespagne-et-strasbourg-entzheim-toujours-plus-de-liaisons-aeriennes-pour-les-marches-de-noel","status":"publish","type":"post","link":"https:\/\/www.europesays.com\/fr\/570522\/","title":{"rendered":"Alsace. Entre l\u2019Espagne et Strasbourg-Entzheim, toujours plus de liaisons a\u00e9riennes pour les march\u00e9s de No\u00ebl"},"content":{"rendered":"<p>Aucun chiffre pr\u00e9cis n\u2019est malheureusement disponible sur la fr\u00e9quentation des deux a\u00e9roports alsaciens durant les f\u00eates de No\u00ebl. Mais l\u2019augmentation du nombre de liaisons a\u00e9riennes entre l\u2019Espagne et Strasbourg-Entzheim confirme bel et bien l\u2019attractivit\u00e9 de la r\u00e9gion \u00e0 l\u2019occasion des march\u00e9s de No\u00ebl. Aucune compagnie a\u00e9rienne ne propose, en effet, des liaisons si la demande n\u2019existe pas.<\/p>\n<p>Ainsi, pendant la p\u00e9riode du 27 novembre 2025 au 4 janvier 2026, l\u2019a\u00e9roport de Strasbourg accueillera 115 vols depuis l\u2019Espagne, soit une hausse de 20 % sur les cinq semaines de f\u00eates. \u00ab Il y en a eu 72 au mois d\u2019octobre 2025 et 93 pendant la m\u00eame p\u00e9riode l\u2019ann\u00e9e derni\u00e8re \u00bb, pr\u00e9cise les services de l\u2019a\u00e9roport qui estiment \u00e0 30 000 le nombre de passagers, aller et retour, sur la p\u00e9riode de No\u00ebl. 81 des 115 vols sont des lignes r\u00e9guli\u00e8res avec des renforcements sur la p\u00e9riode, notamment Iberia et Volotea pour Madrid, Volotea et Iberia pour Barcelone et Voloteza sur Lanzarote.<\/p>\n<p>  Deux vols charters pour les march\u00e9s de No\u00ebl<\/p>\n<p><a href=\"https:\/\/www.lalsace.fr\/economie\/2025\/10\/28\/quelque-27-destinations-operees-par-dix-compagnies-pendant-la-saison-hivernale\" target=\"_blank\" rel=\"noopener\">\u00c0 ces liaisons habituelles renforc\u00e9es s\u2019ajoutent 32 vols suppl\u00e9mentaires<\/a> propos\u00e9s par d\u2019autres compagnies, notamment Barcelone avec quatre vols hebdomadaires assur\u00e9s par la compagnie a\u00e9rienne \u00e0 bas co\u00fbt Vueling qui n\u2019op\u00e8re pas \u00e0 Entzheim le reste de l\u2019ann\u00e9e. \u00ab Ces deux types de vols sont fr\u00e9quent\u00e9s par une client\u00e8le mixte espagnole et fran\u00e7aise \u00bb, pr\u00e9cise l\u2019a\u00e9roport de Strasbourg. Mais preuve de l\u2019engouement en Espagne pour l\u2019Alsace <a href=\"https:\/\/www.lalsace.fr\/economie\/2025\/10\/03\/transporteurs-et-voyagistes-alsaciens-accompagnent-le-mouvement\" target=\"_blank\" rel=\"noopener\">\u00e0 l\u2019heure des march\u00e9s de No\u00ebl<\/a> , deux vols charters, mis en place par des voyagistes espagnols pour leur client\u00e8le espagnole au d\u00e9part de Saragosse et Murcie, sont \u00e9galement pr\u00e9vus.<\/p>\n<p>Concernant l\u2019EuroAirport, onze liaisons a\u00e9riennes sont programm\u00e9es cet hiver avec l\u2019Espagne. C\u2019est un peu moins qu\u2019en \u00e9t\u00e9 (15), preuve d\u2019un impact moindre des march\u00e9s de No\u00ebl alsaciens pour l\u2019a\u00e9roport trinational.<\/p>\n","protected":false},"excerpt":{"rendered":"Aucun chiffre pr\u00e9cis n\u2019est malheureusement disponible sur la fr\u00e9quentation des deux a\u00e9roports alsaciens durant les f\u00eates de No\u00ebl.&hellip;\n","protected":false},"author":2,"featured_media":570523,"comment_status":"","ping_status":"","sticky":false,"template":"","format":"standard","meta":{"footnotes":""},"categories":[2820],"tags":[1111,11,2389,1687,33,1777,674,3326,107,1011,27,775,12,15830,25,640,602,2803],"class_list":{"0":"post-570522","1":"post","2":"type-post","3":"status-publish","4":"format-standard","5":"has-post-thumbnail","7":"category-strasbourg","8":"tag-actu","9":"tag-actualites","10":"tag-alsace","11":"tag-culture-loisirs","12":"tag-economie","13":"tag-eu","14":"tag-europe","15":"tag-fete-locale","16":"tag-fil-info","17":"tag-fr","18":"tag-france","19":"tag-grand-est","20":"tag-news","21":"tag-noel","22":"tag-republique-francaise","23":"tag-strasbourg","24":"tag-tourisme","25":"tag-transport"},"share_on_mastodon":{"url":"https:\/\/pubeurope.com\/@fr\/115643327699642725","error":""},"_links":{"self":[{"href":"https:\/\/www.europesays.com\/fr\/wp-json\/wp\/v2\/posts\/570522","targetHints":{"allow":["GET"]}}],"collection":[{"href":"https:\/\/www.europesays.com\/fr\/wp-json\/wp\/v2\/posts"}],"about":[{"href":"https:\/\/www.europesays.com\/fr\/wp-json\/wp\/v2\/types\/post"}],"author":[{"embeddable":true,"href":"https:\/\/www.europesays.com\/fr\/wp-json\/wp\/v2\/users\/2"}],"replies":[{"embeddable":true,"href":"https:\/\/www.europesays.com\/fr\/wp-json\/wp\/v2\/comments?post=570522"}],"version-history":[{"count":0,"href":"https:\/\/www.europesays.com\/fr\/wp-json\/wp\/v2\/posts\/570522\/revisions"}],"wp:featuredmedia":[{"embeddable":true,"href":"https:\/\/www.europesays.com\/fr\/wp-json\/wp\/v2\/media\/570523"}],"wp:attachment":[{"href":"https:\/\/www.europesays.com\/fr\/wp-json\/wp\/v2\/media?parent=570522"}],"wp:term":[{"taxonomy":"category","embeddable":true,"href":"https:\/\/www.europesays.com\/fr\/wp-json\/wp\/v2\/categories?post=570522"},{"taxonomy":"post_tag","embeddable":true,"href":"https:\/\/www.europesays.com\/fr\/wp-json\/wp\/v2\/tags?post=570522"}],"curies":[{"name":"wp","href":"https:\/\/api.w.org\/{rel}","templated":true}]}}