{"id":570526,"date":"2025-12-01T08:19:11","date_gmt":"2025-12-01T08:19:11","guid":{"rendered":"https:\/\/www.europesays.com\/fr\/570526\/"},"modified":"2025-12-01T08:19:11","modified_gmt":"2025-12-01T08:19:11","slug":"fight-aids-monaco-lance-une-permanence-de-depistage-rapide-et-rends-hommage-aux-disparus","status":"publish","type":"post","link":"https:\/\/www.europesays.com\/fr\/570526\/","title":{"rendered":"Fight Aids Monaco Lance une Permanence de D\u00e9pistage Rapide et Rends Hommage aux Disparus"},"content":{"rendered":"<p>\ud83c\udf97\ufe0f L\u2019\u00c9cho du Rocher : Journ\u00e9e Mondiale Sida \u2013 D\u00e9pistage Gratuit et Hommage \u00e0 Monaco<\/p>\n<p><b>1er D\u00e9cembre : M\u00e9moire et Action \u00e0 Monaco \ud83c\uddf2\ud83c\udde8<\/b><\/p>\n<p>L\u2019\u00c9cho du Rocher revient sur la <b>Journ\u00e9e mondiale de lutte contre le sida<\/b> (1er d\u00e9cembre), marqu\u00e9e par deux temps forts de l\u2019association <b>Fight Aids Monaco<\/b>, pr\u00e9sid\u00e9e par S.A.S. la <b>Princesse St\u00e9phanie<\/b>.<\/p>\n<p>L\u2019association rappelle que la lutte contre le VIH est faite \u00e0 la fois de m\u00e9moire et d\u2019action :<\/p>\n<ol>\n<li><b>M\u00e9moire (Hommage) :<\/b> Cet apr\u00e8s-midi, \u00e0 13h, un moment symbolique aura lieu au <b>Mus\u00e9e oc\u00e9anographique<\/b> avec le d\u00e9ploiement de <b>courtepointes<\/b>. Ces grandes pi\u00e8ces de tissu sont r\u00e9alis\u00e9es en hommage aux personnes disparues des suites du VIH. Huit nouvelles courtepointes seront d\u00e9voil\u00e9es cette ann\u00e9e.<\/li>\n<\/ol>\n<p><b>Lancement du D\u00e9pistage Hebdomadaire et Confidentiel \ud83e\ude7a<\/b><\/p>\n<p>Tourn\u00e9e vers l\u2019avenir, Fight Aids Monaco annonce une initiative majeure : le lancement, d\u00e8s ce mois de d\u00e9cembre, d\u2019une <b>permanence hebdomadaire de d\u00e9pistage<\/b> au sein m\u00eame de l\u2019association.<\/p>\n<ul>\n<li><b>Quand :<\/b> Tous les mardis matin.<\/li>\n<li><b>Quoi :<\/b> D\u00e9pistage rapide, <b>gratuit et confidentiel<\/b> du <b>VIH<\/b>, des h\u00e9patites B et C, et de la syphilis.<\/li>\n<\/ul>\n<p>Ce nouveau format vise \u00e0 renforcer la confidentialit\u00e9, assurer une qualit\u00e9 d\u2019accueil optimale et permettre l\u2019obtention d\u2019un <b>r\u00e9sultat imm\u00e9diat<\/b>.<\/p>\n<p>Les rendez-vous peuvent \u00eatre pris directement en ligne sur le site de <b>fight-aids-monaco<\/b> ou par t\u00e9l\u00e9phone au <b>97 70 67 97<\/b>.<\/p>\n<p><b>\ud83c\udf99 LE MORNING MADE IN MONTE CARLO<\/b><br \/>Avec <b>L\u00e9o Barraband, Giulia Testaverde et Marie Marquet<\/b><\/p>\n<p>\ud83d\udd55 Du lundi au vendredi, de 6h \u00e0 9h<\/p>\n<p>\ud83d\udcf0 <b>Actualit\u00e9s<\/b> &amp; infos locales<br \/>\u2728 <b>Horoscope \u00ab Les \u00e9toil\u00e9s \u00bb<\/b><br \/>\ud83c\udf1f <b>Le Feed<\/b> : l\u2019actu trendy de la C\u00f4te et de Monaco<br \/>\ud83c\udff0 <b>L\u2019\u00c9cho du Rocher<\/b> : tout sur la Principaut\u00e9<br \/>\ud83c\udfb6 <b>Top Streaming<\/b> : le tour du monde en musique<br \/>\u2764\ufe0f <b>Crush Music<\/b> : nos coups de c\u0153ur du moment<br \/>\ud83c\udfa7 <b>Be Curious<\/b> : pop culture, tendances et d\u00e9couvertes<br \/>\ud83e\uddd8 <b>Instant Feel Good<\/b> : \u00e9nergie, s\u00e9r\u00e9nit\u00e9 et bonne humeur pour d\u00e9marrer la journ\u00e9e<\/p>\n<p><a href=\"https:\/\/radio-monaco.com\/\" target=\"_blank\" rel=\"noopener\"><b>\ud83c\udf99 LE MORNING MADE IN MONTE CARLO <\/b><\/a><\/p>\n<p>H\u00e9berg\u00e9 par Ausha. Visitez <a href=\"https:\/\/ausha.co\/politique-de-confidentialite\" target=\"_blank\" rel=\"noopener\">ausha.co\/politique-de-confidentialite<\/a> pour plus d\u2019informations.<\/p>\n<p class=\"proradio-tags\">\n\t\t\t\t\t\t\t\t\t\t<a href=\"https:\/\/radio-monaco.com\/podcastfilter\/le-morning\/\" class=\"proradio-catid-6\" target=\"_blank\" rel=\"noopener\">LE MORNING<\/a>\t\t\t\t\t\t\t\t\t\t<\/p>\n","protected":false},"excerpt":{"rendered":"\ud83c\udf97\ufe0f L\u2019\u00c9cho du Rocher : Journ\u00e9e Mondiale Sida \u2013 D\u00e9pistage Gratuit et Hommage \u00e0 Monaco 1er D\u00e9cembre :&hellip;\n","protected":false},"author":2,"featured_media":570527,"comment_status":"","ping_status":"","sticky":false,"template":"","format":"standard","meta":{"footnotes":""},"categories":[2819],"tags":[1111,11,1777,674,1011,27,12,2401,882,25],"class_list":{"0":"post-570526","1":"post","2":"type-post","3":"status-publish","4":"format-standard","5":"has-post-thumbnail","7":"category-nice","8":"tag-actu","9":"tag-actualites","10":"tag-eu","11":"tag-europe","12":"tag-fr","13":"tag-france","14":"tag-news","15":"tag-nice","16":"tag-provence-alpes-cote-dazur","17":"tag-republique-francaise"},"share_on_mastodon":{"url":"https:\/\/pubeurope.com\/@fr\/115643335577246460","error":""},"_links":{"self":[{"href":"https:\/\/www.europesays.com\/fr\/wp-json\/wp\/v2\/posts\/570526","targetHints":{"allow":["GET"]}}],"collection":[{"href":"https:\/\/www.europesays.com\/fr\/wp-json\/wp\/v2\/posts"}],"about":[{"href":"https:\/\/www.europesays.com\/fr\/wp-json\/wp\/v2\/types\/post"}],"author":[{"embeddable":true,"href":"https:\/\/www.europesays.com\/fr\/wp-json\/wp\/v2\/users\/2"}],"replies":[{"embeddable":true,"href":"https:\/\/www.europesays.com\/fr\/wp-json\/wp\/v2\/comments?post=570526"}],"version-history":[{"count":0,"href":"https:\/\/www.europesays.com\/fr\/wp-json\/wp\/v2\/posts\/570526\/revisions"}],"wp:featuredmedia":[{"embeddable":true,"href":"https:\/\/www.europesays.com\/fr\/wp-json\/wp\/v2\/media\/570527"}],"wp:attachment":[{"href":"https:\/\/www.europesays.com\/fr\/wp-json\/wp\/v2\/media?parent=570526"}],"wp:term":[{"taxonomy":"category","embeddable":true,"href":"https:\/\/www.europesays.com\/fr\/wp-json\/wp\/v2\/categories?post=570526"},{"taxonomy":"post_tag","embeddable":true,"href":"https:\/\/www.europesays.com\/fr\/wp-json\/wp\/v2\/tags?post=570526"}],"curies":[{"name":"wp","href":"https:\/\/api.w.org\/{rel}","templated":true}]}}