{"id":570532,"date":"2025-12-01T08:22:13","date_gmt":"2025-12-01T08:22:13","guid":{"rendered":"https:\/\/www.europesays.com\/fr\/570532\/"},"modified":"2025-12-01T08:22:13","modified_gmt":"2025-12-01T08:22:13","slug":"trafic-dense-sur-les-routes-ce-matin","status":"publish","type":"post","link":"https:\/\/www.europesays.com\/fr\/570532\/","title":{"rendered":"trafic dense sur les routes ce matin"},"content":{"rendered":"<p>                    Par<br \/>\n        <strong><br \/>\n            <a href=\"https:\/\/actu.fr\/auteur\/redaction-nantes\" title=\"Consulter tous les articles de R\u00e9daction Nantes\" target=\"_blank\" rel=\"noopener\">R\u00e9daction Nantes<\/a><br \/>\n                    <\/strong><\/p>\n<p>        Publi\u00e9 le<\/p>\n<p>            1 d\u00e9c. 2025 \u00e0 9h11        <\/p>\n<p>Il y a du monde sur les routes pour ce premier jour du mois de d\u00e9cembre. Ce lundi 1er\u00a0d\u00e9cembre 2025, <a href=\"https:\/\/www.bison-fute.gouv.fr\/courbes-bouchons,11025.html\" target=\"_blank\" rel=\"noopener\">Bison Fut\u00e9<\/a> recense, \u00e0 8\u2009h\u200957, <b>54,2\u00a0km de bouchons sur le p\u00e9riph\u00e9rique de Nantes<\/b>. La N844 reste l\u2019axe routier le plus congestionn\u00e9 avec 23,8\u00a0km d\u2019embouteillages.<\/p>\n<p>Un v\u00e9hicule arr\u00eat\u00e9 \u00e0 Orvault<\/p>\n<p class=\" wall-content\">La circulation est particuli\u00e8rement difficile au nord du p\u00e9riph\u00e9rique, notamment au niveau de la route de la Chapelle. De plus, Bison Fut\u00e9 informe de<b> l\u2019arr\u00eat d\u2019un v\u00e9hicule sur la N137<\/b>, \u00e0 hauteur d\u2019Orvault, de Rennes vers Nantes (sens nord-sud).<\/p>\n<p class=\" wall-content\">Le pic de bouchons, a \u00e9t\u00e9 recens\u00e9 \u00e0 8\u2009h\u200940 avec 60,1\u00a0km de bouchons sur le p\u00e9riph\u00e9rique.<\/p>\n<p class=\" wall-content\">Personnalisez votre actualit\u00e9 en ajoutant vos villes et m\u00e9dias en favori avec <a href=\"https:\/\/moncompte.actu.fr\" title=\"D\u00e9couvez Mon Actu\" rel=\"nofollow noopener\" data-trk=\"{&quot;cta&quot;:{&quot;action&quot;:&quot;https:\\\/\\\/moncompte.actu.fr&quot;,&quot;category&quot;:&quot;mon compte&quot;,&quot;from&quot;:&quot;article footer&quot;,&quot;name&quot;:&quot;Mon actu&quot;,&quot;type&quot;:&quot;cta&quot;}}\" target=\"_blank\">Mon Actu<\/a>.<\/p>\n","protected":false},"excerpt":{"rendered":"Par R\u00e9daction Nantes Publi\u00e9 le 1 d\u00e9c. 2025 \u00e0 9h11 Il y a du monde sur les routes&hellip;\n","protected":false},"author":2,"featured_media":570533,"comment_status":"","ping_status":"","sticky":false,"template":"","format":"standard","meta":{"footnotes":""},"categories":[2818],"tags":[1111,11,3542,1777,674,1011,27,766,12,2636,4013,25,104],"class_list":{"0":"post-570532","1":"post","2":"type-post","3":"status-publish","4":"format-standard","5":"has-post-thumbnail","7":"category-nantes","8":"tag-actu","9":"tag-actualites","10":"tag-circulation","11":"tag-eu","12":"tag-europe","13":"tag-fr","14":"tag-france","15":"tag-nantes","16":"tag-news","17":"tag-pays-de-la-loire","18":"tag-peripherique","19":"tag-republique-francaise","20":"tag-societe"},"share_on_mastodon":{"url":"https:\/\/pubeurope.com\/@fr\/115643347589469887","error":""},"_links":{"self":[{"href":"https:\/\/www.europesays.com\/fr\/wp-json\/wp\/v2\/posts\/570532","targetHints":{"allow":["GET"]}}],"collection":[{"href":"https:\/\/www.europesays.com\/fr\/wp-json\/wp\/v2\/posts"}],"about":[{"href":"https:\/\/www.europesays.com\/fr\/wp-json\/wp\/v2\/types\/post"}],"author":[{"embeddable":true,"href":"https:\/\/www.europesays.com\/fr\/wp-json\/wp\/v2\/users\/2"}],"replies":[{"embeddable":true,"href":"https:\/\/www.europesays.com\/fr\/wp-json\/wp\/v2\/comments?post=570532"}],"version-history":[{"count":0,"href":"https:\/\/www.europesays.com\/fr\/wp-json\/wp\/v2\/posts\/570532\/revisions"}],"wp:featuredmedia":[{"embeddable":true,"href":"https:\/\/www.europesays.com\/fr\/wp-json\/wp\/v2\/media\/570533"}],"wp:attachment":[{"href":"https:\/\/www.europesays.com\/fr\/wp-json\/wp\/v2\/media?parent=570532"}],"wp:term":[{"taxonomy":"category","embeddable":true,"href":"https:\/\/www.europesays.com\/fr\/wp-json\/wp\/v2\/categories?post=570532"},{"taxonomy":"post_tag","embeddable":true,"href":"https:\/\/www.europesays.com\/fr\/wp-json\/wp\/v2\/tags?post=570532"}],"curies":[{"name":"wp","href":"https:\/\/api.w.org\/{rel}","templated":true}]}}