{"id":570542,"date":"2025-12-01T08:27:12","date_gmt":"2025-12-01T08:27:12","guid":{"rendered":"https:\/\/www.europesays.com\/fr\/570542\/"},"modified":"2025-12-01T08:27:12","modified_gmt":"2025-12-01T08:27:12","slug":"damart-fait-son-retour-a-roubaix","status":"publish","type":"post","link":"https:\/\/www.europesays.com\/fr\/570542\/","title":{"rendered":"Damart fait son retour \u00e0 Roubaix"},"content":{"rendered":"<p class=\"introduction\">Cinq ans apr\u00e8s la fermeture de sa boutique \u00e0 Eurot\u00e9l\u00e9port, Damart signe son grand retour \u00e0 Roubaix avec l\u2019ouverture d\u2019un nouveau magasin boulevard de Fourmies. Une annonce accueillie avec enthousiasme par les fid\u00e8les de la marque, nombreuses \u00e0 s\u2019\u00eatre d\u00e9plac\u00e9es pour d\u00e9couvrir ce nouvel espace.<\/p>\n<p>\u00ab La client\u00e8le est locale et appr\u00e9cie de ne pas avoir \u00e0 aller jusqu\u2019\u00e0 Neuville-en-Ferrain ou \u00e0 Lille pour retrouver la marque. Les clientes viennent pour la plupart du Roubaisis \u00bb, explique Sarah Huicq, responsable de la boutique. Depuis l\u2019ouverture, de nouvelles clientes franchissent \u00e9galement le pas de la porte, curieuses de d\u00e9couvrir le magasin et ses nouveaut\u00e9s.<\/p>\n<p>Sur une surface de 180 m\u00b2, la boutique se distingue par un espace clair, lumineux et accueillant, o\u00f9 l\u2019on retrouve l\u2019ensemble de la collection Damart : des incontournables v\u00eatements thermolactyl aux pi\u00e8ces plus modernes et color\u00e9es, pens\u00e9es pour une client\u00e8le majoritairement \u00e2g\u00e9e de 55 ans et plus. Cinq salari\u00e9es travaillent dans la boutique. A noter, c\u00f4t\u00e9 pratique, un parking de 12 places juste devant, exclusivement r\u00e9serv\u00e9 \u00e0 la client\u00e8le.<\/p>\n<p>Cr\u00e9dit photos : Anais Gadeau, service Communication, ville de Roubaix<\/p>\n","protected":false},"excerpt":{"rendered":"Cinq ans apr\u00e8s la fermeture de sa boutique \u00e0 Eurot\u00e9l\u00e9port, Damart signe son grand retour \u00e0 Roubaix avec&hellip;\n","protected":false},"author":2,"featured_media":570543,"comment_status":"","ping_status":"","sticky":false,"template":"","format":"standard","meta":{"footnotes":""},"categories":[2815],"tags":[1111,11,1777,674,1011,27,811,1307,12,25],"class_list":{"0":"post-570542","1":"post","2":"type-post","3":"status-publish","4":"format-standard","5":"has-post-thumbnail","7":"category-lille","8":"tag-actu","9":"tag-actualites","10":"tag-eu","11":"tag-europe","12":"tag-fr","13":"tag-france","14":"tag-hauts-de-france","15":"tag-lille","16":"tag-news","17":"tag-republique-francaise"},"share_on_mastodon":{"url":"https:\/\/pubeurope.com\/@fr\/115643367070303350","error":""},"_links":{"self":[{"href":"https:\/\/www.europesays.com\/fr\/wp-json\/wp\/v2\/posts\/570542","targetHints":{"allow":["GET"]}}],"collection":[{"href":"https:\/\/www.europesays.com\/fr\/wp-json\/wp\/v2\/posts"}],"about":[{"href":"https:\/\/www.europesays.com\/fr\/wp-json\/wp\/v2\/types\/post"}],"author":[{"embeddable":true,"href":"https:\/\/www.europesays.com\/fr\/wp-json\/wp\/v2\/users\/2"}],"replies":[{"embeddable":true,"href":"https:\/\/www.europesays.com\/fr\/wp-json\/wp\/v2\/comments?post=570542"}],"version-history":[{"count":0,"href":"https:\/\/www.europesays.com\/fr\/wp-json\/wp\/v2\/posts\/570542\/revisions"}],"wp:featuredmedia":[{"embeddable":true,"href":"https:\/\/www.europesays.com\/fr\/wp-json\/wp\/v2\/media\/570543"}],"wp:attachment":[{"href":"https:\/\/www.europesays.com\/fr\/wp-json\/wp\/v2\/media?parent=570542"}],"wp:term":[{"taxonomy":"category","embeddable":true,"href":"https:\/\/www.europesays.com\/fr\/wp-json\/wp\/v2\/categories?post=570542"},{"taxonomy":"post_tag","embeddable":true,"href":"https:\/\/www.europesays.com\/fr\/wp-json\/wp\/v2\/tags?post=570542"}],"curies":[{"name":"wp","href":"https:\/\/api.w.org\/{rel}","templated":true}]}}