{"id":570550,"date":"2025-12-01T08:32:15","date_gmt":"2025-12-01T08:32:15","guid":{"rendered":"https:\/\/www.europesays.com\/fr\/570550\/"},"modified":"2025-12-01T08:32:15","modified_gmt":"2025-12-01T08:32:15","slug":"un-appartement-detruit-par-les-flammes-les-occupants-indemnes","status":"publish","type":"post","link":"https:\/\/www.europesays.com\/fr\/570550\/","title":{"rendered":"un appartement d\u00e9truit par les flammes, les occupants indemnes"},"content":{"rendered":"<p itemprop=\"description\"><strong>Ce dimanche soir, les pompiers sont intervenus rue Maryse Basti\u00e9 dans le 8e arrondissement de Lyon.<\/strong><\/p>\n<p>Un incendie s&rsquo;est d\u00e9clar\u00e9 vers 21h dans un immeuble au num\u00e9ro 52.<\/p>\n<p>Les soldats du feu ont r\u00e9ussi \u00e0 \u00e9viter que les flammes ne se propagent au reste du b\u00e2timent, mais elles ont d\u00e9truit l&rsquo;appartement du 4e \u00e9tage o\u00f9 le sinistre s&rsquo;est produit.<\/p>\n<p>Les deux occupants du logement s&rsquo;en sortent indemnes, mais ils devront \u00eatre relog\u00e9s.<\/p>\n","protected":false},"excerpt":{"rendered":"Ce dimanche soir, les pompiers sont intervenus rue Maryse Basti\u00e9 dans le 8e arrondissement de Lyon. Un incendie&hellip;\n","protected":false},"author":2,"featured_media":570551,"comment_status":"","ping_status":"","sticky":false,"template":"","format":"standard","meta":{"footnotes":""},"categories":[1889],"tags":[1111,11,2813,2190,2430,1109,251,1112,2811,1777,674,118,1011,27,1922,1110,1114,2428,2810,12,241,316,25,2812,517,800],"class_list":{"0":"post-570550","1":"post","2":"type-post","3":"status-publish","4":"format-standard","5":"has-post-thumbnail","7":"category-lyon","8":"tag-actu","9":"tag-actualites","10":"tag-article","11":"tag-asvel","12":"tag-auvergne-rhone-alpes","13":"tag-breves","14":"tag-culture","15":"tag-depeches","16":"tag-economique","17":"tag-eu","18":"tag-europe","19":"tag-faits-divers","20":"tag-fr","21":"tag-france","22":"tag-info","23":"tag-informations","24":"tag-infos","25":"tag-lyon","26":"tag-lyonmag","27":"tag-news","28":"tag-ol","29":"tag-politique","30":"tag-republique-francaise","31":"tag-sociale","32":"tag-sport","33":"tag-transports"},"share_on_mastodon":{"url":"https:\/\/pubeurope.com\/@fr\/115643386769569036","error":""},"_links":{"self":[{"href":"https:\/\/www.europesays.com\/fr\/wp-json\/wp\/v2\/posts\/570550","targetHints":{"allow":["GET"]}}],"collection":[{"href":"https:\/\/www.europesays.com\/fr\/wp-json\/wp\/v2\/posts"}],"about":[{"href":"https:\/\/www.europesays.com\/fr\/wp-json\/wp\/v2\/types\/post"}],"author":[{"embeddable":true,"href":"https:\/\/www.europesays.com\/fr\/wp-json\/wp\/v2\/users\/2"}],"replies":[{"embeddable":true,"href":"https:\/\/www.europesays.com\/fr\/wp-json\/wp\/v2\/comments?post=570550"}],"version-history":[{"count":0,"href":"https:\/\/www.europesays.com\/fr\/wp-json\/wp\/v2\/posts\/570550\/revisions"}],"wp:featuredmedia":[{"embeddable":true,"href":"https:\/\/www.europesays.com\/fr\/wp-json\/wp\/v2\/media\/570551"}],"wp:attachment":[{"href":"https:\/\/www.europesays.com\/fr\/wp-json\/wp\/v2\/media?parent=570550"}],"wp:term":[{"taxonomy":"category","embeddable":true,"href":"https:\/\/www.europesays.com\/fr\/wp-json\/wp\/v2\/categories?post=570550"},{"taxonomy":"post_tag","embeddable":true,"href":"https:\/\/www.europesays.com\/fr\/wp-json\/wp\/v2\/tags?post=570550"}],"curies":[{"name":"wp","href":"https:\/\/api.w.org\/{rel}","templated":true}]}}