{"id":570556,"date":"2025-12-01T08:38:15","date_gmt":"2025-12-01T08:38:15","guid":{"rendered":"https:\/\/www.europesays.com\/fr\/570556\/"},"modified":"2025-12-01T08:38:15","modified_gmt":"2025-12-01T08:38:15","slug":"la-charte-signee-pour-apaiser-les-tensions-est-necessaire-mais-pas-suffisante-estiment-les-petits-fournisseurs","status":"publish","type":"post","link":"https:\/\/www.europesays.com\/fr\/570556\/","title":{"rendered":"la charte sign\u00e9e pour apaiser les tensions est \u00ab\u00a0n\u00e9cessaire\u00a0\u00bb mais \u00ab\u00a0pas suffisante\u00a0\u00bb, estiment les petits fournisseurs"},"content":{"rendered":"\n<p class=\"c-chapo \">\n  La grande distribution et les fournisseurs agro-industriels ont annonc\u00e9 ce dimanche la signature d&rsquo;une charte. Ce document in\u00e9dit mais non contraignant, vise notamment \u00e0 mieux prendre en compte les sp\u00e9cificit\u00e9s des PME et promouvoir des engagements sur l&rsquo;origine des produits.\n<\/p>\n<p>      lire plus tard<\/p>\n<p id=\"dialog__title\" class=\"dialog__title\">Pour sauvegarder cet article, connectez-vous ou cr\u00e9ez un compte franceinfo<\/p>\n<p class=\"dialog__description\">Sans paiement. Sans abonnement.<\/p>\n<p>        Fermer la fen\u00eatre d\u2019activation des notifications France Info<\/p>\n<p>      cr\u00e9er votre compte<\/p>\n<p>      se connecter<\/p>\n<p>        Fermer la fen\u00eatre de pr\u00e9sentation<\/p>\n<p>    <img loading=\"lazy\" decoding=\"async\" class=\"signature__image lazyload\" width=\"100\" height=\"100\" data- alt=\"\" src=\"https:\/\/www.europesays.com\/fr\/wp-content\/uploads\/2025\/05\/64a7df4c5fe71_placeholder-36b69ec8.png\"\/><\/p>\n<p>    Publi\u00e9 le 01\/12\/2025 08:06<\/p>\n<p>        Temps de lecture : 1min<\/p>\n<p>    <img decoding=\"async\"  alt=\"La charte entre supermarch\u00e9s et fournisseurs vise notamment \u00e0 valoriser les produits frais et promouvoir des engagements sur l'origine des produits. (Richard Villalon \/ MAXPPP)\" width=\"432\" height=\"243\" src=\"https:\/\/www.europesays.com\/fr\/wp-content\/uploads\/2025\/12\/maxnewsfrfive521790-692d3e27a75e2495460014.jpg\" fetchpriority=\"high\"\/><\/p>\n<p>      La charte entre supermarch\u00e9s et fournisseurs vise notamment \u00e0 valoriser les produits frais et promouvoir des engagements sur l&rsquo;origine des produits. (Richard Villalon \/ MAXPPP)<\/p>\n<p>\u00ab\u00a0Le principe d&rsquo;une charte, c&rsquo;est de fixer une direction et j&rsquo;en suis tr\u00e8s heureux\u00a0\u00bb, explique sur franceinfo L\u00e9onard Prunier, pr\u00e9sident de la F\u00e9d\u00e9ration des entreprises et des entrepreneurs de France (Feef) Dimanche 30 novembre, \u00e0 la veille du d\u00e9but des n\u00e9gociations commerciales annuelles entre la grande distribution et les fournisseurs agro-industriels, une charte a \u00e9t\u00e9 sign\u00e9e afin d&rsquo;apaiser les relations. Celle-ci pr\u00e9voit notamment une attention particuli\u00e8re port\u00e9e aux PME. \u00ab\u00a0C&rsquo;est la premi\u00e8re fois que toutes les f\u00e9d\u00e9rations reconnaissent qu&rsquo;on doit traiter diff\u00e9remment les entreprises du territoire des grands groupes internationaux\u00a0\u00bb, souligne L\u00e9onard Prunier. C&rsquo;est une v\u00e9ritable avanc\u00e9e\u00a0\u00bb.<\/p>\n<p>Gr\u00e2ce \u00e0 <a href=\"https:\/\/www.franceinfo.fr\/economie\/commerce\/supermarches-et-fournisseurs-signent-une-charte-pour-apaiser-leurs-negociations_7649636.html\" target=\"_self\" rel=\"noopener noreferrer nofollow\" data-tooltip-url=\"https:\/\/www.franceinfo.fr\/economie\/commerce\/supermarches-et-fournisseurs-signent-une-charte-pour-apaiser-leurs-negociations_7649636.html\">cette charte<\/a>, les n\u00e9gociations commerciales se termineront le 15 janvier pour les PME, et non pas le 1er mars, date de fin officielle de ces n\u00e9gociations. \u00ab\u00a0Les choses \u00e9taient trop longues\u00a0\u00bb selon le pr\u00e9sident de la Feef. Quand vous \u00eates dirigeant d&rsquo;une entreprise du territoire, pendant 3 mois, vous avez le stress de savoir si vous allez conclure un accord au juste prix donc vous bloquez vos investissements et vous bloquez vos cr\u00e9ations d&#8217;emplois\u00a0\u00bb, explique ce fournisseur en charcuterie.<\/p>\n<p>Malgr\u00e9 tout, pour L\u00e9onard Prunier, cette charte, qui \u00e9tait \u00ab\u00a0n\u00e9cessaire\u00a0\u00bb, n&rsquo;est \u00ab\u00a0pas suffisante\u00a0\u00bb. \u00ab\u00a0C&rsquo;est un premier pas fondamental\u00a0\u00bb, reconnait-il, mais \u00ab\u00a0on a besoin d&rsquo;une r\u00e9forme l\u00e9gislative, ce qu&rsquo;on appelle, nous, &lsquo;la n\u00e9gociation annuelle avec tarifs r\u00e9visables&rsquo; pour rendre les choses plus fluides\u00a0\u00bb. Le syst\u00e8me \u00ab\u00a0doit changer\u00a0\u00bb, assure le pr\u00e9sident de la Feef qui pr\u00e9cise \u00e9galement que ces n\u00e9gociations ne peuvent pas aboutir \u00e0 \u00ab\u00a0une baisse de prix de vente au distributeur\u00a0\u00bb, car un tiers \u00ab\u00a0de nos entreprises est d\u00e9ficitaire\u00a0\u00bb, d\u00e9plore-t-il. <\/p>\n","protected":false},"excerpt":{"rendered":"La grande distribution et les fournisseurs agro-industriels ont annonc\u00e9 ce dimanche la signature d&rsquo;une charte. Ce document in\u00e9dit&hellip;\n","protected":false},"author":2,"featured_media":570557,"comment_status":"","ping_status":"","sticky":false,"template":"","format":"standard","meta":{"footnotes":""},"categories":[1888],"tags":[1111,1928,11,1927,1777,674,1011,27,12,1926,626,1925,25],"class_list":{"0":"post-570556","1":"post","2":"type-post","3":"status-publish","4":"format-standard","5":"has-post-thumbnail","7":"category-paris","8":"tag-actu","9":"tag-actu-paris","10":"tag-actualites","11":"tag-actualites-paris","12":"tag-eu","13":"tag-europe","14":"tag-fr","15":"tag-france","16":"tag-news","17":"tag-news-paris","18":"tag-paris","19":"tag-paris-news","20":"tag-republique-francaise"},"share_on_mastodon":{"url":"https:\/\/pubeurope.com\/@fr\/115643411248571399","error":""},"_links":{"self":[{"href":"https:\/\/www.europesays.com\/fr\/wp-json\/wp\/v2\/posts\/570556","targetHints":{"allow":["GET"]}}],"collection":[{"href":"https:\/\/www.europesays.com\/fr\/wp-json\/wp\/v2\/posts"}],"about":[{"href":"https:\/\/www.europesays.com\/fr\/wp-json\/wp\/v2\/types\/post"}],"author":[{"embeddable":true,"href":"https:\/\/www.europesays.com\/fr\/wp-json\/wp\/v2\/users\/2"}],"replies":[{"embeddable":true,"href":"https:\/\/www.europesays.com\/fr\/wp-json\/wp\/v2\/comments?post=570556"}],"version-history":[{"count":0,"href":"https:\/\/www.europesays.com\/fr\/wp-json\/wp\/v2\/posts\/570556\/revisions"}],"wp:featuredmedia":[{"embeddable":true,"href":"https:\/\/www.europesays.com\/fr\/wp-json\/wp\/v2\/media\/570557"}],"wp:attachment":[{"href":"https:\/\/www.europesays.com\/fr\/wp-json\/wp\/v2\/media?parent=570556"}],"wp:term":[{"taxonomy":"category","embeddable":true,"href":"https:\/\/www.europesays.com\/fr\/wp-json\/wp\/v2\/categories?post=570556"},{"taxonomy":"post_tag","embeddable":true,"href":"https:\/\/www.europesays.com\/fr\/wp-json\/wp\/v2\/tags?post=570556"}],"curies":[{"name":"wp","href":"https:\/\/api.w.org\/{rel}","templated":true}]}}