{"id":570562,"date":"2025-12-01T08:44:16","date_gmt":"2025-12-01T08:44:16","guid":{"rendered":"https:\/\/www.europesays.com\/fr\/570562\/"},"modified":"2025-12-01T08:44:16","modified_gmt":"2025-12-01T08:44:16","slug":"que-faire-du-lundi-1-decembre-au-dimanche-7-decembre-2025","status":"publish","type":"post","link":"https:\/\/www.europesays.com\/fr\/570562\/","title":{"rendered":"que faire du lundi 1 d\u00e9cembre au dimanche 7 d\u00e9cembre 2025 ?"},"content":{"rendered":"<p> Que vous soyez amateur d&rsquo;art, passionn\u00e9 de musique ou cin\u00e9phile, la capitale fran\u00e7aise vous propose une multitude d&rsquo;activit\u00e9s pour satisfaire toutes vos envies. Voici quelques id\u00e9es sorties \u00e0 ne pas manquer cette semaine<\/p>\n<p>Exposition collectivre<img decoding=\"async\" alt=\"Infolocale\" class=\"c-img\" loading=\"lazy\" fetchpriority=\"auto\" width=\"718\"  src=\"https:\/\/img.20mn.fr\/-fKRBWAYTjK3HL7sQDHXYyk\/718x0\" \/>Infolocale\u2002-\u00a0Galerie Beaut\u00e9 du Matin Calme<\/p>\n<p>Le 1er d\u00e9cembre, la Galerie Beaut\u00e9 du Matin Calme vous invite \u00e0 d\u00e9couvrir une exposition collective mettant en avant le travail de quatre artistes talentueux : Danielle Grivet, Fran\u00e7ois Veillet, Stephanie Bardy et Jean-Marc Dupire. Le vernissage, qui se tiendra de 18 h \u00e0 21 h, sera l&rsquo;occasion d&rsquo;\u00e9changer avec les artistes et d&rsquo;appr\u00e9cier leurs \u0153uvres contemporaines dans un cadre convivial. Situ\u00e9e dans le 15e arrondissement, cette galerie est un lieu incontournable pour les amateurs d&rsquo;art.<\/p>\n<p>Exposition collective<img decoding=\"async\" alt=\"Infolocale\" class=\"c-img\" loading=\"lazy\" fetchpriority=\"auto\" width=\"718\"  src=\"https:\/\/img.20mn.fr\/E67o8Xv_QIez4AO7DBzRvik\/718x0\" \/>Infolocale\u2002-\u00a0Galerie Beaut\u00e9 du Matin Calme<\/p>\n<p>Toujours le 1er d\u00e9cembre, ne manquez pas l&rsquo;exposition collective d&rsquo;un autre groupe d&rsquo;artistes, dont Laurent Buraud, Alexandra Berthouzoz, Mercedes Livera et Glo. Le vernissage, \u00e9galement pr\u00e9vu de 18 h \u00e0 21 h, promet d&rsquo;\u00eatre un moment fort pour les passionn\u00e9s d&rsquo;art contemporain. Cette exposition se d\u00e9roulera au Village Suisse, un lieu embl\u00e9matique du 15e arrondissement, connu pour sa diversit\u00e9 artistique.<\/p>\n<p>La Pi\u00e8ce aux 100 florins de Rembrandt : Un tr\u00e9sor inestimable<img decoding=\"async\" alt=\"La Pi\u00e8ce aux 100 florins de Rembrandt : Un tr\u00e9sor inestimable\" class=\"c-img\" loading=\"lazy\" fetchpriority=\"auto\" width=\"718\"  src=\"https:\/\/img.20mn.fr\/NVhXmf4kR7Cco8c95iTZAik\/718x0\" \/>La Pi\u00e8ce aux 100 florins de Rembrandt : Un tr\u00e9sor inestimable\u2002-\u00a0Coll\u00e8ge des Bernardins<\/p>\n<p>Pour les amateurs d&rsquo;art et de culture, le m\u00eame jour, une pause-d\u00e9jeuner artistique vous attend avec la pr\u00e9sentation de la peinture \u00ab\u00a0La Pi\u00e8ce aux 100 florins de Rembrandt\u00a0\u00bb par M\u00e9lina de Courcy. \u00c0 partir de 12 h 45, cette rencontre se d\u00e9roulera dans le quartier latin, offrant une belle opportunit\u00e9 de d\u00e9couvrir l&rsquo;\u0153uvre d&rsquo;un ma\u00eetre tout en profitant d&rsquo;un moment de convivialit\u00e9. C&rsquo;est une excellente mani\u00e8re de combiner culture et gastronomie.<\/p>\n<p>Sudan Archives<img decoding=\"async\" alt=\"Sudan Archives\" class=\"c-img\" loading=\"lazy\" fetchpriority=\"auto\" width=\"718\"  src=\"https:\/\/img.20mn.fr\/6YIObO8XQFqFXutyJ6EZCCk\/718x0\" \/>Sudan Archives\u2002-\u00a0Fnac Spectacles<\/p>\n<p>Le 1er d\u00e9cembre, la sc\u00e8ne musicale parisienne sera \u00e9galement \u00e0 l&rsquo;honneur avec le concert de Sudan Archives, une artiste qui fusionne reggae et sonorit\u00e9s modernes. Pr\u00e9parez-vous \u00e0 vivre une exp\u00e9rience musicale unique \u00e0 partir de 18 h 30 au 80, boulevard Rochechouart. Avec des th\u00e8mes vari\u00e9s allant de l&rsquo;amour de soi \u00e0 la technologie, ce concert promet d&rsquo;\u00eatre \u00e0 la fois festif et introspectif, id\u00e9al pour les amateurs de musique engag\u00e9e.<\/p>\n<p>Cin\u00e9-club Loyola 2025 sur la Chine<img decoding=\"async\" alt=\"Les chinois et moi\" class=\"c-img\" loading=\"lazy\" fetchpriority=\"auto\" width=\"718\"  src=\"https:\/\/img.20mn.fr\/HVMQRJwHSm2h6WhN_xjczyk\/718x0\" \/>Les chinois et moi\u2002-\u00a0Ecrans des Mondes<\/p>\n<p>Le 3 d\u00e9cembre, le Cin\u00e9-club Loyola vous propose une projection du film \u00ab\u00a0Les Chinois et moi\u00a0\u00bb de Renaud Cohen, suivie d&rsquo;un d\u00e9bat en pr\u00e9sence du r\u00e9alisateur. Cette s\u00e9ance, qui d\u00e9butera \u00e0 19 h, se d\u00e9roulera au 35 bis, rue de S\u00e8vres, et est une belle occasion de s&rsquo;immerger dans le cin\u00e9ma contemporain tout en \u00e9changeant sur des th\u00e9matiques culturelles. Le prix d&rsquo;entr\u00e9e est abordable, ce qui en fait une sortie id\u00e9ale pour les cin\u00e9philes.<\/p>\n<p>Paris regorge d&rsquo;activit\u00e9s et d&rsquo;\u00e9v\u00e9nements vari\u00e9s, allant des concerts aux expositions en passant par le th\u00e9\u00e2tre et le cin\u00e9ma. Cette semaine, il y a de nombreuses occasions de d\u00e9couvrir et de profiter de la richesse culturelle du d\u00e9partement, avec des sorties pour tous les go\u00fbts.<\/p>\n","protected":false},"excerpt":{"rendered":"Que vous soyez amateur d&rsquo;art, passionn\u00e9 de musique ou cin\u00e9phile, la capitale fran\u00e7aise vous propose une multitude d&rsquo;activit\u00e9s&hellip;\n","protected":false},"author":2,"featured_media":570563,"comment_status":"","ping_status":"","sticky":false,"template":"","format":"standard","meta":{"footnotes":""},"categories":[1888],"tags":[11,1777,674,1011,27,662,1393,12,626,25],"class_list":{"0":"post-570562","1":"post","2":"type-post","3":"status-publish","4":"format-standard","5":"has-post-thumbnail","7":"category-paris","8":"tag-actualites","9":"tag-eu","10":"tag-europe","11":"tag-fr","12":"tag-france","13":"tag-ile-de-france","14":"tag-loisirs","15":"tag-news","16":"tag-paris","17":"tag-republique-francaise"},"share_on_mastodon":{"url":"https:\/\/pubeurope.com\/@fr\/115643435327123405","error":""},"_links":{"self":[{"href":"https:\/\/www.europesays.com\/fr\/wp-json\/wp\/v2\/posts\/570562","targetHints":{"allow":["GET"]}}],"collection":[{"href":"https:\/\/www.europesays.com\/fr\/wp-json\/wp\/v2\/posts"}],"about":[{"href":"https:\/\/www.europesays.com\/fr\/wp-json\/wp\/v2\/types\/post"}],"author":[{"embeddable":true,"href":"https:\/\/www.europesays.com\/fr\/wp-json\/wp\/v2\/users\/2"}],"replies":[{"embeddable":true,"href":"https:\/\/www.europesays.com\/fr\/wp-json\/wp\/v2\/comments?post=570562"}],"version-history":[{"count":0,"href":"https:\/\/www.europesays.com\/fr\/wp-json\/wp\/v2\/posts\/570562\/revisions"}],"wp:featuredmedia":[{"embeddable":true,"href":"https:\/\/www.europesays.com\/fr\/wp-json\/wp\/v2\/media\/570563"}],"wp:attachment":[{"href":"https:\/\/www.europesays.com\/fr\/wp-json\/wp\/v2\/media?parent=570562"}],"wp:term":[{"taxonomy":"category","embeddable":true,"href":"https:\/\/www.europesays.com\/fr\/wp-json\/wp\/v2\/categories?post=570562"},{"taxonomy":"post_tag","embeddable":true,"href":"https:\/\/www.europesays.com\/fr\/wp-json\/wp\/v2\/tags?post=570562"}],"curies":[{"name":"wp","href":"https:\/\/api.w.org\/{rel}","templated":true}]}}