{"id":570572,"date":"2025-12-01T08:50:16","date_gmt":"2025-12-01T08:50:16","guid":{"rendered":"https:\/\/www.europesays.com\/fr\/570572\/"},"modified":"2025-12-01T08:50:16","modified_gmt":"2025-12-01T08:50:16","slug":"a-la-une-a-quand-le-reveil-de-leurope-sur-lukraine","status":"publish","type":"post","link":"https:\/\/www.europesays.com\/fr\/570572\/","title":{"rendered":"\u00c0 la Une: \u00e0 quand le r\u00e9veil de l\u2019Europe sur l\u2019Ukraine?"},"content":{"rendered":"<p>Les grandes man\u0153uvres diplomatiques se poursuivent autour du plan de paix pour l\u2019Ukraine. Les d\u00e9l\u00e9gations am\u00e9ricaines et ukrainiennes se sont rencontr\u00e9es ce dimanche, en Floride. Ce lundi, l\u2019envoy\u00e9 sp\u00e9cial de Donald Trump, Steve Witkoff, critiqu\u00e9 pour sa proximit\u00e9 avec les Russes, doit pr\u00e9senter \u00e0 Vladimir Poutine un texte amend\u00e9. Texte qui sera tr\u00e8s certainement rejet\u00e9 par le ma\u00eetre du Kremlin.<\/p>\n<p>Et pendant ce temps, que fait l\u2019Europe\u00a0? Elle marche sur des \u0153ufs. C\u2019est ce que souligne <strong><a href=\"https:\/\/www.lemonde.fr\/international\/article\/2025\/12\/01\/l-ebauche-incertaine-d-un-plan-de-paix-met-l-ukraine-face-a-une-equation-compliquee_6655504_3210.html\" target=\"_blank\" rel=\"nofollow noopener\">le Monde<\/a><\/strong> \u00e0 Paris\u00a0: \u00ab\u00a0le devoir diplomatique des Europ\u00e9ens consiste \u00e0 ne pas provoquer de rupture transatlantique, mais \u00e0 tout faire pour tirer l\u2019administration am\u00e9ricaine par la manche, afin de la ramener vers des positions plus favorables \u00e0 la victime de l\u2019agression russe.\u00a0\u00bb<\/p>\n<p> Les bras ballants <\/p>\n<p>Reste que les Europ\u00e9ens sont \u00ab\u00a0marginalis\u00e9s\u00a0\u00bb, d\u00e9plore <strong><a href=\"https:\/\/www.lefigaro.fr\/international\/donald-trump-est-le-maitre-des-horloges-et-vladimir-poutine-le-maitre-du-feu-les-europeens-marginalises-sur-le-dossier-ukrainien-20251130\" target=\"_blank\" rel=\"nofollow noopener\">le Figaro<\/a><\/strong>. \u00ab\u00a0Donald Trump est le ma\u00eetre des horloges et Vladimir Poutine est le ma\u00eetre du feu,\u00a0r\u00e9sume un diplomate europ\u00e9en. (\u2026) Face \u00e0 la nouvelle machine de guerre am\u00e9ricano-russe, l\u2019Europe reste les bras ballants. Apr\u00e8s quatre ans de promesses non tenues vis-\u00e0-vis de Kiev, de lenteurs dans les livraisons d\u2019armes, de frilosit\u00e9 et de mots en l\u2019air, elle continue \u00e0 h\u00e9siter et \u00e0 se diviser, elle qui n\u2019a jamais donn\u00e9 aux Ukrainiens les moyens de gagner la guerre.\u00a0\u00bb<\/p>\n<p>Et le Figaro\u00a0s\u2019interroge\u00a0: \u00ab\u00a0les Europ\u00e9ens consentiront-ils l\u2019effort n\u00e9cessaire, y compris en s\u2019opposant aux Am\u00e9ricains, pour \u00e9viter que les Ukrainiens ne soient accul\u00e9s \u00e0 une paix injuste qui r\u00e9compense l\u2019agresseur\u00a0?\u00a0\u00bb<\/p>\n<p><strong><a href=\"https:\/\/www.lesoir.be\/713884\/article\/2025-11-29\/la-commission-de-limpuissance-et-des-renoncements-europeens\" target=\"_blank\" rel=\"nofollow noopener\">Le Soir<\/a><\/strong> \u00e0 Bruxelles ne prend pas de gants pour fustiger les atermoiements europ\u00e9ens\u00a0: \u00ab\u00a0ridiculis\u00e9s par les \u00c9tats-Unis de Trump, ignor\u00e9s par la Russie de Poutine, les dirigeants europ\u00e9ens, \u00e0 tous les \u00e9tages de l\u2019\u00e9difice, sont devenus un bouchon dans l\u2019oc\u00e9an du monde. Ils sont incapables de tenir leurs promesses \u00e0 Zelensky et au peuple ukrainien et potentiellement, d\u2019emp\u00eacher Poutine de poursuivre sa conqu\u00eate, une fois la capitulation de l\u2019Ukraine engrang\u00e9e. Le Vieux Continent n\u2019a en fait jamais aussi bien m\u00e9rit\u00e9 son nom.\u00a0(\u2026) Son futur\u00a0?, s\u2019interroge Le Soir. \u00a0Dict\u00e9 de l\u2019ext\u00e9rieur par l\u2019ogre chinois, le diable am\u00e9ricain et le dictateur russe. Son pr\u00e9sent\u00a0? Min\u00e9 de l\u2019int\u00e9rieur par les sondages qui font de Bardella et de l\u2019AfD, les prochains ma\u00eetres de la France et de l\u2019Allemagne et les futurs alli\u00e9s du couple Meloni-Orban.\u00a0Comment arr\u00eater cette descente aux enfers\u00a0? La r\u00e9ponse, urgente, fait aujourd\u2019hui totalement d\u00e9faut.\u00a0\u00bb<\/p>\n<p> Des financements et des armes <\/p>\n<p>Pour le <strong><a href=\"https:\/\/www.theguardian.com\/commentisfree\/2025\/nov\/28\/the-guardian-view-on-ukraine-peace-talks-putin-is-taking-trump-for-another-ride-on-the-kremlin-carousel\" target=\"_blank\" rel=\"nofollow noopener\">Guardian<\/a><\/strong> \u00e0 Londres, l\u2019Europe doit imp\u00e9rativement faire plus et mieux. \u00ab\u00a0Apr\u00e8s quatre ann\u00e9es de r\u00e9sistance, de sacrifices et de souffrances, l\u2019Ukraine ne doit pas c\u00e9der \u00e0 un d\u00e9membrement cynique qui la rendrait durablement vuln\u00e9rable \u00e0 l\u2019agression russe, mettrait en p\u00e9ril la s\u00e9curit\u00e9 future de l\u2019Europe et inspirerait des r\u00e9gimes autoritaires \u00e0 travers le monde. Il incombe \u00e0 l\u2019Europe, affirme le quotidien britannique, d\u2019emp\u00eacher une telle situation. (\u2026) En s\u2019engageant \u00e0 fournir \u00e0 Kiev les ressources financi\u00e8res et militaires n\u00e9cessaires pour r\u00e9sister \u00e0 moyen terme, les dirigeants europ\u00e9ens peuvent commencer \u00e0 infl\u00e9chir la dynamique des n\u00e9gociations actuelles. Que cette aide prenne la forme d\u2019un \u201cpr\u00eat de r\u00e9paration\u201c\u00a0garanti\u00a0par des avoirs russes gel\u00e9s, d\u2019un financement du budget de l\u2019UE ou d\u2019un emprunt commun des \u00c9tats membres, il est urgent de trancher apr\u00e8s des mois d\u2019atermoiements. Il faut adresser un message clair \u00e0 MM. Poutine et Trump, conclut le Guardian : l\u2019Europe d\u00e9fendra r\u00e9solument le droit de l\u2019Ukraine \u00e0 une paix juste.\u00a0\u00bb<\/p>\n<p> R\u00e9former les m\u00e9canismes de d\u00e9cision <\/p>\n<p><strong><a href=\"https:\/\/elpais.com\/opinion\/2025-11-30\/la-hora-de-europa.html\" target=\"_blank\" rel=\"nofollow noopener\">El Pais<\/a><\/strong> \u00e0 Madrid rench\u00e9rit\u00a0:\u00a0\u00ab Plus personne ne peut feindre l\u2019ignorance. La derni\u00e8re initiative de Trump concernant l\u2019Ukraine a servi d\u2019\u00e9lectrochoc. L\u2019UE doit agir selon son propre plan. Et avec toute la c\u00e9l\u00e9rit\u00e9 que permet la lenteur l\u00e9gendaire de Bruxelles, car il lui reste encore \u00e0 d\u00e9battre de la r\u00e9forme de ses m\u00e9canismes de d\u00e9cision entre ses 27 \u00c9tats membres. La majorit\u00e9 ne peut se laisser syst\u00e9matiquement paralyser par le boycott de gouvernements illib\u00e9raux qui, d\u00e9nonce El Pais,\u00a0\u00e0 l\u2019instar de celui d\u2019Orban, si\u00e8gent un jour au Conseil et le lendemain au Kremlin. (\u2026) Plus que des initiatives isol\u00e9es,\u00a0l\u2019Europe a besoin de plans et d\u2019actions coordonn\u00e9es.\u00a0Ce n\u2019est qu\u2019ainsi qu\u2019elle pourra contrer l\u2019expansionnisme de Poutine et faire comprendre \u00e0 Trump qu\u2019elle n\u2019est pas un pion passif \u00e0 la table des n\u00e9gociations.\u00a0\u00bb<\/p>\n","protected":false},"excerpt":{"rendered":"Les grandes man\u0153uvres diplomatiques se poursuivent autour du plan de paix pour l\u2019Ukraine. Les d\u00e9l\u00e9gations am\u00e9ricaines et ukrainiennes&hellip;\n","protected":false},"author":2,"featured_media":570573,"comment_status":"","ping_status":"","sticky":false,"template":"","format":"standard","meta":{"footnotes":""},"categories":[1586],"tags":[11,75,73,1777,674,1011,27,9042,74,12,25,13125,38163,132,220,364,135],"class_list":{"0":"post-570572","1":"post","2":"type-post","3":"status-publish","4":"format-standard","5":"has-post-thumbnail","7":"category-europe","8":"tag-actualites","9":"tag-donald-trump","10":"tag-etats-unis","11":"tag-eu","12":"tag-europe","13":"tag-fr","14":"tag-france","15":"tag-la-guerre-en-ukraine-au-jour-le-jour","16":"tag-monde","17":"tag-news","18":"tag-republique-francaise","19":"tag-revue-de-presse","20":"tag-revue-de-presse-internationale","21":"tag-russie","22":"tag-ukraine","23":"tag-union-europeenne","24":"tag-vladimir-poutine"},"share_on_mastodon":{"url":"https:\/\/pubeurope.com\/@fr\/115643457417815848","error":""},"_links":{"self":[{"href":"https:\/\/www.europesays.com\/fr\/wp-json\/wp\/v2\/posts\/570572","targetHints":{"allow":["GET"]}}],"collection":[{"href":"https:\/\/www.europesays.com\/fr\/wp-json\/wp\/v2\/posts"}],"about":[{"href":"https:\/\/www.europesays.com\/fr\/wp-json\/wp\/v2\/types\/post"}],"author":[{"embeddable":true,"href":"https:\/\/www.europesays.com\/fr\/wp-json\/wp\/v2\/users\/2"}],"replies":[{"embeddable":true,"href":"https:\/\/www.europesays.com\/fr\/wp-json\/wp\/v2\/comments?post=570572"}],"version-history":[{"count":0,"href":"https:\/\/www.europesays.com\/fr\/wp-json\/wp\/v2\/posts\/570572\/revisions"}],"wp:featuredmedia":[{"embeddable":true,"href":"https:\/\/www.europesays.com\/fr\/wp-json\/wp\/v2\/media\/570573"}],"wp:attachment":[{"href":"https:\/\/www.europesays.com\/fr\/wp-json\/wp\/v2\/media?parent=570572"}],"wp:term":[{"taxonomy":"category","embeddable":true,"href":"https:\/\/www.europesays.com\/fr\/wp-json\/wp\/v2\/categories?post=570572"},{"taxonomy":"post_tag","embeddable":true,"href":"https:\/\/www.europesays.com\/fr\/wp-json\/wp\/v2\/tags?post=570572"}],"curies":[{"name":"wp","href":"https:\/\/api.w.org\/{rel}","templated":true}]}}