{"id":570574,"date":"2025-12-01T08:52:19","date_gmt":"2025-12-01T08:52:19","guid":{"rendered":"https:\/\/www.europesays.com\/fr\/570574\/"},"modified":"2025-12-01T08:52:19","modified_gmt":"2025-12-01T08:52:19","slug":"services-de-paiement-vers-un-renforcement-de-la-lutte-anti-fraude-et-de-la-transparence-des-frais-dans-lue","status":"publish","type":"post","link":"https:\/\/www.europesays.com\/fr\/570574\/","title":{"rendered":"Services de paiement : Vers un renforcement de la lutte anti-fraude et de la transparence des frais dans l\u2019UE"},"content":{"rendered":"<p>Les prestataires de services de paiement sont sous pression. Le Conseil et le Parlement europ\u00e9ens ont trouv\u00e9 un accord politique provisoire, le 27 novembre, pour renforcer les l\u00e9gislations de l\u2019Union europ\u00e9enne en mati\u00e8re de services de paiement. Objectif : accro\u00eetre la lutte anti-fraude et la transparence des frais de transaction en renfor\u00e7ant les obligations pesant [\u2026]<\/p>\n","protected":false},"excerpt":{"rendered":"Les prestataires de services de paiement sont sous pression. Le Conseil et le Parlement europ\u00e9ens ont trouv\u00e9 un&hellip;\n","protected":false},"author":2,"featured_media":570575,"comment_status":"","ping_status":"","sticky":false,"template":"","format":"standard","meta":{"footnotes":""},"categories":[1586],"tags":[11,68583,1777,674,1779,1011,27,68584,12,68585,25,68586,1778,364],"class_list":{"0":"post-570574","1":"post","2":"type-post","3":"status-publish","4":"format-standard","5":"has-post-thumbnail","7":"category-europe","8":"tag-actualites","9":"tag-directive-dsp2","10":"tag-eu","11":"tag-europe","12":"tag-european-union","13":"tag-fr","14":"tag-france","15":"tag-lutte-anti-fraude","16":"tag-news","17":"tag-regles-europeenne","18":"tag-republique-francaise","19":"tag-services-de-paiement","20":"tag-ue","21":"tag-union-europeenne"},"share_on_mastodon":{"url":"https:\/\/pubeurope.com\/@fr\/115643465242704699","error":""},"_links":{"self":[{"href":"https:\/\/www.europesays.com\/fr\/wp-json\/wp\/v2\/posts\/570574","targetHints":{"allow":["GET"]}}],"collection":[{"href":"https:\/\/www.europesays.com\/fr\/wp-json\/wp\/v2\/posts"}],"about":[{"href":"https:\/\/www.europesays.com\/fr\/wp-json\/wp\/v2\/types\/post"}],"author":[{"embeddable":true,"href":"https:\/\/www.europesays.com\/fr\/wp-json\/wp\/v2\/users\/2"}],"replies":[{"embeddable":true,"href":"https:\/\/www.europesays.com\/fr\/wp-json\/wp\/v2\/comments?post=570574"}],"version-history":[{"count":0,"href":"https:\/\/www.europesays.com\/fr\/wp-json\/wp\/v2\/posts\/570574\/revisions"}],"wp:featuredmedia":[{"embeddable":true,"href":"https:\/\/www.europesays.com\/fr\/wp-json\/wp\/v2\/media\/570575"}],"wp:attachment":[{"href":"https:\/\/www.europesays.com\/fr\/wp-json\/wp\/v2\/media?parent=570574"}],"wp:term":[{"taxonomy":"category","embeddable":true,"href":"https:\/\/www.europesays.com\/fr\/wp-json\/wp\/v2\/categories?post=570574"},{"taxonomy":"post_tag","embeddable":true,"href":"https:\/\/www.europesays.com\/fr\/wp-json\/wp\/v2\/tags?post=570574"}],"curies":[{"name":"wp","href":"https:\/\/api.w.org\/{rel}","templated":true}]}}