{"id":570588,"date":"2025-12-01T09:04:16","date_gmt":"2025-12-01T09:04:16","guid":{"rendered":"https:\/\/www.europesays.com\/fr\/570588\/"},"modified":"2025-12-01T09:04:16","modified_gmt":"2025-12-01T09:04:16","slug":"je-me-suis-retrouve-au-milieu-des-elephants-ce-coureur-professionnel-breton-sest-offert-un-tour-de-thailande-epique-pendant-lintersaison","status":"publish","type":"post","link":"https:\/\/www.europesays.com\/fr\/570588\/","title":{"rendered":"\u00ab\u00a0Je me suis retrouv\u00e9 au milieu des \u00e9l\u00e9phants\u2026\u00a0\u00bb\u00a0: ce coureur professionnel breton s\u2019est offert un tour de Tha\u00eflande \u00e9pique pendant l\u2019intersaison"},"content":{"rendered":"<p>\u00a0L\u2019intersaison sans v\u00e9lo, ce n\u2019est pas pour vous\u2026<\/p>\n<p>En fait, je suis parti un mois en Tha\u00eflande, du 26 octobre au 25 novembre. J\u2018ai d\u2019abord pass\u00e9 huit jours sans v\u00e9lo, avec Axel (Laurance) et Eddy (Le Huitouze). J\u2019avais termin\u00e9 ma saison sur le Tour de Hollande, le 19 octobre, \u00e7a faisait du bien d\u2019\u00eatre avec les copains, de ne pas penser au v\u00e9lo. Bon, il m\u2019a vite manqu\u00e9\u2026 Pendant une vingtaine de jours, j\u2019ai ensuite repris par du bikepacking. Seul pendant cinq \u00e9tapes puis avec un copain (Charly Martin) qui m\u2019a rejoint dans le nord de la Tha\u00eflande (\u00e0 Chiang Mai) pendant les treize autres. On a travers\u00e9 le pays jusqu\u2019\u00e0 Bangkok. On a savour\u00e9 le moment pr\u00e9sent. On a kiff\u00e9.<\/p>\n<p>Pourquoi avoir choisi la Tha\u00eflande ?<\/p>\n<p>L\u2019Asie me faisait envie et avec ses belles routes et ses beaux chemins. La Tha\u00eflande repr\u00e9sentait un bon compromis avec la s\u00e9curit\u00e9, sa qualit\u00e9 d\u2019h\u00e9bergement, de nourriture, sa nature verdoyante, son climat. <a href=\"https:\/\/www.letelegramme.fr\/sports\/cyclisme\/2-300-km-avec-un-velo-de-27-kg-laventure-de-ce-cycliste-professionnel-breton-pendant-ses-vacances-6712250.php\" target=\"_blank\" rel=\"noopener\">L\u2019an dernier, aux USA,<\/a> sur un rayon de 200 kilom\u00e8tres, il n\u2019y avait pas une seule maison. En Tha\u00eflande, ce n\u2019\u00e9tait pas le cas. Il y avait toujours un petit village, un agriculteur qui a des rizi\u00e8res etc.<\/p>\n<p>Partir \u00e0 l\u2019aventure pendant l\u2019intersaison, c\u2019est vraiment votre truc\u2026<\/p>\n<p>Mon v\u00e9lo, j\u2019arrive \u00e0 lui mettre plusieurs casquettes\u2026 Et \u00e7a, c\u2019est vraiment une facette du v\u00e9lo que j\u2019adore. Partir \u00e0 la d\u00e9couverte de contr\u00e9es lointaines, de nouveaux paysages, des gens, des sentiers\u2026 Quand tu es sur ton v\u00e9lo, tu ressens des choses que tu ne peux pas ressentir en voiture. Je ne me souviens \u00e9videmment pas de toutes les routes que j\u2019ai emprunt\u00e9es mais j\u2019ai le souvenir de ce petit l\u00e9zard ou de ce temple cach\u00e9 derri\u00e8re la montagne. Il n\u2019y a que sur le v\u00e9lo que l\u2019on peut ressentir cela. J\u2019adore cette d\u00e9connexion. Je ne touchais pas au t\u00e9l\u00e9phone de la journ\u00e9e. A cette p\u00e9riode de l\u2019ann\u00e9e, nos entra\u00eeneurs nous laissent aussi un peu tranquille. Mon pote, mon v\u00e9lo et moi\u2026 Le bonheur !<\/p>\n<p>Comment se d\u00e9roulaient vos journ\u00e9es ?<\/p>\n<p>On planifiait nos villes-\u00e9tapes en prenant des renseignements sur internet ou en discutant avec les gens du coin. Avec les obligations de localisation anti-dopage (ADAMS), je devais planifier deux jours \u00e0 l\u2019avance et donner un cr\u00e9neau o\u00f9 j\u2019\u00e9tais localisable. On a fait 2 300 kilom\u00e8tres en vingt jours, on faisait entre 130 et 190 kilom\u00e8tres. Cela nous faisait entre cinq et huit heures de v\u00e9lo. On se faisait masser tous les jours, les massages tha\u00efs, six-sept euros de l\u2019heure. On dormait ensuite chez l\u2019habitant ou dans des h\u00f4tels qui, en Tha\u00eflande, restent tr\u00e8s accessibles.<\/p>\n<p><img decoding=\"async\" src=\"https:\/\/www.europesays.com\/fr\/wp-content\/uploads\/2025\/12\/692d382e8a191a168704e362.1.jpeg\" width=\"480\" height=\"300\" class=\"web_golden_m\" loading=\"lazy\" alt=\"\u00ab\u00a0Je me suis retrouv\u00e9 au milieu des \u00e9l\u00e9phants\u2026\u00a0\u00bb\u00a0: ce coureur professionnel breton s\u2019est offert un tour de Tha\u00eflande \u00e9pique pendant l\u2019intersaison\"\/> (Photo DR)Vous aviez un v\u00e9lo sp\u00e9cial ?<\/p>\n<p>Non, non, juste mon gravel. Avec toutes mes sacoches. Il pesait 30 kilos parce que je prenais le mat\u00e9riel de mon pote qui n\u2019a pas la m\u00eame condition physique que moi. Son v\u00e9lo pesait 14 kilos. Dans mes sacoches, j\u2019avais toute la partie m\u00e9canique, un drone\u2026 Comme \u00e7a, c\u2019\u00e9tait plus dur pour moi et j\u2019aimais \u00e7a. Mon pote vous dira que je lui ai fait mal aux crayons. Ah, \u00e7a, dans les bosses, je ne restais pas plant\u00e9.<\/p>\n<p>Vous est-il arriv\u00e9 des moments impr\u00e9vus ?<\/p>\n<p>Forc\u00e9ment\u2026 Je me souviens d\u2019une journ\u00e9e o\u00f9 l\u2019on pensait prendre un raccourci pour \u00e9viter un \u00e9boulement. Manque de pot, on s\u2019est retrouv\u00e9 \u00e0 traverser une rivi\u00e8re et, sans rire, on a travers\u00e9 son lit une quarantaine de fois ! On a pass\u00e9 deux heures dans ce bourbier. On avait de l\u2019eau jusqu\u2019au nombril, on portait nos v\u00e9los\u2026 C\u2019\u00e9tait assez \u00e9pique. Cela nous est \u00e9galement arriv\u00e9 de nous retrouver \u00e0 p\u00e9daler aux c\u00f4tes d\u2019\u00e9l\u00e9phants et plein de singes. Dans les villages travers\u00e9s, les locaux nous proposaient souvent de nous accrocher \u00e0 leur voiture. Je me souviens aussi de ce chemin compl\u00e8tement paum\u00e9, on ne savait plus trop o\u00f9 on \u00e9tait et on s\u2019est retrouv\u00e9 devant un temple magnifique. Ah, il y a aussi ces deux travers\u00e9es de Bangkok\u2026<\/p>\n<p>Racontez-nous\u2026<\/p>\n<p>Avec nos v\u00e9los, on \u00e9tait au milieu d\u2019un trafic de fou ! Les gens se demandaient ce que l\u2019on faisait l\u00e0. C\u2019\u00e9tait assez marrant\u2026 Mais le top du top, c\u2019est cette petite musique dans les \u00e9couteurs dans les oreilles, cette belle montagne en fond, ces routes bord\u00e9es de magnifiques palmiers, cette atmosph\u00e8re humide, ce coucher de soleil. C\u2019est la meilleure sensation que tu peux avoir sur un v\u00e9lo. Tu te laisses juste porter\u2026 Tu termines ta journ\u00e9e de v\u00e9lo, tu as vu des temples, tu as crois\u00e9 des locaux, tu as mang\u00e9 de la \u00ab street food \u00bb, la nourriture qu\u2019ils cuisent sur le pot d\u2019\u00e9chappement.<\/p>\n<p>Qu\u2019est-ce qui vous a marqu\u00e9 le plus par rapport \u00e0 votre pr\u00e9c\u00e9dent road-trip ?<\/p>\n<p>Aux \u00c9tats-Unis, tout est grand, tout est fort, tout est puissant. En Tha\u00eflande, j\u2019ai vraiment d\u00e9couvert autre chose. Des gens hyper respectueux, qui vivent leur vie sans emb\u00eater personne. L\u00e0-bas, j\u2019ai \u00e9t\u00e9 fascin\u00e9 par cette paix int\u00e9rieure. L\u00e0-bas, Je n\u2019ai jamais ressenti aucun stress, aucune agression, m\u00eame dans une ville comme Bangkok, malgr\u00e9 ses millions d\u2019habitants. L\u00e0-bas dans les rues, les gens ne couraient pas dans tous les sens. J\u2019ai \u00e9norm\u00e9ment appr\u00e9ci\u00e9 cette s\u00e9r\u00e9nit\u00e9, cette fa\u00e7on de vivre.<\/p>\n<p>2 300 kilom\u00e8tres de v\u00e9lo pendant l\u2019intersaison, ce n\u2019est pas une v\u00e9ritable coupure\u2026<\/p>\n<p>J\u2019adore le v\u00e9lo, je ne peux pas m\u2019en passer\u2026 Cette ann\u00e9e, j\u2019ai r\u00e9ussi \u00e0 faire huit-neuf jours sans v\u00e9lo, les pr\u00e9c\u00e9dentes inter-saisons, je n\u2019y arrivais pas. Certains me disent qu\u2019il faudrait que je coupe, que \u00e7a me ferait du bien mentalement. Je pense juste qu\u2019ils n\u2019ont pas la m\u00eame vision que moi. J\u2019aime la comp\u00e9tition mais je n\u2019aime pas que \u00e7a. Et puis je suis quelqu\u2019un qui d\u00e9teste s\u2019ennuyer ou perdre du temps. Apr\u00e8s plusieurs heures de v\u00e9lo, je ne pouvais pas rester dans ma chambre le soir : je sortais me promener, parler aux gens, d\u00e9couvrir. Pour moi, la vie, c\u2019est \u00e7a ! Je kiffe, je kiffe. Quand je suis en mode aventure, mon cerveau \u00ab swipe \u00bb facilement.<\/p>\n<p>Pendant votre p\u00e9riple, vous avez continu\u00e9 de rouler sous les couleurs de votre \u00e9quipe professionnelle\u2026<\/p>\n<p>Oui, mon \u00e9quipe m\u2019a donn\u00e9 son accord. Je lui fais un peu de visibilit\u00e9 comme \u00e7a. C\u2019est d\u2019ailleurs marrant : un Polonais m\u2019a reconnu gr\u00e2ce \u00e0 ce maillot. Il a vu que j\u2019avais plus ou moins l\u2019allure d\u2019un coureur professionnel, il est venu me voir, il faisait du v\u00e9lo en amateur. On est all\u00e9 boire un coup ensemble.<\/p>\n<p>D\u00e8s votre retour en Bretagne, vous n\u2019avez pas pu vous emp\u00eacher de repartir\u2026<\/p>\n<p>Au lendemain de mon retour en France, je suis parti rejoindre mes parents qui sont en vacances au Maroc. L\u00e0-bas, pendant cinq-six jours, j\u2019ai fait des randonn\u00e9es de deux-trois heures tous les jours. Le matin, j\u2019allais courir \u00e0 jeun et le soir, \u00e0 la s\u00e9ance de musculation.<\/p>\n<p>On imagine que vous avez d\u00e9j\u00e0 d\u2019autres id\u00e9es de bikepacking en t\u00eate\u2026<\/p>\n<p>Ce qu\u2019a fait <a href=\"https:\/\/www.letelegramme.fr\/sports\/cyclisme\/toutes-les-infos\/ravito-34-bretagne-japon-a-velo-le-defi-fou-d-erwann-guenneugues-328227.php\" target=\"_blank\" rel=\"noopener\">Erwann Guenneugues<\/a> (depuis la Bretagne, il a ralli\u00e9 le Japon \u00e0 v\u00e9lo) me donne super envie. Traverser tout un continent comme \u00e7a, \u00e7a doit \u00eatre fou. L\u2019an prochain, j\u2019ai d\u00e9j\u00e0 envie de retourner en Asie, j\u2019ai tellement accroch\u00e9.<\/p>\n","protected":false},"excerpt":{"rendered":"\u00a0L\u2019intersaison sans v\u00e9lo, ce n\u2019est pas pour vous\u2026 En fait, je suis parti un mois en Tha\u00eflande, du&hellip;\n","protected":false},"author":2,"featured_media":570589,"comment_status":"","ping_status":"","sticky":false,"template":"","format":"standard","meta":{"footnotes":""},"categories":[1411],"tags":[11,1154,207,3166,1011,27,1781,2427,60],"class_list":{"0":"post-570588","1":"post","2":"type-post","3":"status-publish","4":"format-standard","5":"has-post-thumbnail","7":"category-cyclisme","8":"tag-actualites","9":"tag-cycling","10":"tag-cyclisme","11":"tag-en-continu-sports","12":"tag-fr","13":"tag-france","14":"tag-lorient","15":"tag-professionnels","16":"tag-sports"},"share_on_mastodon":{"url":"https:\/\/pubeurope.com\/@fr\/115643513583950491","error":""},"_links":{"self":[{"href":"https:\/\/www.europesays.com\/fr\/wp-json\/wp\/v2\/posts\/570588","targetHints":{"allow":["GET"]}}],"collection":[{"href":"https:\/\/www.europesays.com\/fr\/wp-json\/wp\/v2\/posts"}],"about":[{"href":"https:\/\/www.europesays.com\/fr\/wp-json\/wp\/v2\/types\/post"}],"author":[{"embeddable":true,"href":"https:\/\/www.europesays.com\/fr\/wp-json\/wp\/v2\/users\/2"}],"replies":[{"embeddable":true,"href":"https:\/\/www.europesays.com\/fr\/wp-json\/wp\/v2\/comments?post=570588"}],"version-history":[{"count":0,"href":"https:\/\/www.europesays.com\/fr\/wp-json\/wp\/v2\/posts\/570588\/revisions"}],"wp:featuredmedia":[{"embeddable":true,"href":"https:\/\/www.europesays.com\/fr\/wp-json\/wp\/v2\/media\/570589"}],"wp:attachment":[{"href":"https:\/\/www.europesays.com\/fr\/wp-json\/wp\/v2\/media?parent=570588"}],"wp:term":[{"taxonomy":"category","embeddable":true,"href":"https:\/\/www.europesays.com\/fr\/wp-json\/wp\/v2\/categories?post=570588"},{"taxonomy":"post_tag","embeddable":true,"href":"https:\/\/www.europesays.com\/fr\/wp-json\/wp\/v2\/tags?post=570588"}],"curies":[{"name":"wp","href":"https:\/\/api.w.org\/{rel}","templated":true}]}}