{"id":570590,"date":"2025-12-01T09:05:13","date_gmt":"2025-12-01T09:05:13","guid":{"rendered":"https:\/\/www.europesays.com\/fr\/570590\/"},"modified":"2025-12-01T09:05:13","modified_gmt":"2025-12-01T09:05:13","slug":"transfert-a-65me-la-decision-surprise-du-psg","status":"publish","type":"post","link":"https:\/\/www.europesays.com\/fr\/570590\/","title":{"rendered":"Transfert \u00e0 65M\u20ac\u00a0: La d\u00e9cision surprise du PSG\u00a0!"},"content":{"rendered":"<p class=\"heading\">Gon\u00e7alo Ramos a connu de meilleures passes depuis son transfert au PSG. L\u2019international portugais nage en plein malaise dans l\u2019effectif de Luis Enrique. Le buteur de 24 ans semble en effet avoir recul\u00e9 dans la hi\u00e9rarchie. Le club de la capitale miserait davantage sur la jeunesse en ce moment, au d\u00e9triment de l\u2019ancien de Benfica.<\/p>\n<p>En d\u00e9barquant au <strong>PSG<\/strong> lors de l\u2019\u00e9t\u00e9 2023, <strong>Gon\u00e7alo Ramos<\/strong> s\u2019attendait sans doute \u00e0 vivre des jours plus heureux. Recrut\u00e9 pour 65M\u20ac, le Portugais n\u2019a jamais vraiment r\u00e9ussi \u00e0 s\u2019imposer dans le onze de <a href=\"https:\/\/le10sport.com\/football\/mercato\/luis-enrique-dit-stop-transfert-confirme-au-psg-766705\" target=\"_blank\" rel=\"noopener\">Luis Enrique<\/a>. Le buteur de 24 ans avait tout de m\u00eame su obtenir le r\u00f4le de supersub, celui sur qui le coach espagnol misait pour d\u00e9bloquer des situations d\u00e9licates en fin de match.<\/p>\n<p>                                            Le PSG privil\u00e9gie la jeunesse \u00e0 Gon\u00e7alo Ramos&#8230;<\/p>\n<p>Mais ces derniers temps, <strong>Gon\u00e7alo Ramos<\/strong> semble avoir perdu ce statut. Comme le rapporte Le Parisien, le<strong> PSG<\/strong> a d\u00e9cid\u00e9 de tabler sur la jeunesse. <strong>Quentin Ndjantou<\/strong> et <strong>Ibrahim Mbaye<\/strong> semblent ainsi \u00eatre pass\u00e9s devant l\u2019ancien de Benfica dans la hi\u00e9rarchie en attaque. Les titis parisiens ont en tout cas \u00e9t\u00e9 pr\u00e9f\u00e9r\u00e9s au Portugais contre l\u2019<strong>AS Monaco<\/strong> ce samedi.<\/p>\n<p>                                            &#8230; qui nage en plein malaise avec Luis Enrique<\/p>\n<p>En l\u2019absence d\u2019<strong>Ousmane Demb\u00e9l\u00e9<\/strong>, le <strong>PSG <\/strong>a plus souvent accord\u00e9 sa confiance \u00e0 <strong>Senny Mayulu <\/strong>au poste de num\u00e9ro 9. <strong>Gon\u00e7alo Ramos <\/strong>n\u2019apparaissait d\u00e9j\u00e0 pas comme un titulaire en puissance aux yeux de <strong>Luis Enrique<\/strong>. Mais en ce moment, la situation se d\u00e9grade pour l\u2019attaquant de 24 ans, qui semble vivre en plein malaise. A suivre&#8230;<\/p>\n","protected":false},"excerpt":{"rendered":"Gon\u00e7alo Ramos a connu de meilleures passes depuis son transfert au PSG. L\u2019international portugais nage en plein malaise&hellip;\n","protected":false},"author":2,"featured_media":570591,"comment_status":"","ping_status":"","sticky":false,"template":"","format":"standard","meta":{"footnotes":""},"categories":[1410],"tags":[63,1011,27,60],"class_list":{"0":"post-570590","1":"post","2":"type-post","3":"status-publish","4":"format-standard","5":"has-post-thumbnail","7":"category-football","8":"tag-football","9":"tag-fr","10":"tag-france","11":"tag-sports"},"share_on_mastodon":{"url":"https:\/\/pubeurope.com\/@fr\/115643516702298916","error":""},"_links":{"self":[{"href":"https:\/\/www.europesays.com\/fr\/wp-json\/wp\/v2\/posts\/570590","targetHints":{"allow":["GET"]}}],"collection":[{"href":"https:\/\/www.europesays.com\/fr\/wp-json\/wp\/v2\/posts"}],"about":[{"href":"https:\/\/www.europesays.com\/fr\/wp-json\/wp\/v2\/types\/post"}],"author":[{"embeddable":true,"href":"https:\/\/www.europesays.com\/fr\/wp-json\/wp\/v2\/users\/2"}],"replies":[{"embeddable":true,"href":"https:\/\/www.europesays.com\/fr\/wp-json\/wp\/v2\/comments?post=570590"}],"version-history":[{"count":0,"href":"https:\/\/www.europesays.com\/fr\/wp-json\/wp\/v2\/posts\/570590\/revisions"}],"wp:featuredmedia":[{"embeddable":true,"href":"https:\/\/www.europesays.com\/fr\/wp-json\/wp\/v2\/media\/570591"}],"wp:attachment":[{"href":"https:\/\/www.europesays.com\/fr\/wp-json\/wp\/v2\/media?parent=570590"}],"wp:term":[{"taxonomy":"category","embeddable":true,"href":"https:\/\/www.europesays.com\/fr\/wp-json\/wp\/v2\/categories?post=570590"},{"taxonomy":"post_tag","embeddable":true,"href":"https:\/\/www.europesays.com\/fr\/wp-json\/wp\/v2\/tags?post=570590"}],"curies":[{"name":"wp","href":"https:\/\/api.w.org\/{rel}","templated":true}]}}