{"id":570594,"date":"2025-12-01T09:07:17","date_gmt":"2025-12-01T09:07:17","guid":{"rendered":"https:\/\/www.europesays.com\/fr\/570594\/"},"modified":"2025-12-01T09:07:17","modified_gmt":"2025-12-01T09:07:17","slug":"ce-mauve-code-annees-80-sera-partout-en-2026-selon-les-designers-comment-lutiliser-chez-vous-sans-transformer-le-salon-en-decor-kitsch","status":"publish","type":"post","link":"https:\/\/www.europesays.com\/fr\/570594\/","title":{"rendered":"Ce mauve cod\u00e9 ann\u00e9es 80 sera partout en 2026 selon les designers : comment l&rsquo;utiliser chez vous sans transformer le salon en d\u00e9cor kitsch"},"content":{"rendered":"<p>Rose d\u00e9lav\u00e9 des salles de bains des ann\u00e9es 80, tapis \u00e0 fleurs,<br \/>\ncanap\u00e9s massifs : pour beaucoup, le mauve reste la couleur des<br \/>\nint\u00e9rieurs dat\u00e9s, coinc\u00e9s entre nostalgie et mauvais souvenir. On<br \/>\nl\u00a0\u00bba rel\u00e9gu\u00e9 au rang de faute de go\u00fbt, loin derri\u00e8re les beiges<br \/>\nrassurants et les verts sauge ultra pr\u00e9sents ces derni\u00e8res ann\u00e9es.<br \/>\nPourtant, dans les bureaux des d\u00e9corateurs et des directeurs<br \/>\nartistiques, une autre histoire est en train de s&rsquo;\u00e9crire.<\/p>\n<p>Les pros de la d\u00e9co parlent d\u00e9j\u00e0 du <strong>mauve<\/strong> comme<br \/>\nde la <strong>couleur mauve tendance 2026<\/strong>, capable de<br \/>\nremplacer un gris ou un greige tout en assumant un clin d&rsquo;\u0153il<br \/>\neighties. Elle coche toutes les cases de notre \u00e9poque : douce mais<br \/>\naffirm\u00e9e, un brin r\u00e9tro, assez subtile pour un salon, assez<br \/>\ngraphique pour un logo ou un site. Reste \u00e0 comprendre comment<br \/>\nutiliser cette <strong>mauve ann\u00e9es 80<\/strong> sans transformer<br \/>\nson salon en d\u00e9cor de soap op\u00e9ra.<\/p>\n<p>Pourquoi le mauve revient en force dans la d\u00e9coration<br \/>\nint\u00e9rieure<\/p>\n<p>Techniquement, le mauve se situe entre le violet et le rose,<br \/>\ndans ces violets gris\u00e9s que les anglo-saxons d\u00e9crivent comme dusty<br \/>\nlilac. Coloriste pour Benjamin Moore, Helen Shaw r\u00e9sume : \u00ab\u00a0Le mauve<br \/>\nest un lilas poudr\u00e9 avec une pointe de rose qui peut apporter un<br \/>\ncharme l\u00e9ger dans n&rsquo;importe quel espace. Sa chaleur douce cr\u00e9e une<br \/>\natmosph\u00e8re sereine et discr\u00e8tement r\u00e9confortante, parfaite pour une<br \/>\nchambre\u00a0\u00bb, explique Helen Shaw, experte couleur chez Benjamin Moore,<br \/>\ncit\u00e9e par Homes &amp; Gardens. D\u00e8s la d\u00e9couverte de la mauv\u00e9ine en<br \/>\n1856, ce violet tendre a connu une premi\u00e8re folie victorienne, puis<br \/>\nun retour massif dans les tissus et papiers peints des ann\u00e9es 80 et<br \/>\n90. Il revient aujourd&rsquo;hui comme un neutre expressif, moins attendu<br \/>\nqu&rsquo;un beige mais tout aussi facile \u00e0 vivre.<\/p>\n<p>Longtemps, ce pass\u00e9 lui a coll\u00e9 \u00e0 la peau : le mauve \u00e9voquait<br \/>\nsurtout le kitsch, ce \u00ab\u00a0mauvais go\u00fbt\u00a0\u00bb que l&rsquo;on fuyait. Mais ce<br \/>\nkitsch est devenu un langage \u00e0 part enti\u00e8re dans le design visuel.<br \/>\nLe magazine \u00c9tapes constate : \u00ab\u00a0Le kitsch est devenu un code<br \/>\nesth\u00e9tique, \u00e0 la fois repoussant et fascinant, imm\u00e9diatement<br \/>\nreconnaissable, hautement diff\u00e9renciant\u00a0\u00bb. Pour beaucoup de<br \/>\ncr\u00e9atifs, rejouer ces codes n&rsquo;est plus une blague mais \u00ab\u00a0Une mani\u00e8re<br \/>\nde se r\u00e9approprier des codes populaires autrefois jug\u00e9s indignes du<br \/>\ndesign s\u00e9rieux\u00a0\u00bb. Autrement dit, le mauve n&rsquo;est plus un accident<br \/>\nchromatique : c&rsquo;est un signe, un clin d&rsquo;\u0153il assum\u00e9 \u00e0 une \u00e9poque et<br \/>\n\u00e0 une culture visuelle.<\/p>\n<p>Mauve ann\u00e9es 80 ou chic contemporain : trouver la bonne<br \/>\nmesure<\/p>\n<p>Ce glissement change notre rapport au bon go\u00fbt. Toujours selon<br \/>\n\u00c9tapes, \u00ab\u00a0Il ne choque plus, il habille. Il ne remet plus en cause,<br \/>\nil devient tendance\u00a0\u00bb. Le magazine parle m\u00eame d'\u00a0\u00bbUne forme de<br \/>\nlangage visuel post-sinc\u00e8re, o\u00f9 le kitsch devient un miroir de<br \/>\nnotre \u00e9poque confuse, hybride, instable\u00a0\u00bb. Mais la fronti\u00e8re reste<br \/>\nfragile : \u00ab\u00a0Reste \u00e0 savoir si le kitsch a encore une capacit\u00e9 de<br \/>\nsubversion, ou s\u2019il n\u2019est plus qu\u2019un effet de mode recycl\u00e9. S\u2019il<br \/>\npermet d\u2019ouvrir des br\u00e8ches, ou s\u2019il se contente d\u2019\u00eatre un<br \/>\nemballage lol pour des projets fades\u00a0\u00bb. On le voit tr\u00e8s bien en<br \/>\nFormule 1 : quand Ferrari ajoute en 2025 un gros logo bleu \u00e0 sa<br \/>\nlivr\u00e9e rouge et jaune, le contraste casse le code couleur<br \/>\nhistorique, l\u00e0 o\u00f9 McLaren ou Aston Martin assument une palette<br \/>\ncoh\u00e9rente d&rsquo;ann\u00e9e en ann\u00e9e. En d\u00e9co comme en branding, le mauve<br \/>\npeut jouer l&rsquo;un ou l&rsquo;autre r\u00f4le.<\/p>\n<p>Pour rester du c\u00f4t\u00e9 chic du spectre, les coloristes recommandent<br \/>\nde traiter le mauve comme un neutre l\u00e9g\u00e8rement color\u00e9, pas comme un<br \/>\naccent criard pos\u00e9 au hasard. \u00ab\u00a0Cherchez \u00e0 regrouper les familles de<br \/>\ncouleurs, en combinant une nuance plus claire comme Iced Mauve<br \/>\n2115-50 avec des gris et des bleus plus froids pour une palette<br \/>\nharmonieuse et fantaisiste. Autrement, ajoutez de la profondeur en<br \/>\ncolor-blockant un mur dans un rose poudr\u00e9 pour compl\u00e9ter le mauve<br \/>\net gardez les plafonds blanc cass\u00e9 pour une ambiance classique et<br \/>\npatrimoniale\u00a0\u00bb, poursuit Helen Shaw. Dans une chambre, la designer<br \/>\nJessica Bennett, d&rsquo;Alice Lane Interior Design, a recouvert murs et<br \/>\nplafond d&rsquo;un taupe violac\u00e9 qu&rsquo;elle d\u00e9crit comme \u00ab\u00a0un neutre infus\u00e9<br \/>\nde mauve qui para\u00eet doux et romantique tout en restant raffin\u00e9.<br \/>\nPour enrichir cette histoire tonale, nous avons superpos\u00e9 des<br \/>\nrideaux coordonn\u00e9s et un tapis vintage qui fait \u00e9cho \u00e0 la palette<br \/>\nde la pi\u00e8ce. Le mobilier et les encadrements de fen\u00eatres sont<br \/>\nrest\u00e9s clairs et neutres, cr\u00e9ant un \u00e9quilibre et emp\u00eachant la<br \/>\ncouleur de submerger l&rsquo;espace\u00a0\u00bb, d\u00e9taille Jessica Bennett dans Homes<br \/>\n&amp; Gardens. L&rsquo;id\u00e9e : envelopper sans \u00e9touffer.<\/p>\n<p>Couleur mauve tendance 2026 : les<br \/>\nbonnes associations et id\u00e9es d\u00e9co<\/p>\n<p>Quand on se demande <strong>quelles couleurs avec le<br \/>\nmauve<\/strong> fonctionnent vraiment dans une couleur mauve d\u00e9co<br \/>\nr\u00e9ussie, les d\u00e9corateurs d&rsquo;int\u00e9rieur misent sur des harmonies<br \/>\nmesur\u00e9es. \u00ab\u00a0Le mauve se marie magnifiquement avec une grande vari\u00e9t\u00e9<br \/>\nde couleurs, il peut donc sembler \u00e0 la fois classique et inattendu<br \/>\nen m\u00eame temps. Ce mauve sombre poss\u00e8de une couche de sophistication<br \/>\nqui semble presque vintage, ce qui ajoute une jolie patine \u00e0 la<br \/>\nsalle \u00e0 manger\u00a0\u00bb, observe Jess Ebert, fondatrice de Four Story<br \/>\nInteriors, dans Homes &amp; Gardens \u00e0 propos d&rsquo;une salle \u00e0 manger<br \/>\nhabill\u00e9e d&rsquo;un mauve profond. Pour un salon plus lumineux, elle-m\u00eame<br \/>\nou d&rsquo;autres designers pr\u00e9f\u00e8rent jouer sur les compl\u00e9mentaires<br \/>\ndouces, en particulier le vert, et quelques duos se d\u00e9tachent :<\/p>\n<ul>\n<li>mauve poudr\u00e9 et verts sauge ou menthe, pour une atmosph\u00e8re<br \/>\napaisante et organique qui incarne la <strong>tendance mauve<br \/>\nd\u00e9co<\/strong> de 2026 ;<\/li>\n<li>mauve et gris perle, r\u00e9chauff\u00e9s par un bois blond, dans un<br \/>\ns\u00e9jour minimal mais chaleureux ;<\/li>\n<li>mauve plus sombre et rose poussi\u00e9reux, pour retrouver l&rsquo;esprit<br \/>\nboudoir des ann\u00e9es 80 sans le c\u00f4t\u00e9 caricatural ;<\/li>\n<li>mauve et jaune pastel en touches tr\u00e8s limit\u00e9es, pour un clin<br \/>\nd&rsquo;\u0153il plus pop.<\/li>\n<\/ul>\n<p>Le vert est d&rsquo;ailleurs l&rsquo;alli\u00e9 pr\u00e9f\u00e9r\u00e9 du mauve dans le s\u00e9jour.<br \/>\n\u00ab\u00a0Nous avons trait\u00e9 cette couleur comme un neutre ; elle n&rsquo;a pas<br \/>\nbesoin de para\u00eetre excessivement f\u00e9minine ou sucr\u00e9e. En l&rsquo;associant<br \/>\nau vert, cela a \u00e9quilibr\u00e9 la douceur et ajout\u00e9 une sensation plus<br \/>\nnaturelle et organique \u00e0 la palette\u00a0\u00bb, raconte la d\u00e9coratrice<br \/>\nAlexandra Kaehler, interrog\u00e9e par Homes &amp; Gardens \u00e0 propos d&rsquo;un<br \/>\nsalon o\u00f9 un canap\u00e9 mauve dialogue avec des murs vert tendre. Dans<br \/>\nun autre projet, \u00ab\u00a0Sa pr\u00e9sence douce et sculpturale non seulement<br \/>\nancre la pi\u00e8ce, mais relie aussi les \u00e9l\u00e9ments plus sombres comme le<br \/>\ntapis et la table basse dans le d\u00e9cor avec une coh\u00e9sion sans<br \/>\neffort. Associ\u00e9 au marbre aux tons ros\u00e9s, l&rsquo;ensemble para\u00eet<br \/>\nintentionnel et \u00e9quilibr\u00e9\u00a0\u00bb, analyse l&rsquo;architecte d&rsquo;int\u00e9rieur<br \/>\nJessica Reynaud, cit\u00e9e par Homes &amp; Gardens, \u00e0 propos d&rsquo;un sofa<br \/>\nvintage mauve. M\u00eame dans un d\u00e9cor tr\u00e8s traditionnel, le r\u00e9sultat<br \/>\nreste subtil : \u00ab\u00a0Cette petite salle d&rsquo;eau fait partie d&rsquo;un cottage<br \/>\nau bord d&rsquo;un lac vieux de 100 ans qui a \u00e9t\u00e9 enti\u00e8rement restaur\u00e9 en<br \/>\n2024. Le mauve, couleur de carrelage populaire il y a un si\u00e8cle,<br \/>\nest devenu le point de d\u00e9part id\u00e9al pour cet espace. Des neutres<br \/>\nsourds sont utilis\u00e9s dans toute la maison pour respecter la<br \/>\np\u00e9riode, et le mauve s&rsquo;int\u00e8gre parfaitement &#8211; en ajoutant une<br \/>\ntouche de couleur subtile\u00a0\u00bb, explique Michael Abrams, de l&rsquo;agence<br \/>\nAbrams Valenti, aupr\u00e8s de Homes &amp; Gardens. Autant de pistes<br \/>\npour glisser une <strong>d\u00e9coration int\u00e9rieure mauve<\/strong> dans<br \/>\nson interrieur sans perdre la main sur le style.<\/p>\n","protected":false},"excerpt":{"rendered":"Rose d\u00e9lav\u00e9 des salles de bains des ann\u00e9es 80, tapis \u00e0 fleurs, canap\u00e9s massifs : pour beaucoup, le&hellip;\n","protected":false},"author":2,"featured_media":570595,"comment_status":"","ping_status":"","sticky":false,"template":"","format":"standard","meta":{"footnotes":""},"categories":[1358],"tags":[930,5734,14062,7495,1348,1384,1385,17488,3530,11543,20,3055,1386,58358,58,3026,59,1011,27,68384,151,68588,68587,13656,6290,4561,15298,6690,10776,4568],"class_list":{"0":"post-570594","1":"post","2":"type-post","3":"status-publish","4":"format-standard","5":"has-post-thumbnail","7":"category-arts-et-design","8":"tag-le","9":"tag-5734","10":"tag-14062","11":"tag-annees","12":"tag-arts","13":"tag-arts-and-design","14":"tag-arts-et-design","15":"tag-ce","16":"tag-chez","17":"tag-code","18":"tag-comment","19":"tag-decor","20":"tag-design","21":"tag-designers","22":"tag-divertissement","23":"tag-en","24":"tag-entertainment","25":"tag-fr","26":"tag-france","27":"tag-kitsch","28":"tag-les","29":"tag-lutiliser","30":"tag-mauve","31":"tag-partout","32":"tag-salon","33":"tag-sans","34":"tag-selon","35":"tag-sera","36":"tag-transformer","37":"tag-vous"},"share_on_mastodon":{"url":"https:\/\/pubeurope.com\/@fr\/115643524235993538","error":""},"_links":{"self":[{"href":"https:\/\/www.europesays.com\/fr\/wp-json\/wp\/v2\/posts\/570594","targetHints":{"allow":["GET"]}}],"collection":[{"href":"https:\/\/www.europesays.com\/fr\/wp-json\/wp\/v2\/posts"}],"about":[{"href":"https:\/\/www.europesays.com\/fr\/wp-json\/wp\/v2\/types\/post"}],"author":[{"embeddable":true,"href":"https:\/\/www.europesays.com\/fr\/wp-json\/wp\/v2\/users\/2"}],"replies":[{"embeddable":true,"href":"https:\/\/www.europesays.com\/fr\/wp-json\/wp\/v2\/comments?post=570594"}],"version-history":[{"count":0,"href":"https:\/\/www.europesays.com\/fr\/wp-json\/wp\/v2\/posts\/570594\/revisions"}],"wp:featuredmedia":[{"embeddable":true,"href":"https:\/\/www.europesays.com\/fr\/wp-json\/wp\/v2\/media\/570595"}],"wp:attachment":[{"href":"https:\/\/www.europesays.com\/fr\/wp-json\/wp\/v2\/media?parent=570594"}],"wp:term":[{"taxonomy":"category","embeddable":true,"href":"https:\/\/www.europesays.com\/fr\/wp-json\/wp\/v2\/categories?post=570594"},{"taxonomy":"post_tag","embeddable":true,"href":"https:\/\/www.europesays.com\/fr\/wp-json\/wp\/v2\/tags?post=570594"}],"curies":[{"name":"wp","href":"https:\/\/api.w.org\/{rel}","templated":true}]}}