{"id":570598,"date":"2025-12-01T09:10:15","date_gmt":"2025-12-01T09:10:15","guid":{"rendered":"https:\/\/www.europesays.com\/fr\/570598\/"},"modified":"2025-12-01T09:10:15","modified_gmt":"2025-12-01T09:10:15","slug":"jean-jacques-goldman-le-refus-categorique-de-m-pokora","status":"publish","type":"post","link":"https:\/\/www.europesays.com\/fr\/570598\/","title":{"rendered":"Jean-Jacques Goldman : le refus cat\u00e9gorique de M. Pokora"},"content":{"rendered":"<p>      R\u00e9sum\u00e9<\/p>\n<p>M. Pokora a obtenu l\u2019accord de Jean-Jacques Goldman pour reprendre son tube, un geste rare qui a marqu\u00e9 leur collaboration et touch\u00e9 profond\u00e9ment le chanteur.<\/p>\n<p>        Sommaire<\/p>\n<p>Figure embl\u00e9matique de la chanson fran\u00e7aise, <a href=\"https:\/\/www.public.fr\/tag\/m-pokora\" target=\"_blank\" rel=\"noopener\"><strong>M. Pokora<\/strong><\/a> a marqu\u00e9 les esprits avec des titres comme Tomb\u00e9, Juste une photo de toi ou Les plan\u00e8tes. <\/p>\n<p>Outre ses propres morceaux, <strong>l&rsquo;artiste a aussi fait mouche gr\u00e2ce \u00e0 des reprises<\/strong>. En 2010, il a d&rsquo;ailleurs conquis les m\u00e9lomanes avec <strong>\u00c0 nos actes manqu\u00e9s de <a href=\"https:\/\/www.public.fr\/tag\/jean-jacques-goldman\" target=\"_blank\" rel=\"noopener\">Jean-Jacques Goldman<\/a><\/strong>. Un tube sur lequel il a souhait\u00e9 revenir lors de son r\u00e9cent passage dans l&rsquo;\u00e9mission de <a href=\"https:\/\/www.public.fr\/tag\/christophe-beaugrand\" target=\"_blank\" rel=\"noopener\">Christophe Beaugrand<\/a> sur <a href=\"https:\/\/www.instagram.com\/mradiofr\/\" target=\"_blank\" rel=\"noreferrer noopener\">M Radio<\/a>. <\/p>\n<p>Loin de vouloir se lancer dans l&rsquo;aventure sans avoir l&rsquo;aval de l&rsquo;artiste, M. Pokora a donc contact\u00e9 Jean-Jacques Goldman avant de poser sa voix sur le c\u00e9l\u00e8bre morceau. <\/p>\n<p>\u00ab\u00a0<strong>Je me disais que je ne sortirais pas une reprise si je n\u2019avais pas une validation du gars \u00e0 l\u2019origine, je n\u2019avais pas envie que \u00e7a le d\u00e9range ou qu\u2019il n\u2019aime pas. Du coup, je lui avais envoy\u00e9 cette version<\/strong>\u00ab\u00a0, a-t-il expliqu\u00e9. \u00ab\u00a0\u00c0 l\u2019\u00e9poque, je n\u2019avais pas encore fait\u00a0les Enfoir\u00e9s, donc je ne le connaissais pas et je ne l\u2019avais jamais crois\u00e9.<strong> J\u2019\u00e9tais stress\u00e9<\/strong> parce que c\u2019est le boss : pour moi, il y a Johnny et lui.\u00a0\u00bb<\/p>\n<p>Par chance, Jean-Jacques Goldman a \u00e9t\u00e9 souffl\u00e9 par la version de M. Pokora. \u00ab\u00a0<strong>Je suis toujours touch\u00e9 de voir mes chansons reprises et la v\u00f4tre me semble fid\u00e8le \u00e0 l\u2019originale, mais en m\u00eame temps actuelle alors je vous souhaite tout le bonheur du monde avec ce titre<\/strong>\u00ab\u00a0, aurait \u00e9crit la l\u00e9gende dans un mail \u00e0 destination du chanteur. <\/p>\n<p>Un souvenir inoubliable pour l&rsquo;artiste<\/p>\n<p>En un rien de temps, <strong>\u00c0 nos actes manqu\u00e9s a rencontr\u00e9 un vif succ\u00e8s sur la sc\u00e8ne musicale<\/strong>. Au point que Jean-Jacques Goldman aurait m\u00eame accept\u00e9 de faire une entorse \u00e0 la r\u00e8gle des Enfoir\u00e9s. <\/p>\n<p>\u00ab\u00a0La r\u00e8gle quand il \u00e9tait aux\u00a0Enfoir\u00e9s, c\u2019\u00e9tait que\u00a0personne n\u2019avait le droit de chanter ses chansons, que ce soit dans le spectacle ou en interlude. Et un jour, il dit \u00e0\u00a0Michael Jones\u00a0: &lsquo;Mais allez chanter tous les deux \u00ab\u00a0\u00c0 nos actes manqu\u00e9s\u00a0\u00bb en interlude.&rsquo; Et l\u00e0, tout le monde bloque et dit : &lsquo;Mais on n\u2019a pas le droit de faire tes chansons.&rsquo; Et il a r\u00e9pondu : &lsquo;Mais <strong>c\u2019est la chanson de Matt maintenant.<\/strong>&lsquo;\u00a0Il a dit \u00e7a et c\u2019\u00e9tait magnifique. Se retrouver \u00e0 chanter \u00ab\u00a0\u00c0 nos actes manqu\u00e9s\u00a0\u00bb avec lui derri\u00e8re, qui regardait sur les \u00e9crans, parce qu\u2019il est toujours tr\u00e8s pudique,\u00a0c\u2019\u00e9tait magnifique !\u00a0\u00bb, s&rsquo;est souvenu M. Pokora. De touchantes r\u00e9v\u00e9lations. <\/p>\n<p>\n          Hits &amp; People en continu\n        <\/p>\n<p>\n          Public Radio\n        <\/p>\n<p>      Mentionn\u00e9s dans cet article<\/p>\n<p>      Sur le m\u00eame sujet<\/p>\n<p>  <script async src=\"\/\/www.instagram.com\/embed.js\"><\/script><\/p>\n","protected":false},"excerpt":{"rendered":"R\u00e9sum\u00e9 M. Pokora a obtenu l\u2019accord de Jean-Jacques Goldman pour reprendre son tube, un geste rare qui a&hellip;\n","protected":false},"author":2,"featured_media":570599,"comment_status":"","ping_status":"","sticky":false,"template":"","format":"standard","meta":{"footnotes":""},"categories":[1355],"tags":[5410,58,59,1011,27,7195,10824,1361,873],"class_list":{"0":"post-570598","1":"post","2":"type-post","3":"status-publish","4":"format-standard","5":"has-post-thumbnail","7":"category-musique","8":"tag-christophe-beaugrand","9":"tag-divertissement","10":"tag-entertainment","11":"tag-fr","12":"tag-france","13":"tag-jean-jacques-goldman","14":"tag-m-pokora","15":"tag-music","16":"tag-musique"},"share_on_mastodon":{"url":"https:\/\/pubeurope.com\/@fr\/115643536283406336","error":""},"_links":{"self":[{"href":"https:\/\/www.europesays.com\/fr\/wp-json\/wp\/v2\/posts\/570598","targetHints":{"allow":["GET"]}}],"collection":[{"href":"https:\/\/www.europesays.com\/fr\/wp-json\/wp\/v2\/posts"}],"about":[{"href":"https:\/\/www.europesays.com\/fr\/wp-json\/wp\/v2\/types\/post"}],"author":[{"embeddable":true,"href":"https:\/\/www.europesays.com\/fr\/wp-json\/wp\/v2\/users\/2"}],"replies":[{"embeddable":true,"href":"https:\/\/www.europesays.com\/fr\/wp-json\/wp\/v2\/comments?post=570598"}],"version-history":[{"count":0,"href":"https:\/\/www.europesays.com\/fr\/wp-json\/wp\/v2\/posts\/570598\/revisions"}],"wp:featuredmedia":[{"embeddable":true,"href":"https:\/\/www.europesays.com\/fr\/wp-json\/wp\/v2\/media\/570599"}],"wp:attachment":[{"href":"https:\/\/www.europesays.com\/fr\/wp-json\/wp\/v2\/media?parent=570598"}],"wp:term":[{"taxonomy":"category","embeddable":true,"href":"https:\/\/www.europesays.com\/fr\/wp-json\/wp\/v2\/categories?post=570598"},{"taxonomy":"post_tag","embeddable":true,"href":"https:\/\/www.europesays.com\/fr\/wp-json\/wp\/v2\/tags?post=570598"}],"curies":[{"name":"wp","href":"https:\/\/api.w.org\/{rel}","templated":true}]}}