{"id":57060,"date":"2025-04-27T15:01:12","date_gmt":"2025-04-27T15:01:12","guid":{"rendered":"https:\/\/www.europesays.com\/fr\/57060\/"},"modified":"2025-04-27T15:01:12","modified_gmt":"2025-04-27T15:01:12","slug":"meurtre-dans-une-mosquee-rassemblement-anti-islamophobie-a-paris-actualites","status":"publish","type":"post","link":"https:\/\/www.europesays.com\/fr\/57060\/","title":{"rendered":"Meurtre dans une mosqu\u00e9e: rassemblement anti-islamophobie \u00e0 Paris : Actualit\u00e9s"},"content":{"rendered":"<p class=\"lead \">Un appel \u00e0 rassemblement \u00ab\u00a0contre l&rsquo;islamophobie\u00a0\u00bb a \u00e9t\u00e9 lanc\u00e9 pour dimanche 18H00 \u00e0 Paris sur les r\u00e9seaux sociaux apr\u00e8s le meurtre d&rsquo;un fid\u00e8le vendredi dans une mosqu\u00e9e du Gard, tandis que plusieurs repr\u00e9sentants religieux ou communautaires ont dit leur effroi devant la \u00ab\u00a0haine anti-musulmane\u00a0\u00bb. <\/p>\n<p class=\"lead \">Le rassemblement pr\u00e9vu place de la R\u00e9publique sera ponctu\u00e9 par une minute de silence en m\u00e9moire de la victime, un jeune homme d&rsquo;une vingtaine d&rsquo;ann\u00e9es. L&rsquo;appel est notamment relay\u00e9 par plusieurs figures de LFI comme Eric Coquerel ou Rima Hassan ou la N.1 des Verts, Marine Tondelier. <\/p>\n<p class=\"lead \">R\u00e9agissant \u00e0 ce drame, Fran\u00e7ois Bayrou a d\u00e9nonc\u00e9 samedi une \u00ab\u00a0ignominie islamophobe\u00a0\u00bb: \u00ab\u00a0Nous sommes avec les proches de la victime, avec les croyants si choqu\u00e9s. Les moyens de l&rsquo;Etat sont mobilis\u00e9s pour que l&rsquo;assassin soit saisi et puni\u00a0\u00bb, a ajout\u00e9 le Premier ministre sur X.<\/p>\n<p class=\"lead \">Le Conseil fran\u00e7ais du culte musulman (CFCM), ex-instance de repr\u00e9sentation de l&rsquo;islam en France, s&rsquo;est dit \u00ab\u00a0horrifi\u00e9\u00a0\u00bb par cet \u00ab\u00a0attentat terroriste anti-musulman\u00a0\u00bb et appelle les musulmans de France \u00e0 \u00ab\u00a0l&rsquo;extr\u00eame vigilance\u00a0\u00bb, selon un communiqu\u00e9. <\/p>\n<p class=\"lead \">Le CFCM, qui fustige \u00ab\u00a0les cons\u00e9quences dramatiques de la banalisation et de la m\u00e9diatisation de la haine antimusulmane\u00a0\u00bb, recommande aux fid\u00e8les de ne pas rester seuls ou isol\u00e9s dans les mosqu\u00e9es. <\/p>\n<p class=\"lead \">Il appelle en outre les pouvoirs publics \u00ab\u00a0\u00e0 d\u00e9clencher imm\u00e9diatement un plan national de protection renforc\u00e9e des lieux de culte musulmans\u00a0\u00bb.<\/p>\n<p class=\"lead \">\u00ab\u00a0Il fait peu de doute que son auteur a \u00e9t\u00e9 motiv\u00e9 par la haine des musulmans. Face aux derni\u00e8res informations r\u00e9v\u00e9l\u00e9es\u00a0\u00bb, a soulign\u00e9 la Grande Mosqu\u00e9e de Paris sur X.<\/p>\n<p class=\"lead \">Celle-ci demande d\u00e9sormais aux autorit\u00e9s  de communiquer au public si la piste terroriste est privil\u00e9gi\u00e9e: \u00ab\u00a0nous devons consid\u00e9rer la dimension et la gravit\u00e9 d\u2019un tel acte, et agir pour la s\u00e9curit\u00e9 de tous\u00a0\u00bb, a-t-elle ajout\u00e9. <\/p>\n<p class=\"lead \">\u00ab\u00a0Profond\u00e9ment choqu\u00e9\u00a0\u00bb, le Mouvement contre le racisme et pour l&rsquo;amiti\u00e9 entre les peuples (Mrap) a d\u00e9nonc\u00e9 un acte \u00ab\u00a0raciste\u00a0\u00bb qui \u00ab\u00a0s\u2019inscrit dans un climat de haine amplifi\u00e9 par le silence des responsables politiques, quand il ne sont pas eux-m\u00eames \u00e0 l\u2019origine d&rsquo;une stigmatisation inadmissible d\u2019une partie de la population\u00a0\u00bb.<\/p>\n<p class=\"lead \">Le ministre de l&rsquo;Int\u00e9rieur Bruno Retailleau a annonc\u00e9 dimanche qu&rsquo;il se rendait dans l\u2019apr\u00e8s-midi dans le Gard.<\/p>\n<p class=\"lead \">\u00ab\u00a0L&rsquo;assassinat d&rsquo;un fid\u00e8le dans une mosqu\u00e9e est un crime ignoble qui doit r\u00e9vulser le coeur de tous les Fran\u00e7ais\u00a0\u00bb, a \u00e9galement r\u00e9agi le Conseil repr\u00e9sentatif des institutions juives de France (Crif).<\/p>\n<p class=\"lead \">Le d\u00e9l\u00e9gu\u00e9 national de la Conf\u00e9rence des \u00e9v\u00eaques de France, Jean-Fran\u00e7ois Bour a dit sur X condamner \u00ab\u00a0fermement l&rsquo;assassinat\u00a0\u00bb. \u00ab\u00a0Une r\u00e9ponse ferme \u00e0 la haine anti-musulmane est urgente!\u00a0\u00bb, a-t-il soulign\u00e9.<\/p>\n<p class=\"lead \">Vendredi, le suspect toujours en fuite avait port\u00e9 des dizaines de coups de couteau \u00e0 un jeune homme en train de prier, dans la mosqu\u00e9e de la petite commune gardoise de La Grand-Combe. Puis il avait film\u00e9 sa victime agonisante avec son t\u00e9l\u00e9phone portable, en r\u00e9p\u00e9tant \u00e0 deux reprises: \u00ab\u00a0Je l&rsquo;ai fait (&#8230;), ton Allah de merde\u00a0\u00bb, a appris l&rsquo;AFP d&rsquo;une source proche du dossier. <\/p>\n<p class=\"small font-weight-bold text-gray3 \"> publi\u00e9 le 27 avril \u00e0 14h57, AFP<\/p>\n<p>                             Partager<\/p>\n","protected":false},"excerpt":{"rendered":"Un appel \u00e0 rassemblement \u00ab\u00a0contre l&rsquo;islamophobie\u00a0\u00bb a \u00e9t\u00e9 lanc\u00e9 pour dimanche 18H00 \u00e0 Paris sur les r\u00e9seaux sociaux&hellip;\n","protected":false},"author":2,"featured_media":57061,"comment_status":"","ping_status":"","sticky":false,"template":"","format":"standard","meta":{"footnotes":""},"categories":[1888],"tags":[1111,1928,11,1927,1769,1777,674,1011,27,2683,5318,2088,12,1926,626,1925,4020,25],"class_list":{"0":"post-57060","1":"post","2":"type-post","3":"status-publish","4":"format-standard","5":"has-post-thumbnail","7":"category-paris","8":"tag-actu","9":"tag-actu-paris","10":"tag-actualites","11":"tag-actualites-paris","12":"tag-enqute","13":"tag-eu","14":"tag-europe","15":"tag-fr","16":"tag-france","17":"tag-homicide","18":"tag-islam","19":"tag-manifestation","20":"tag-news","21":"tag-news-paris","22":"tag-paris","23":"tag-paris-news","24":"tag-religion","25":"tag-republique-francaise"},"share_on_mastodon":{"url":"https:\/\/pubeurope.com\/@fr\/114410532577881366","error":""},"_links":{"self":[{"href":"https:\/\/www.europesays.com\/fr\/wp-json\/wp\/v2\/posts\/57060","targetHints":{"allow":["GET"]}}],"collection":[{"href":"https:\/\/www.europesays.com\/fr\/wp-json\/wp\/v2\/posts"}],"about":[{"href":"https:\/\/www.europesays.com\/fr\/wp-json\/wp\/v2\/types\/post"}],"author":[{"embeddable":true,"href":"https:\/\/www.europesays.com\/fr\/wp-json\/wp\/v2\/users\/2"}],"replies":[{"embeddable":true,"href":"https:\/\/www.europesays.com\/fr\/wp-json\/wp\/v2\/comments?post=57060"}],"version-history":[{"count":0,"href":"https:\/\/www.europesays.com\/fr\/wp-json\/wp\/v2\/posts\/57060\/revisions"}],"wp:featuredmedia":[{"embeddable":true,"href":"https:\/\/www.europesays.com\/fr\/wp-json\/wp\/v2\/media\/57061"}],"wp:attachment":[{"href":"https:\/\/www.europesays.com\/fr\/wp-json\/wp\/v2\/media?parent=57060"}],"wp:term":[{"taxonomy":"category","embeddable":true,"href":"https:\/\/www.europesays.com\/fr\/wp-json\/wp\/v2\/categories?post=57060"},{"taxonomy":"post_tag","embeddable":true,"href":"https:\/\/www.europesays.com\/fr\/wp-json\/wp\/v2\/tags?post=57060"}],"curies":[{"name":"wp","href":"https:\/\/api.w.org\/{rel}","templated":true}]}}