{"id":570606,"date":"2025-12-01T09:14:20","date_gmt":"2025-12-01T09:14:20","guid":{"rendered":"https:\/\/www.europesays.com\/fr\/570606\/"},"modified":"2025-12-01T09:14:20","modified_gmt":"2025-12-01T09:14:20","slug":"les-plus-belles-photos-dune-envoutante-soiree-hors-du-temps","status":"publish","type":"post","link":"https:\/\/www.europesays.com\/fr\/570606\/","title":{"rendered":"les plus belles photos d\u2019une envo\u00fbtante soir\u00e9e hors du temps"},"content":{"rendered":"<p>\n    <strong>EN IMAGES<\/strong> \u2013 La c\u00e9r\u00e9monie du Bal des d\u00e9butantes s\u2019est tenue, ce samedi 29 novembre, dans le cadre f\u00e9erique du Shangri-La Paris. 19 jeunes filles tri\u00e9es sur le volet ont fait leur entr\u00e9e dans le monde de la couture et des m\u00e9dias.<\/p>\n<p class=\"fig-paragraph\">Les d\u00e9corations de No\u00ebl fra\u00eechement install\u00e9es apportaient une touche de f\u00e9erie suppl\u00e9mentaire \u00e0 cette \u00e9tonnamment douce soir\u00e9e de novembre. Ce samedi, le Shangri-La Paris accueillait la traditionnelle c\u00e9r\u00e9monie du Bal des d\u00e9butantes, au cours de laquelle 19 jeunes filles, \u00e2g\u00e9es de 17 \u00e0 21 ans, se sont pr\u00e9sent\u00e9es au monde, aux bras de leurs cavaliers. Annonc\u00e9e par\u00a0<a href=\"https:\/\/madame.lefigaro.fr\/tag\/stephane-bern\" target=\"_blank\" data-fig-type=\"Keyword\" rel=\"sponsored noopener\" data-gtm-custom-categorie=\"navigation\" data-gtm-custom-action=\"crossclick\" data-gtm-custom-label=\"Contextuel\" data-gtm-event=\"customEventSPE\" data-fig-domain=\"MADAME\">St\u00e9phane Bern<\/a>, chacune s\u2019est ainsi avanc\u00e9e sous les ors du palace de l\u2019avenue d\u2019I\u00e9na, dans une robe haute couture et des parures du joaillier V Muse.<\/p>\n<p class=\"fig-paragraph\">Dans une ambiance \u00e9lectrique, on a pu faire notamment la connaissance de la princesse Eulalia d\u2019Orl\u00e9ans Bourbon, dans une robe joliment d\u00e9collet\u00e9e \u00e0 motifs argent\u00e9s sign\u00e9e Tony Ward Couture ; de Carolina Lansing, petite-fille de la styliste v\u00e9n\u00e9zu\u00e9lienne Carolina Herrera, qui a opt\u00e9 pour une fabuleuse cr\u00e9ation de sa grand-m\u00e8re \u00e0 pois blancs et noirs ; de Jos\u00e9phine Haas, dans une robe spectaculaire blanc et or de la cr\u00e9atrice de mode chinoise Guo Pei ; d\u2019Alice Wang, la fille de Chuanfu Wang et de Stella Li, en Vera Wang ; Lady Araminta Spencer-Churchill, fille du 12e duc de Marlborough, a capt\u00e9 les regards dans une fluide cr\u00e9ation \u00e0 dentelle Giorgio Armani Priv\u00e9 ; Bronwyn Vance, fille de l\u2019actrice et r\u00e9alisatrice am\u00e9ricaine Angela Basset et de l\u2019acteur Courtney B. Vance a apport\u00e9 une touche de glamour hollywoodien. Elle est arriv\u00e9e dans une sublime robe St\u00e9phane Rolland Haute Couture blanche \u00e0 motifs floraux dor\u00e9s au bras de son fr\u00e8re jumeau, Slater.<\/p>\n<p class=\"fig-body-link&#10;    \">\n            \u00c0 lire aussi<br \/>\n        <a class=\"fig-body-link__link\" href=\"http:\/\/madame.lefigaro.fr\/style\/news\/entre-reve-et-feerie-les-19-jeunes-filles-du-bal-des-debutantes-2025-devoilees-20251115\" data-fig-type=\"Article\" data-gtm-custom-categorie=\"navigation\" data-gtm-custom-action=\"crossclick\" data-gtm-custom-label=\"Contextuel\" data-gtm-event=\"customEventSPE\" data-fig-domain=\"MADAME\" target=\"_blank\" rel=\"noopener\"><br \/>\n        Entre r\u00eave et f\u00e9erie\u00a0: qui sont les 19 jeunes filles du Bal des d\u00e9butantes 2025\u00a0?<\/a>\n<\/p>\n<p>                                                                <a class=\"fig-a11y-skip\" href=\"#fig-a11y-skip-main-inarticle\" data-module=\"a11y-skip\" data-context=\"was @visible\"><br \/>\n    Passer la publicit\u00e9<br \/>\n<\/a>            <\/p>\n<p>                                                                La valse du c\u0153ur<\/p>\n<p class=\"fig-paragraph\">La pr\u00e9sentation des d\u00e9butantes s\u2019est suivie d\u2019un agr\u00e9able d\u00eener et du fameux Bal. Les d\u00e9butantes ont commenc\u00e9 par une valse avec leurs p\u00e8res, avant de tourner sur la piste au bras de leurs cavaliers en habits. Dans les verres, le champagne ros\u00e9 Laurent Perrier p\u00e9tillait gaiement.<\/p>\n<p class=\"fig-paragraph\">La soir\u00e9e a permis de r\u00e9colter des fonds pour l\u2019Association pour la recherche en cardiologie du f\u0153tus \u00e0 l\u2019adulte (Arcfa) et de son homologue new-yorkaise, le Maria Fareri Children\u2019s Hospital. Cr\u00e9\u00e9e au sein de l\u2019h\u00f4pital Necker-Enfants malades, l\u2019Arcfa a pour but d\u2019am\u00e9liorer la qualit\u00e9 des soins donn\u00e9s aux enfants ayant des malformations et des maladies cardiaques. Une soir\u00e9e sous le signe du c\u0153ur.<\/p>\n","protected":false},"excerpt":{"rendered":"EN IMAGES \u2013 La c\u00e9r\u00e9monie du Bal des d\u00e9butantes s\u2019est tenue, ce samedi 29 novembre, dans le cadre&hellip;\n","protected":false},"author":2,"featured_media":570607,"comment_status":"","ping_status":"","sticky":false,"template":"","format":"standard","meta":{"footnotes":""},"categories":[8],"tags":[68477,58,59,1011,27,68589,15830,44035],"class_list":{"0":"post-570606","1":"post","2":"type-post","3":"status-publish","4":"format-standard","5":"has-post-thumbnail","7":"category-divertissement","8":"tag-bal-des-debutantes","9":"tag-divertissement","10":"tag-entertainment","11":"tag-fr","12":"tag-france","13":"tag-guide-cadeaux","14":"tag-noel","15":"tag-palace"},"share_on_mastodon":{"url":"https:\/\/pubeurope.com\/@fr\/115643551960619443","error":""},"_links":{"self":[{"href":"https:\/\/www.europesays.com\/fr\/wp-json\/wp\/v2\/posts\/570606","targetHints":{"allow":["GET"]}}],"collection":[{"href":"https:\/\/www.europesays.com\/fr\/wp-json\/wp\/v2\/posts"}],"about":[{"href":"https:\/\/www.europesays.com\/fr\/wp-json\/wp\/v2\/types\/post"}],"author":[{"embeddable":true,"href":"https:\/\/www.europesays.com\/fr\/wp-json\/wp\/v2\/users\/2"}],"replies":[{"embeddable":true,"href":"https:\/\/www.europesays.com\/fr\/wp-json\/wp\/v2\/comments?post=570606"}],"version-history":[{"count":0,"href":"https:\/\/www.europesays.com\/fr\/wp-json\/wp\/v2\/posts\/570606\/revisions"}],"wp:featuredmedia":[{"embeddable":true,"href":"https:\/\/www.europesays.com\/fr\/wp-json\/wp\/v2\/media\/570607"}],"wp:attachment":[{"href":"https:\/\/www.europesays.com\/fr\/wp-json\/wp\/v2\/media?parent=570606"}],"wp:term":[{"taxonomy":"category","embeddable":true,"href":"https:\/\/www.europesays.com\/fr\/wp-json\/wp\/v2\/categories?post=570606"},{"taxonomy":"post_tag","embeddable":true,"href":"https:\/\/www.europesays.com\/fr\/wp-json\/wp\/v2\/tags?post=570606"}],"curies":[{"name":"wp","href":"https:\/\/api.w.org\/{rel}","templated":true}]}}