{"id":570610,"date":"2025-12-01T09:16:13","date_gmt":"2025-12-01T09:16:13","guid":{"rendered":"https:\/\/www.europesays.com\/fr\/570610\/"},"modified":"2025-12-01T09:16:13","modified_gmt":"2025-12-01T09:16:13","slug":"le-marche-automobile-francais-victime-de-lattentisme-les-electriques-en-force-boursorama","status":"publish","type":"post","link":"https:\/\/www.europesays.com\/fr\/570610\/","title":{"rendered":"Le march\u00e9 automobile fran\u00e7ais victime de l&#039;attentisme, les \u00e9lectriques en force &#8211; Boursorama"},"content":{"rendered":"<ol>\n<li><a href=\"https:\/\/news.google.com\/rss\/articles\/CBMi_wFBVV95cUxNWjdqZFowdWFlOWVxY3liOGJSQThoU2R2bHBGWjRTOWZEYUhhbG84TGV5VDZOS2xCX0E2d2k2TC1vOGlGaHVtRERKS3FMdEUtb092TVhteWZpY0EteDJCWS1tN20zMDlSQTJ2bENELUtJOVdBYWVLSkRKd0R6b3otTlNmbWdiV193QldKOXN5WHBENmpfaEVQM3IyTUZtUURRaklGNkl5RE9FWnRCRmVBUDlvN2JFbmcwejRNSWJYRzU3ZlZhVWlKcmstMjV5Q3JuaElxbTZ6MUJEcnhFWm1HMTU5Z05vZkhWYzBnSDNNb1h6WFBTRHR4N2xHUzFsTWvSAYQCQVVfeXFMTlFqeGJyYkpsWElIeDd4T0wweEpiS0MyYnJNRmdvSmJXeHpRdlAyc0NrMG9WSkxValdVRTVDazFRbVFiOTlRMDhOVmhGU1NYQTQ4Mk1FX1dpaGJCcTUxemphcU1oTUdWbkFFX250U0dNUDlTVkN3M3lGQ1U3NHZ5Q1J1aGkteDVRMlBlSXlnSVA2QmprWGM1QllRWG1IcFBuMnZ0YTU5Mjl2akZNVmJEY1lueEc0cXRlU2FtSGVSbnJSTm5mcGNLQnZSam55enJRRy1LT1RZYjVmUEUzbkhPd1BmUWVfdkJmYXdBUkprNXhqQU5rQnU2czVTeU4tU2p0MDhQZWg?oc=5\" target=\"_blank\" rel=\"noopener\">Le march\u00e9 automobile fran\u00e7ais victime de l&rsquo;attentisme, les \u00e9lectriques en force<\/a>&nbsp;&nbsp;Boursorama<\/li>\n<li><a href=\"https:\/\/news.google.com\/rss\/articles\/CBMi4AFBVV95cUxOd182QzlKUWRMWTNwQXBvbHZTYkpPSzA0NUNLbFQzMVQwWFVNT0hjUHJidWNjWkVCUVgtb2pPcDFEUHVwY2tPMDNyMFhBUDZzMUl2TUtKZmxuNVVMRk9Tb05oMkNLUTVqUHltNGdpOWF1dVBhQnA5c2VEd1lCeFZoZWNyencyN0Z6WmJneUpZSFpkSk1yZlFQZlJZaGxvZ0hKQjZGdkgtTkhzV2w0eXdDMVU3OGVSZnN5S0c1QUs4d2kxOWJreDVkbWVRZUhHU2NFY3JPNndTS29IZmpoeHUxdA?oc=5\" target=\"_blank\" rel=\"noopener\">Les voitures \u00e9lectriques franchissent pour la premi\u00e8re fois le seuil de 25 % des ventes<\/a>&nbsp;&nbsp;Les Echos<\/li>\n<li><a href=\"https:\/\/news.google.com\/rss\/articles\/CBMizAFBVV95cUxPUkc1V1VVbWl0MENEV3ZyTkVIa0s5bWdUcXRwOUZpaEdsdm9lVHBxQXFVT3o3NUIzRDNsRWhZbHRWblVZeWFWRmR2dkZqdE8tc2draE1YZWt4RGJqNVloUXdPbWl2QTNHWmRZblV3Ti0yQUVmTGttNzlld25wVkZiSnpleU9zRm1MLUtheDIyaDdsZTFpdkFiYzhJOEV1V2Q1cnd2aEFQZFNIb3RheF8xWUpONTg2SUR1T2FzR3V0M29oZFV5UGdoQkxueXg?oc=5\" target=\"_blank\" rel=\"noopener\">Les voitures \u00e9lectriques d\u00e9passent le quart des immatriculations en France<\/a>&nbsp;&nbsp;20 Minutes<\/li>\n<li><a href=\"https:\/\/news.google.com\/rss\/articles\/CBMitAFBVV95cUxQSjdtSmc5d1pNTHM5VnlVQVliVnA2dlIyNWxKNkk2c2dOQ3ZrT1JVZ282V0NVUE1sbjNjbVJjVVVxWGwtMVVkc3dQczFCNXdXRzZKbE1ob0pyeUttb2REbTdNRlBTWUlyU1FkS1Q2NnJqT2h1clNQeVJBQTI2TWdvemdCUVZGMDdydmlNNmNrN0U5SHNLLXVSYlRHMGpYc2MyY3Q3RzctTDRGekxYM1l2aU5FWV8?oc=5\" target=\"_blank\" rel=\"noopener\">Automobile : Renault s&rsquo;est encore distingu\u00e9 en novembre<\/a>&nbsp;&nbsp;Boursier.com<\/li>\n<li><a href=\"https:\/\/news.google.com\/rss\/articles\/CBMiwAFBVV95cUxOcFpwVUxzU3hGOUh1VExoUi1GR2pSVXFVaEh6ZlMtTjdyZkYzazZzMDVXYlZZWXQyWWQ5RFVCVnNTcV9rS1h5UE9sS2docGloM0pwdVoxSzdGeVhybkhJV2hGOVRHdUFPQ05jd3MtTlViRS00NkxqNkNnVi1jRm5lM0FOWHdLN0l1VHNyd3M0TG40UDJBa2tDay0tNGpUSFh1Zi1mREx4ckNsZW9hMUlrdVFmM2xXbkFObmFYSkFwRlY?oc=5\" target=\"_blank\" rel=\"noopener\">March\u00e9 auto : nouveau record pour la Renault 5 \u00e9lectrique, le Tesla Model Y d\u00e9\u00e7oit<\/a>&nbsp;&nbsp;Automobile Propre<\/li>\n<\/ol>\n","protected":false},"excerpt":{"rendered":"Le march\u00e9 automobile fran\u00e7ais victime de l&rsquo;attentisme, les \u00e9lectriques en force&nbsp;&nbsp;Boursorama Les voitures \u00e9lectriques franchissent pour la premi\u00e8re&hellip;\n","protected":false},"author":2,"featured_media":395849,"comment_status":"","ping_status":"","sticky":false,"template":"","format":"standard","meta":{"footnotes":""},"categories":[6],"tags":[35,33,34,1011,27],"class_list":{"0":"post-570610","1":"post","2":"type-post","3":"status-publish","4":"format-standard","5":"has-post-thumbnail","7":"category-economie","8":"tag-business","9":"tag-economie","10":"tag-economy","11":"tag-fr","12":"tag-france"},"share_on_mastodon":{"url":"https:\/\/pubeurope.com\/@fr\/115643560229720314","error":""},"_links":{"self":[{"href":"https:\/\/www.europesays.com\/fr\/wp-json\/wp\/v2\/posts\/570610","targetHints":{"allow":["GET"]}}],"collection":[{"href":"https:\/\/www.europesays.com\/fr\/wp-json\/wp\/v2\/posts"}],"about":[{"href":"https:\/\/www.europesays.com\/fr\/wp-json\/wp\/v2\/types\/post"}],"author":[{"embeddable":true,"href":"https:\/\/www.europesays.com\/fr\/wp-json\/wp\/v2\/users\/2"}],"replies":[{"embeddable":true,"href":"https:\/\/www.europesays.com\/fr\/wp-json\/wp\/v2\/comments?post=570610"}],"version-history":[{"count":0,"href":"https:\/\/www.europesays.com\/fr\/wp-json\/wp\/v2\/posts\/570610\/revisions"}],"wp:featuredmedia":[{"embeddable":true,"href":"https:\/\/www.europesays.com\/fr\/wp-json\/wp\/v2\/media\/395849"}],"wp:attachment":[{"href":"https:\/\/www.europesays.com\/fr\/wp-json\/wp\/v2\/media?parent=570610"}],"wp:term":[{"taxonomy":"category","embeddable":true,"href":"https:\/\/www.europesays.com\/fr\/wp-json\/wp\/v2\/categories?post=570610"},{"taxonomy":"post_tag","embeddable":true,"href":"https:\/\/www.europesays.com\/fr\/wp-json\/wp\/v2\/tags?post=570610"}],"curies":[{"name":"wp","href":"https:\/\/api.w.org\/{rel}","templated":true}]}}